{"id":305066,"date":"2025-08-08T12:26:10","date_gmt":"2025-08-08T12:26:10","guid":{"rendered":"https:\/\/www.europesays.com\/fr\/305066\/"},"modified":"2025-08-08T12:26:10","modified_gmt":"2025-08-08T12:26:10","slug":"atp-jimmy-connors-a-peur-pour-djokovic-une-chose-minquiete-concernant-novak","status":"publish","type":"post","link":"https:\/\/www.europesays.com\/fr\/305066\/","title":{"rendered":"ATP > Jimmy Connors a peur pour Djokovic : \u00ab Une chose m&rsquo;inqui\u00e8te concernant Novak \u00bb"},"content":{"rendered":"<p>Novak Djokovic g\u00e8re de plus en plus son calen\u00addrier, et parti\u00adcipe d\u00e9sor\u00admais \u00e0 tr\u00e8s peu de tour\u00adnois. D\u00e9j\u00e0 forfait \u00e0 Toronto, <a href=\"https:\/\/www.welovetennis.fr\/atp\/atp-cincinnati\/la-decision-tres-surprenante-de-novak-djokovic-avant-lus-open\" data-wpel-link=\"internal\" rel=\"nofollow noopener\" target=\"_blank\">le Serbe ne jouera \u00e9gale\u00adment pas \u00e0 Cincinnati<\/a>.<\/p>\n<p>Et m\u00eame si <a href=\"https:\/\/www.welovetennis.fr\/atp\/jimmy-connors-categorique-au-sujet-de-novak-djokovic-sil-veut-ameliorer-son-jeu-et-remporter-lus-open-cest-ce-quil-doit-faire\" data-wpel-link=\"internal\" rel=\"nofollow noopener\" target=\"_blank\">le fait de ne pas trop s\u2019\u00e9puiser \u00e9tait pr\u00f4n\u00e9 par Jimmy Connors<\/a>, le cham\u00adpion Am\u00e9ricain reste dubi\u00adtatif quant \u00e0 la d\u00e9ci\u00adsion de Djokovic de ne parti\u00adciper \u00e0 aucun tournoi sur dur avant l\u2019US Open, ce qui pour\u00adrait compro\u00admettre ses chances \u00e0 New\u00a0York.<\/p>\n<p><strong>\u00ab\u202fUne chose m\u2019in\u00adqui\u00e8te concer\u00adnant Novak Djokovic. Il n\u2019a pas encore de match sur dur \u00e0 son actif. J\u2019aurais aim\u00e9 qu\u2019il vienne \u00e0 Cincinnati et ait deux ou trois adver\u00adsaires \u00e0 affronter. On ne sait pas \u00e0 quoi s\u2019at\u00adtendre de sa part. Il a fait un superbe Wimbledon. Il a atteint les demi\u2010finales, mais il s\u2019est inclin\u00e9 en trois sets. Apr\u00e8s cela, il est parti en vacances pendant pr\u00e8s d\u2019un mois et demi avec sa famille. On verra bien. Tout ce que je sais, c\u2019est qu\u2019on ne peut jamais faire table rase du meilleur de l\u2019histoire.\u202f\u00bb<\/strong><\/p>\n<p class=\"post-published-date\" style=\"color: silver; font-size: 75%; text-align: left;\">Publi\u00e9 le vendredi 8 ao\u00fbt 2025 \u00e0 12:46<\/p>\n","protected":false},"excerpt":{"rendered":"Novak Djokovic g\u00e8re de plus en plus son calen\u00addrier, et parti\u00adcipe d\u00e9sor\u00admais \u00e0 tr\u00e8s peu de tour\u00adnois. D\u00e9j\u00e0&hellip;\n","protected":false},"author":2,"featured_media":305067,"comment_status":"","ping_status":"","sticky":false,"template":"","format":"standard","meta":{"footnotes":""},"categories":[1415],"tags":[11582,105,1011,27,60,1467],"class_list":{"0":"post-305066","1":"post","2":"type-post","3":"status-publish","4":"format-standard","5":"has-post-thumbnail","7":"category-tennis","8":"tag-connors","9":"tag-djokovic","10":"tag-fr","11":"tag-france","12":"tag-sports","13":"tag-tennis"},"share_on_mastodon":{"url":"","error":""},"_links":{"self":[{"href":"https:\/\/www.europesays.com\/fr\/wp-json\/wp\/v2\/posts\/305066","targetHints":{"allow":["GET"]}}],"collection":[{"href":"https:\/\/www.europesays.com\/fr\/wp-json\/wp\/v2\/posts"}],"about":[{"href":"https:\/\/www.europesays.com\/fr\/wp-json\/wp\/v2\/types\/post"}],"author":[{"embeddable":true,"href":"https:\/\/www.europesays.com\/fr\/wp-json\/wp\/v2\/users\/2"}],"replies":[{"embeddable":true,"href":"https:\/\/www.europesays.com\/fr\/wp-json\/wp\/v2\/comments?post=305066"}],"version-history":[{"count":0,"href":"https:\/\/www.europesays.com\/fr\/wp-json\/wp\/v2\/posts\/305066\/revisions"}],"wp:featuredmedia":[{"embeddable":true,"href":"https:\/\/www.europesays.com\/fr\/wp-json\/wp\/v2\/media\/305067"}],"wp:attachment":[{"href":"https:\/\/www.europesays.com\/fr\/wp-json\/wp\/v2\/media?parent=305066"}],"wp:term":[{"taxonomy":"category","embeddable":true,"href":"https:\/\/www.europesays.com\/fr\/wp-json\/wp\/v2\/categories?post=305066"},{"taxonomy":"post_tag","embeddable":true,"href":"https:\/\/www.europesays.com\/fr\/wp-json\/wp\/v2\/tags?post=305066"}],"curies":[{"name":"wp","href":"https:\/\/api.w.org\/{rel}","templated":true}]}}