{"id":305068,"date":"2025-08-08T12:28:13","date_gmt":"2025-08-08T12:28:13","guid":{"rendered":"https:\/\/www.europesays.com\/fr\/305068\/"},"modified":"2025-08-08T12:28:13","modified_gmt":"2025-08-08T12:28:13","slug":"ducati-konnte-hondas-rekord-in-japan-einstellen","status":"publish","type":"post","link":"https:\/\/www.europesays.com\/fr\/305068\/","title":{"rendered":"Ducati k\u00f6nnte Hondas Rekord in Japan einstellen"},"content":{"rendered":"<p class=\"gt-block\">Die 2025-Saison von <a href=\"https:\/\/www.autohebdo.de\/Nachrichten\/MotoGP\" data-internallinksmanager029f6b8e52c=\"4\" title=\"MotoGP\" rel=\"nofollow noopener\" target=\"_blank\">MotoGP<\/a> begann f\u00fcr Ducati im Zeichen der Kontinuit\u00e4t, und das Unternehmen sammelt weiterhin regelm\u00e4\u00dfig Erfolge. Selbst wenn der Sieg ausbleibt, wie zweimal in Frankreich und dann in Gro\u00dfbritannien, sind die Fahrer der italienischen Marke nie weit weg.<\/p>\n<p>Nach dem Gro\u00dfen Preis von Tschechien erh\u00f6hte Borgo Panigale seine Zahl an Podiumspl\u00e4tzen in Folge auf 78. Ein absoluter Rekord in der MotoGP-\u00c4ra &#8230; aber noch nie in der Geschichte des Grand Prix. In der Weltmeisterschaft baute Ducati seinen Rekord mit jedem Rennen aus und vergr\u00f6\u00dferte seinen Vorsprung vor allen anderen Herstellern au\u00dfer einem: Honda.<\/p>\n<p>Die japanische Marke selbst hatte mit einer Serie von 83 Podestpl\u00e4tzen in Folge zwischen dem FIM GP 1993 und Imola 1999 einen Pr\u00e4zedenzfall geschaffen. Seit fast f\u00fcnf Jahren hat Ducati keinen einzigen Podestplatz verpasst und k\u00f6nnte nun sogar mit Honda auf dem besten Platz gleichziehen.<\/p>\n<p>Wenn Borgo Panigale seinen Lauf in der zweiten Saisonh\u00e4lfte fortsetzt, k\u00f6nnte der italienische Hersteller im japanischen Motegi, auf Hondas Heimstrecke, seinen 83. Podestplatz in Folge einfahren und k\u00f6nnte dann beim Rennen in Indonesien die F\u00fchrung \u00fcbernehmen.<\/p>\n<p class=\"gt-block my-0 py-2 [&amp;_strong:has(+br)]:inline-block [&amp;_strong:has(+br)]:pb-2\">Ducatis Dominanz ist jedoch nicht ohne Schw\u00e4chen. In Gro\u00dfbritannien w\u00e4re diese Serie von Podiumspl\u00e4tzen in diesem Jahr beinahe gerissen. Marco Bezzecchi erbte den Sieg vor Johann Zarco und Marc M\u00e1rquez, allerdings ohne den Ausfall von <a href=\"https:\/\/www.autohebdo.de\/Nachrichten\/Etikett\/Fabio-Quartararo\" data-internallinksmanager029f6b8e52c=\"15\" title=\"fabio quartaro\" rel=\"nofollow noopener\" target=\"_blank\">fabio quartaro<\/a>, der zehn Runden lang in F\u00fchrung lag, h\u00e4tte der Spanier den Rest der italienischen Serie wahrscheinlich nicht mehr retten k\u00f6nnen.<\/p>\n<p><a href=\"https:\/\/www.europesays.com\/fr\/wp-content\/uploads\/2025\/08\/200150747_WJ444020_UC831140_High.jpg\" data-lbwps-width=\"1499\" data-lbwps-height=\"1000\" data-lbwps-srcsmall=\"https:\/\/www.autohebdo.fr\/app\/uploads\/2025\/08\/200150747_WJ444020_UC831140_High-300x200.jpg\"><img fetchpriority=\"high\" decoding=\"async\" aria-describedby=\"caption-attachment-626417\" class=\"wp-image-626417\" src=\"https:\/\/www.europesays.com\/fr\/wp-content\/uploads\/2025\/08\/200150747_WJ444020_UC831140_High.jpg\" alt=\"Ducati\" width=\"665\" height=\"444\"  \/><\/a><\/p>\n<p id=\"caption-attachment-626417\" class=\"wp-caption-text\">\u00a9 Ducati Corse<\/p>\n<p>Das letzte Rennen ohne Ducati-Podium?<\/p>\n<p class=\"gt-block\">Wir m\u00fcssen eigentlich bis zum Ende der Saison 2021 zur\u00fcckgehen und die <a href=\"https:\/\/www.youtube.com\/watch?v=1LXu9FN5kag\" rel=\"nofollow noopener\" target=\"_blank\">Gro\u00dfer Preis von Gro\u00dfbritannien<\/a> keinen Ducati-Fahrer auf dem Podium zu sehen.<\/p>\n<p>Damals siegte der Franzose Fabio Quartararo mit der schnellsten Runde auf seiner Yamaha vor der Suzuki von \u00c1lex Rins und der Aprilia von Aleix Espargar\u00f3. Die erste Maschine der Trans-Firmaalpine hatte die Ziellinie jedoch nicht weit \u00fcberquert, da Jack Miller nur 149 Tausendstel hinter Espargar\u00f3 auf dem vierten Platz ins Ziel gekommen war.<\/p>\n<p>Seit dem Treffen am 29. August 2021 haben Francesco Bagnaia, Jack Miller, Enea Bastianini, Johann Zarco, Jorge Martin, Marco Bezzecchi, Luca Marini, Fabio Di Giannantonio, Franco Morbidelli, Fermin Aldeguer und die Marquez-Br\u00fcder Marc und \u00c1lex jeweils dazu beigetragen, diese Vorherrschaft aufrechtzuerhalten.<\/p>\n<p>Dies ist jedoch nicht die einzige spektakul\u00e4re Serie, die Ducati derzeit verfolgt. Die andere? Die Serie von Starts in der ersten Reihe. Sie steht nun bei 92 aufeinanderfolgenden Grand Prix. Eine beeindruckende Serie, die 2020 in Valencia begann. Der historische Meilenstein von 100 Starts in der ersten Reihe k\u00f6nnte beim n\u00e4chsten Grand Prix von Malaysia im Oktober erreicht werden.<\/p>\n<p class=\"gt-block\"><strong>LESEN SIE AUCH &gt;\u00a0<a href=\"https:\/\/www.autohebdo.de\/Nachrichten\/MotoGP\/Marc-Marquez-zeichnet-Valentino-Rossi-auf.html\" rel=\"nofollow noopener\" target=\"_blank\">Wo steht Marc M\u00e1rquez im Vergleich zu den Rekorden von Valentino Rossi?<\/a><\/strong><\/p>\n","protected":false},"excerpt":{"rendered":"Die 2025-Saison von MotoGP begann f\u00fcr Ducati im Zeichen der Kontinuit\u00e4t, und das Unternehmen sammelt weiterhin regelm\u00e4\u00dfig Erfolge.&hellip;\n","protected":false},"author":2,"featured_media":305069,"comment_status":"","ping_status":"","sticky":false,"template":"","format":"standard","meta":{"footnotes":""},"categories":[1413],"tags":[1011,27,1457,1456,60],"class_list":{"0":"post-305068","1":"post","2":"type-post","3":"status-publish","4":"format-standard","5":"has-post-thumbnail","7":"category-moto","8":"tag-fr","9":"tag-france","10":"tag-moto","11":"tag-motocycle","12":"tag-sports"},"share_on_mastodon":{"url":"https:\/\/pubeurope.com\/@fr\/114993148943098047","error":""},"_links":{"self":[{"href":"https:\/\/www.europesays.com\/fr\/wp-json\/wp\/v2\/posts\/305068","targetHints":{"allow":["GET"]}}],"collection":[{"href":"https:\/\/www.europesays.com\/fr\/wp-json\/wp\/v2\/posts"}],"about":[{"href":"https:\/\/www.europesays.com\/fr\/wp-json\/wp\/v2\/types\/post"}],"author":[{"embeddable":true,"href":"https:\/\/www.europesays.com\/fr\/wp-json\/wp\/v2\/users\/2"}],"replies":[{"embeddable":true,"href":"https:\/\/www.europesays.com\/fr\/wp-json\/wp\/v2\/comments?post=305068"}],"version-history":[{"count":0,"href":"https:\/\/www.europesays.com\/fr\/wp-json\/wp\/v2\/posts\/305068\/revisions"}],"wp:featuredmedia":[{"embeddable":true,"href":"https:\/\/www.europesays.com\/fr\/wp-json\/wp\/v2\/media\/305069"}],"wp:attachment":[{"href":"https:\/\/www.europesays.com\/fr\/wp-json\/wp\/v2\/media?parent=305068"}],"wp:term":[{"taxonomy":"category","embeddable":true,"href":"https:\/\/www.europesays.com\/fr\/wp-json\/wp\/v2\/categories?post=305068"},{"taxonomy":"post_tag","embeddable":true,"href":"https:\/\/www.europesays.com\/fr\/wp-json\/wp\/v2\/tags?post=305068"}],"curies":[{"name":"wp","href":"https:\/\/api.w.org\/{rel}","templated":true}]}}