{"id":30507,"date":"2025-04-17T01:55:11","date_gmt":"2025-04-17T01:55:11","guid":{"rendered":"https:\/\/www.europesays.com\/fr\/30507\/"},"modified":"2025-04-17T01:55:11","modified_gmt":"2025-04-17T01:55:11","slug":"egis-fait-des-etats-unis-un-marche-prioritaire-2","status":"publish","type":"post","link":"https:\/\/www.europesays.com\/fr\/30507\/","title":{"rendered":"Egis fait des Etats-Unis un march\u00e9 prioritaire"},"content":{"rendered":"<p>Suspendre les investissements aux \u00c9tats-Unis comme le sugg\u00e8re le Pr\u00e9sident de la R\u00e9publique\u00a0? <strong>\u00ab\u00a0Je ne commenterai pas\u00a0\u00bb, <\/strong>r\u00e9pond d\u2019embl\u00e9e <a href=\"https:\/\/rennes.maville.com\/actu\/actudet_-entretien.-laurent-germain-d-egis-il-manque-en-france-entre-15-000-et-20-000-ingenieurs-_53511-6416020_actu.Htm\" target=\"_self\" rel=\"noopener\">Laurent Germain<\/a>. Les faits parlent pour lui. Le directeur g\u00e9n\u00e9ral du groupe fran\u00e7ais sp\u00e9cialis\u00e9 dans l\u2019ing\u00e9nierie et la gestion d\u2019infrastructures veut continuer \u00e0 faire de l\u2019Am\u00e9rique du Nord l\u2019un des moteurs de sa croissance. L\u2019objectif est de r\u00e9aliser pr\u00e8s d\u2019un milliard d\u2019euros de chiffre d\u2019affaires sur cette zone en 2028. <strong>\u00abLa Caisse des d\u00e9p\u00f4ts\u00a0est pr\u00e9sente \u00e0 son capital \u00e0 hauteur de 34%\u00bb, <\/strong>rappelle Eric Lombard. <a href=\"https:\/\/rennes.maville.com\/actu\/actudet_-entretien.-face-aux-predateurs-l-europe-se-reveille-affirme-le-ministre-de-l-economie-_54135-6762711_actu.Htm\" target=\"_self\" rel=\"noopener\">Le ministre de l\u2019\u00c9conomie<\/a> temp\u00e8re cet enthousiasme nord-am\u00e9ricain en appelant les entreprises fran\u00e7aises <strong>\u00ab\u00a0\u00e0 faire nation\u00a0\u00bb <\/strong>face aux pressions commerciales de Donald Trump.<\/p>\n<p>L\u2019\u00e9coconception, un axe strat\u00e9gique<\/p>\n<p>Fort de 20 100 salari\u00e9s dans une centaine de pays, Egis poursuit son internationalisation. Le groupe multiplie aussi les acquisitions\u00a0: cinq en 2024 et trente-sept depuis 2020. L\u2019objectif est de figurer dans le top 10\u00a0mondial des soci\u00e9t\u00e9s d\u2019ing\u00e9nierie de la construction, en faisant de l\u2019\u00e9coconception un axe strat\u00e9gique. Avec un chiffre d\u2019affaires de 2,1\u00a0milliards d\u2019euros et un r\u00e9sultat net de 77\u00a0millions, Laurent Germain savoure le fait d\u2019avoir atteint ses objectifs 2026 avec deux ans d\u2019avance. \u00ab<strong>\u00a0Une expansion qui peut s\u2019appuyer sur un carnet de commandes record de 2,6\u00a0milliards d\u2019euros\u00a0\u00bb<\/strong>, ajoute-t-il. Outre la France, Egis veut s\u2019appuyer sur le Moyen-Orient, l\u2019Asie du Sud, l\u2019Am\u00e9rique Latine, le Royaume-Uni, l\u2019Am\u00e9rique du Nord et l\u2019Australie pour continuer \u00e0 se d\u00e9velopper.<\/p>\n<p>Dans les infrastructures, Egis g\u00e8re notamment le m\u00e9tro de Thessalonique en Gr\u00e8ce et intervient sur le nouveau nucl\u00e9aire avec le projet d\u2019EPR 2 de Penly, le Grand Paris Express. Il a assur\u00e9 la ma\u00eetrise d\u2019\u0153uvre de la nouvelle ligne du m\u00e9tro de Rennes.<\/p>\n<p>\u00a0<\/p>\n","protected":false},"excerpt":{"rendered":"Suspendre les investissements aux \u00c9tats-Unis comme le sugg\u00e8re le Pr\u00e9sident de la R\u00e9publique\u00a0? \u00ab\u00a0Je ne commenterai pas\u00a0\u00bb, r\u00e9pond&hellip;\n","protected":false},"author":2,"featured_media":30122,"comment_status":"","ping_status":"","sticky":false,"template":"","format":"standard","meta":{"footnotes":""},"categories":[2821],"tags":[1111,11,829,2599,73,1777,674,21,1011,27,2089,12,10428,584,25],"class_list":{"0":"post-30507","1":"post","2":"type-post","3":"status-publish","4":"format-standard","5":"has-post-thumbnail","7":"category-rennes","8":"tag-actu","9":"tag-actualites","10":"tag-bretagne","11":"tag-egis","12":"tag-etats-unis","13":"tag-eu","14":"tag-europe","15":"tag-fait","16":"tag-fr","17":"tag-france","18":"tag-marche","19":"tag-news","20":"tag-prioritaire","21":"tag-rennes","22":"tag-republique-francaise"},"share_on_mastodon":{"url":"","error":""},"_links":{"self":[{"href":"https:\/\/www.europesays.com\/fr\/wp-json\/wp\/v2\/posts\/30507","targetHints":{"allow":["GET"]}}],"collection":[{"href":"https:\/\/www.europesays.com\/fr\/wp-json\/wp\/v2\/posts"}],"about":[{"href":"https:\/\/www.europesays.com\/fr\/wp-json\/wp\/v2\/types\/post"}],"author":[{"embeddable":true,"href":"https:\/\/www.europesays.com\/fr\/wp-json\/wp\/v2\/users\/2"}],"replies":[{"embeddable":true,"href":"https:\/\/www.europesays.com\/fr\/wp-json\/wp\/v2\/comments?post=30507"}],"version-history":[{"count":0,"href":"https:\/\/www.europesays.com\/fr\/wp-json\/wp\/v2\/posts\/30507\/revisions"}],"wp:featuredmedia":[{"embeddable":true,"href":"https:\/\/www.europesays.com\/fr\/wp-json\/wp\/v2\/media\/30122"}],"wp:attachment":[{"href":"https:\/\/www.europesays.com\/fr\/wp-json\/wp\/v2\/media?parent=30507"}],"wp:term":[{"taxonomy":"category","embeddable":true,"href":"https:\/\/www.europesays.com\/fr\/wp-json\/wp\/v2\/categories?post=30507"},{"taxonomy":"post_tag","embeddable":true,"href":"https:\/\/www.europesays.com\/fr\/wp-json\/wp\/v2\/tags?post=30507"}],"curies":[{"name":"wp","href":"https:\/\/api.w.org\/{rel}","templated":true}]}}