{"id":305078,"date":"2025-08-08T12:33:14","date_gmt":"2025-08-08T12:33:14","guid":{"rendered":"https:\/\/www.europesays.com\/fr\/305078\/"},"modified":"2025-08-08T12:33:14","modified_gmt":"2025-08-08T12:33:14","slug":"ces-objets-nont-plus-dinteret-je-leur-donne-une-deuxieme-vie-passionne-par-la-sculpture-de-metal-cet-elu-de-saint-amant-de-boixe-veut-faire-don-de-se","status":"publish","type":"post","link":"https:\/\/www.europesays.com\/fr\/305078\/","title":{"rendered":"\u00ab\u00a0Ces objets n\u2019ont plus d\u2019int\u00e9r\u00eat, je leur donne une deuxi\u00e8me vie\u00a0\u00bb\u00a0: passionn\u00e9 par la sculpture de m\u00e9tal, cet \u00e9lu de Saint-Amant-de-Boixe veut faire don de ses cr\u00e9ations"},"content":{"rendered":"<p>        <img decoding=\"async\" id=\"25438274\" src=\"https:\/\/www.europesays.com\/fr\/wp-content\/uploads\/2025\/08\/nordruffecois-42a4e6c8e3f34442aee6f89725f91ad8-183200-ph2.jpg\" alt=\"Un exemple d\u2019une cr\u00e9ation faite en diverses pi\u00e8ces m\u00e9talliques.\" itemprop=\"contentURL\"\/><\/p>\n<p>    Un exemple d\u2019une cr\u00e9ation faite en diverses pi\u00e8ces m\u00e9talliques.<\/p>\n<p>CL<\/p>\n<p>Adjoint du maire et membre du conseil municipal \u00e9lu en 2024 \u00e0 Saint-Amant-de-Boixe, Dominique Bonneau apporte un ensemble de nouvelles id\u00e9es dans la gestion de l\u2019espace urbain de la commune. Un investissement qui va au-del&#8230;<\/p>\n<p>        <img decoding=\"async\" id=\"25438274\" src=\"https:\/\/www.europesays.com\/fr\/wp-content\/uploads\/2025\/08\/nordruffecois-42a4e6c8e3f34442aee6f89725f91ad8-183200-ph2.jpg\" alt=\"Un exemple d\u2019une cr\u00e9ation faite en diverses pi\u00e8ces m\u00e9talliques.\" itemprop=\"contentURL\"\/><\/p>\n<p>    Un exemple d\u2019une cr\u00e9ation faite en diverses pi\u00e8ces m\u00e9talliques.<\/p>\n<p>CL<\/p>\n<p>Adjoint du maire et membre du conseil municipal \u00e9lu en 2024 \u00e0 Saint-Amant-de-Boixe, Dominique Bonneau apporte un ensemble de nouvelles id\u00e9es dans la gestion de l\u2019espace urbain de la commune. Un investissement qui va au-del\u00e0 de l\u2019entretien ou de la remise en \u00e9tat\u00a0: passionn\u00e9 par le travail du m\u00e9tal, il compte en effet donner certaines de ses cr\u00e9ations pour orner l\u2019espace public.<\/p>\n<p>    La r\u00e9daction vous conseille<\/p>\n<p>\u00ab\u00a0On aime notre village et l\u2019id\u00e9e, c\u2019est de redonner \u00e0 la commune ce qu\u2019elle m\u2019a apport\u00e9\u00a0\u00bb, lance Dominique Bonneau, qui habite Saint-Amant avec sa femme Monique depuis 1975, et s\u2019est lanc\u00e9 dans la sculpture d\u2019\u0153uvres d\u2019art m\u00e9talliques il y a dix-sept ans.<\/p>\n<p>Cr\u00e9er un parcours dans le village<\/p>\n<p>Cl\u00e9s, disques, barres en fer, cha\u00eenes de moto, bougies, pi\u00e8ces m\u00e9talliques en tous genres\u00a0: les r\u00e9alisations sont soud\u00e9es \u00e0 l\u2019arc et sortent de l\u2019ordinaire. Des pi\u00e8ces individuelles qui forment un ensemble \u00e0 voir de loin et de pr\u00e8s, et qui jouent entre la forme et la fonction des objets d\u2019origine. Les \u0153uvres sont construites \u00e0 partir de pi\u00e8ces de m\u00e9tal inutilis\u00e9es, achet\u00e9es aux particuliers ou aux ferrailleurs. \u00ab\u00a0Ces objets n\u2019ont plus d\u2019int\u00e9r\u00eat, je leur donne une deuxi\u00e8me vie. Les gens sont sensibles au recyclage.\u00a0\u00bb<\/p>\n<p>Sur les centaines d\u2019\u0153uvres d\u00e9j\u00e0 r\u00e9alis\u00e9es, la plupart ont \u00e9t\u00e9 donn\u00e9es, certaines vendues. \u00ab\u00a0J\u2019ai une vingtaine de pi\u00e8ces \u00e0 offrir, lance l\u2019artiste, qui propose aux habitants et au conseil municipal de choisir des emplacements pour ses \u0153uvres. J\u2019aimerais inciter les gens \u00e0 visiter le village. Et \u00e9ventuellement encourager d\u2019autres cr\u00e9ateurs des environs \u00e0 cr\u00e9er un parcours.\u00a0\u00bb<\/p>\n<p>        <img decoding=\"async\" id=\"25484414\" src=\"https:\/\/www.europesays.com\/fr\/wp-content\/uploads\/2025\/08\/img-e8898.jpg\" alt=\"Certaines \u0153uvres sont visibles au restaurant l\u2019Auberge de l\u2019abbaye \u00e0 Saint-Amant-de-Boixe.\" itemprop=\"contentURL\"\/><\/p>\n<p>    Certaines \u0153uvres sont visibles au restaurant l\u2019Auberge de l\u2019abbaye \u00e0 Saint-Amant-de-Boixe.<\/p>\n<p>CL<\/p>\n<p>        <img decoding=\"async\" id=\"25484416\" src=\"https:\/\/www.europesays.com\/fr\/wp-content\/uploads\/2025\/08\/img-8897.jpg\" alt=\"Au restaurant l\u2019Auberge de l\u2019abbaye \u00e0 Saint-Amant-de-Boixe.\" itemprop=\"contentURL\"\/><\/p>\n<p>    Au restaurant l\u2019Auberge de l\u2019abbaye \u00e0 Saint-Amant-de-Boixe.<\/p>\n<p>CL<\/p>\n<p>Une fa\u00e7on de remercier le village, o\u00f9 il a g\u00e9r\u00e9 dans les ann\u00e9es 80 un magasin de pr\u00eat-\u00e0-porter, aujourd\u2019hui disparu suite au changement de propri\u00e9taire. \u00ab\u00a0On a eu le soutien sans faille de la population pour notre activit\u00e9\u00a0\u00bb, glisse le septuag\u00e9naire. Parall\u00e8lement, l\u2019artiste s\u2019est int\u00e9ress\u00e9 au vitrail dans les ann\u00e9es 2000, en suivant une formation aupr\u00e8s d\u2019Anne Pinto et Andr\u00e9 Morteau, ma\u00eetres verriers \u00e0 <a href=\"https:\/\/www.tusson.fr\/equipement\/atelier-de-vitrail-a-pinto-a-morteau\/\" target=\"_blank\" rel=\"nofollow noopener\">Tusson<\/a>. \u00ab\u00a0Des gens formidables que je n\u2019oublie pas. Ils ont mis en place une salle d\u2019exposition Gare \u00e0 l\u2019Art et j\u2019ai eu la chance d\u2019avoir expos\u00e9 pendant plusieurs ann\u00e9es dans cette galerie.\u00a0\u00bb<\/p>\n<blockquote><p>\u00ab\u00a0L\u2019id\u00e9e, c\u2019est de redonner \u00e0 la commune ce qu\u2019elle m\u2019a apport\u00e9.\u00a0\u00bb<\/p><\/blockquote>\n<p>L\u2019encadrement des vitraux le pousse vers le travail du m\u00e9tal. Il rencontre ensuite l\u2019artisane Coralie Guerry \u00e0 Saint-Amant-de-Boixe, qui le fait rentrer dans le monde des salons. \u00ab\u00a0Elle m\u2019a convaincue que mon travail m\u00e9ritait d\u2019\u00eatre connu et m\u2019a invit\u00e9 \u00e0 participer. \u00c7a, je n\u2019oublierai jamais. C\u2019est quelqu\u2019un de formidable\u00a0\u00bb, reprend l\u2019artiste, qui a cr\u00e9\u00e9 son activit\u00e9 d\u2019auto-entrepreneur dans la foul\u00e9e.<\/p>\n<p>Avant de fonder en 2014, via la Chambre de m\u00e9tiers, une petite entreprise nomm\u00e9e Plaisir de Fer \u00ab\u00a0Une activit\u00e9 qui s\u2019est arr\u00eat\u00e9e en 2020 avec la crise du covid\u00a0\u00bb, confie Dominique Bonneau, dont les \u0153uvres, elles, sont p\u00e9rennes.<\/p>\n","protected":false},"excerpt":{"rendered":"Un exemple d\u2019une cr\u00e9ation faite en diverses pi\u00e8ces m\u00e9talliques. CL Adjoint du maire et membre du conseil municipal&hellip;\n","protected":false},"author":2,"featured_media":305079,"comment_status":"","ping_status":"","sticky":false,"template":"","format":"standard","meta":{"footnotes":""},"categories":[1358],"tags":[1348,1384,1385,1386,58,59,1011,27],"class_list":{"0":"post-305078","1":"post","2":"type-post","3":"status-publish","4":"format-standard","5":"has-post-thumbnail","7":"category-arts-et-design","8":"tag-arts","9":"tag-arts-and-design","10":"tag-arts-et-design","11":"tag-design","12":"tag-divertissement","13":"tag-entertainment","14":"tag-fr","15":"tag-france"},"share_on_mastodon":{"url":"https:\/\/pubeurope.com\/@fr\/114993169220533698","error":""},"_links":{"self":[{"href":"https:\/\/www.europesays.com\/fr\/wp-json\/wp\/v2\/posts\/305078","targetHints":{"allow":["GET"]}}],"collection":[{"href":"https:\/\/www.europesays.com\/fr\/wp-json\/wp\/v2\/posts"}],"about":[{"href":"https:\/\/www.europesays.com\/fr\/wp-json\/wp\/v2\/types\/post"}],"author":[{"embeddable":true,"href":"https:\/\/www.europesays.com\/fr\/wp-json\/wp\/v2\/users\/2"}],"replies":[{"embeddable":true,"href":"https:\/\/www.europesays.com\/fr\/wp-json\/wp\/v2\/comments?post=305078"}],"version-history":[{"count":0,"href":"https:\/\/www.europesays.com\/fr\/wp-json\/wp\/v2\/posts\/305078\/revisions"}],"wp:featuredmedia":[{"embeddable":true,"href":"https:\/\/www.europesays.com\/fr\/wp-json\/wp\/v2\/media\/305079"}],"wp:attachment":[{"href":"https:\/\/www.europesays.com\/fr\/wp-json\/wp\/v2\/media?parent=305078"}],"wp:term":[{"taxonomy":"category","embeddable":true,"href":"https:\/\/www.europesays.com\/fr\/wp-json\/wp\/v2\/categories?post=305078"},{"taxonomy":"post_tag","embeddable":true,"href":"https:\/\/www.europesays.com\/fr\/wp-json\/wp\/v2\/tags?post=305078"}],"curies":[{"name":"wp","href":"https:\/\/api.w.org\/{rel}","templated":true}]}}