{"id":305080,"date":"2025-08-08T12:34:19","date_gmt":"2025-08-08T12:34:19","guid":{"rendered":"https:\/\/www.europesays.com\/fr\/305080\/"},"modified":"2025-08-08T12:34:19","modified_gmt":"2025-08-08T12:34:19","slug":"55-livres-odieux-et-repugnants-retires-des-ecoles","status":"publish","type":"post","link":"https:\/\/www.europesays.com\/fr\/305080\/","title":{"rendered":"55 livres \u201codieux et r\u00e9pugnants\u201d retir\u00e9s des \u00e9coles"},"content":{"rendered":"<p>Dans un climat d\u00e9j\u00e0 tendu, les familles et les associations de d\u00e9fense des libert\u00e9s se demandent : peut\u2011on imposer une d\u00e9cision \u00e9tatique sans tenir compte du terrain, interroge le <a href=\"https:\/\/www.miamiherald.com\/news\/local\/community\/broward\/article311618947.html\" rel=\"nofollow noopener\" target=\"_blank\">Miami Herald<\/a>\u2009?<\/p>\n<p>Cette d\u00e9cision fait suite \u00e0 une rencontre entre les responsables de l&rsquo;\u00c9ducation de l&rsquo;\u00c9tat et Van Ayres, le surintendant des \u00e9coles du comt\u00e9 de Hillsborough, en juin dernier. Lors de cette r\u00e9union, les responsables de l&rsquo;\u00c9tat ont d\u00e9clar\u00e9 avoir trouv\u00e9 plusieurs livres jug\u00e9s inconvenants pour les biblioth\u00e8ques scolaires publiques et ont clairement indiqu\u00e9 qu&rsquo;ils souhaitaient que tous les districts de l&rsquo;\u00c9tat retirent ces livres.<\/p>\n<p><strong>Une directive d\u2019\u00c9tat, un coup de force local<\/strong><\/p>\n<p>Selon les autorit\u00e9s, le minist\u00e8re de l\u2019\u00c9ducation de Floride a exig\u00e9 la suppression de 55 ouvrages jug\u00e9s \u00ab\u202finappropri\u00e9s\u202f\u00bb ou \u00ab\u202fpornographiques\u202f\u00bb des \u00e9tablissements scolaires \u00e0 l\u2019\u00e9chelle de l\u2019\u00c9tat, y compris dans le comt\u00e9 de Broward. Les responsables locaux ont re\u00e7u l\u2019ordre formel de retirer ces titres \u2014 sans possibilit\u00e9 de d\u00e9bat ni de filtre au niveau de la communaut\u00e9 scolaire.<\/p>\n<p>\u00ab Ce sont des livres odieux et r\u00e9pugnants qui n&rsquo;ont pas leur place dans une \u00e9cole en Floride \u00bb, a d\u00e9clar\u00e9 Ryan Perry, pr\u00e9sident du Conseil de l&rsquo;\u00c9ducation de Floride.\u00a0\u00ab Ces personnes en qui vous avez confiance pour examiner ces documents maltraitent les enfants de votre comt\u00e9 \u00bb, a d\u00e9clar\u00e9 Kelly Garcia, membre du Conseil de l&rsquo;\u00c9ducation de Floride.\u00a0<\/p>\n<p><strong>Une liste controvers\u00e9e, des contenus explicitement \u00ab adultis\u00e9s \u00bb<\/strong><\/p>\n<p>Parmi les livres cibl\u00e9s figurent des titres largement reconnus\u00a0: This Book Is Gay de Juno Dawson, Forever de Judy Blume, Wicked par Gregory Maguire, A Clockwork Orange d\u2019Anthony Burgess, All Boys Aren\u2019t Blue de George Johnson, Sold de Patricia McCormick \u2014 un r\u00e9cit poignant sur la traite humaine \u2014 et m\u00eame A Stolen Life de Jaycee Dugard.<\/p>\n<p>Ces ouvrages abordent des th\u00e8mes forts, parfois douloureux, parfois explicites. Selon les autorit\u00e9s, certains passages contiennent des descriptions d\u00e9taill\u00e9es d\u2019actes sexuels \u2014 \u00ab\u202fdes descriptions d\u2019organes g\u00e9nitaux masculins, d\u2019actes et d\u2019intercours sexuels\u2009\u00bb \u2014 jug\u00e9es trop explicites pour \u00eatre diffus\u00e9es en milieu scolaire.<\/p>\n<p style=\"text-align: right;\"><a href=\"https:\/\/actualitte.com\/a\/qrFKr2Rk\" rel=\"nofollow noopener\" target=\"_blank\"><strong>\u00c0 LIRE &#8211; La justice pri\u00e9e d&rsquo;interdire le mariage d&rsquo;un prince et un chevalier<\/strong><\/a><\/p>\n<p>Van Ayres assure, cat\u00e9gorique, que ces livres n&rsquo;existeront plus dans son comt\u00e9 d&rsquo;ici la rentr\u00e9e scolaire. \u00ab Pour la rentr\u00e9e scolaire 2025-2026, je veux \u00eatre assur\u00e9 qu&rsquo;il n&rsquo;y aura absolument aucun document inappropri\u00e9 dans nos biblioth\u00e8ques \u00bb, a-t-il d\u00e9clar\u00e9.<\/p>\n<p><strong>La r\u00e9action des voix critiques<\/strong><\/p>\n<p>Stephana Ferrell, directrice du Florida Freedom to Read Project, ne m\u00e2che pas ses mots. Pour elle, l\u2019\u00c9tat a outrepass\u00e9 ses droits en imposant cette censure sans passer par les proc\u00e9dures habituelles. \u00ab\u202fIl n\u2019y a aucune possibilit\u00e9 pour les parents d\u2019intervenir\u2026 L\u2019\u00c9tat a d\u00e9cid\u00e9 pour nous\u2009\u00bb, d\u00e9plore-t-elle. Et de poursuivre\u00a0: \u00ab\u202fIls affirment pouvoir retirer ces livres en se basant uniquement sur l\u2019avis d\u2019experts, peu importe la valeur litt\u00e9raire.\u2009\u00bb<\/p>\n<p>Elle rappelle que, jusqu\u2019ici, c\u2019\u00e9tait aux communaut\u00e9s locales et aux comit\u00e9s scolaires de d\u00e9cider, \u00e0 partir d\u2019un examen complet de l\u2019\u0153uvre et de son intention. D\u00e9sormais, cette porte est close.<\/p>\n<p><strong>Une censure silencieuse \u00e0 l\u2019aube de la rentr\u00e9e<\/strong><\/p>\n<p>Ainsi, dans les couloirs des \u00e9coles, certains rayons s\u2019\u00e9claircissent. Une rentr\u00e9e sans A Clockwork Orange, sans This Book Is Gay, sans tout un pan d\u2019expressions litt\u00e9raires \u2014 voil\u00e0 le paysage dress\u00e9 par une directive exp\u00e9ditive.<\/p>\n<p style=\"text-align: right;\"><a href=\"https:\/\/actualitte.com\/a\/NvNiie60\" rel=\"nofollow noopener\" target=\"_blank\"><strong>\u00c0 LIRE &#8211; \u00c9cole\u202f: les parents d\u00e9sormais autoris\u00e9s \u00e0 exclure les lectures LGBTQ+<\/strong><\/a><\/p>\n<p>Mais le d\u00e9bat ne s\u2019\u00e9teint pas. Il r\u00e9veille des questions universelles\u202f: qui d\u00e9cide des savoirs accessibles\u2009? Quelle place pour l\u2019\u00e9ducation sexuelle, pour l\u2019histoire, pour les r\u00e9cits marginaux\u2009? Et surtout, dans un \u00c9tat o\u00f9 la majorit\u00e9 impose sa vision, que deviennent les voix dissidentes\u2009?<\/p>\n<p>\u00ab Chaque district a compris que ces 55 livres enfreignent la loi de l&rsquo;\u00c9tat. Peu importe que les normes locales interdisent ces livres, ils sont acceptables pour certains niveaux et nous pensons qu&rsquo;ils correspondent \u00e0 nos crit\u00e8res \u00bb, ajoute Stephana Ferrell en r\u00e9ponse \u00e0 la r\u00e9cente directive de l&rsquo;\u00c9tat, dans <a href=\"https:\/\/www.local10.com\/news\/local\/2025\/08\/07\/this-book-is-gay-among-55-titles-banned-in-florida-including-in-broward-county\/\" rel=\"nofollow noopener\" target=\"_blank\">Local News<\/a>.<\/p>\n<p>Et de conclure : \u00ab\u2009Les parents ont toujours eu la possibilit\u00e9 de discuter individuellement avec leur biblioth\u00e9caire scolaire et de dire : \u201cJe souhaite fixer ces limites pour mes enfants, car ce sont celles que nous appliquons \u00e0 la maison\u201d, et en cas de doute, ils peuvent en imposer.\u2009\u00bb Notons que plusieurs proc\u00e9dures judiciaires sont en cours devant les tribunaux, portant sur d\u2019autres cas de saisie de livres dans l\u2019\u00c9tat.<\/p>\n<p>Cr\u00e9dits photo : ActuaLitt\u00e9, CC BY SA 2.0<\/p>\n<\/p>\n<p>\u00a0<\/p>\n<\/p>\n<p>\u00a0<\/p>\n<\/p>\n<p class=\"article-signature\">Par <a class=\"article-signature_url\" href=\"https:\/\/actualitte.com\/auteurs\/203\/clement-solym\" rel=\"nofollow noopener\" target=\"_blank\">Cl\u00e9ment Solym<\/a><br \/>Contact : <a class=\"article-signature_mail\" href=\"https:\/\/actualitte.com\/article\/125457\/international\/mailto:cs@actualitte.com\" rel=\"nofollow noopener\" target=\"_blank\">cs@actualitte.com<\/a><\/p>\n","protected":false},"excerpt":{"rendered":"Dans un climat d\u00e9j\u00e0 tendu, les familles et les associations de d\u00e9fense des libert\u00e9s se demandent : peut\u2011on&hellip;\n","protected":false},"author":2,"featured_media":305081,"comment_status":"","ping_status":"","sticky":false,"template":"","format":"standard","meta":{"footnotes":""},"categories":[1357],"tags":[1379,58,59,1011,27,1380],"class_list":{"0":"post-305080","1":"post","2":"type-post","3":"status-publish","4":"format-standard","5":"has-post-thumbnail","7":"category-livres","8":"tag-books","9":"tag-divertissement","10":"tag-entertainment","11":"tag-fr","12":"tag-france","13":"tag-livres"},"share_on_mastodon":{"url":"https:\/\/pubeurope.com\/@fr\/114993172570378515","error":""},"_links":{"self":[{"href":"https:\/\/www.europesays.com\/fr\/wp-json\/wp\/v2\/posts\/305080","targetHints":{"allow":["GET"]}}],"collection":[{"href":"https:\/\/www.europesays.com\/fr\/wp-json\/wp\/v2\/posts"}],"about":[{"href":"https:\/\/www.europesays.com\/fr\/wp-json\/wp\/v2\/types\/post"}],"author":[{"embeddable":true,"href":"https:\/\/www.europesays.com\/fr\/wp-json\/wp\/v2\/users\/2"}],"replies":[{"embeddable":true,"href":"https:\/\/www.europesays.com\/fr\/wp-json\/wp\/v2\/comments?post=305080"}],"version-history":[{"count":0,"href":"https:\/\/www.europesays.com\/fr\/wp-json\/wp\/v2\/posts\/305080\/revisions"}],"wp:featuredmedia":[{"embeddable":true,"href":"https:\/\/www.europesays.com\/fr\/wp-json\/wp\/v2\/media\/305081"}],"wp:attachment":[{"href":"https:\/\/www.europesays.com\/fr\/wp-json\/wp\/v2\/media?parent=305080"}],"wp:term":[{"taxonomy":"category","embeddable":true,"href":"https:\/\/www.europesays.com\/fr\/wp-json\/wp\/v2\/categories?post=305080"},{"taxonomy":"post_tag","embeddable":true,"href":"https:\/\/www.europesays.com\/fr\/wp-json\/wp\/v2\/tags?post=305080"}],"curies":[{"name":"wp","href":"https:\/\/api.w.org\/{rel}","templated":true}]}}