{"id":305082,"date":"2025-08-08T12:35:13","date_gmt":"2025-08-08T12:35:13","guid":{"rendered":"https:\/\/www.europesays.com\/fr\/305082\/"},"modified":"2025-08-08T12:35:13","modified_gmt":"2025-08-08T12:35:13","slug":"pour-faire-vivre-les-20-heures-de-direct-par-week-end-que-la-chaine-ligue1-va-produire-ses-dirigeants-ont-notamment-mise-sur-les-anciens-pros-adil-rami-guillaume-hoarau-et-souleymane-diawara","status":"publish","type":"post","link":"https:\/\/www.europesays.com\/fr\/305082\/","title":{"rendered":"Pour faire vivre les 20 heures de direct par week-end que la cha\u00eene Ligue1+ va produire, ses dirigeants ont notamment mis\u00e9 sur les anciens pros Adil Rami, Guillaume Hoarau et Souleymane Diawara"},"content":{"rendered":"<p>Pour faire vivre \u00ab\u00a0les 20 heures de direct par week-end\u00a0\u00bb que Ligue1+ va produire, ses dirigeants ont notamment mis\u00e9 sur les anciens pros Adil Rami, Guillaume Hoarau et Souleymane Diawara, et promettent une proximit\u00e9 in\u00e9dite avec les clubs. \u00ab\u00a0On a annonc\u00e9 80 \u00e0 85% des gens qui seront \u00e0 l&rsquo;antenne\u00a0\u00bb, a d\u00e9voil\u00e9 vendredi \u00e0 l&rsquo;AFP J\u00e9r\u00f4me Cazadieu, le directeur \u00e9ditorial de Ligue 1+.<\/p>\n<p>\u00ab\u00a0Il y aura quelques surprises suppl\u00e9mentaires d&rsquo;ici au lancement, qu&rsquo;on communiquera au fil de l&rsquo;eau\u00a0\u00bb, a-t-il encore promis. Le duo de commentateurs N.1 sera compos\u00e9 de Xavier Domergue, qui continuera d&rsquo;officier pour le groupe M6, et de Beno\u00eet Cheyrou qui commentait les matches sur DAZN la saison derni\u00e8re.<\/p>\n<p>\u00ab\u00a0On a essay\u00e9 de redonner ses lettres de noblesse au bord de terrain, en le confiant \u00e0 d&rsquo;anciens joueurs, Guillaume Hoarau et Souleymane Diawara, qui ne sont pas format\u00e9s et disposent d&rsquo;une spontan\u00e9it\u00e9 qu&rsquo;on trouve tr\u00e8s int\u00e9ressante\u00a0\u00bb, a d\u00e9taill\u00e9 J\u00e9rome Cazadieu.<\/p>\n<p>\u00ab\u00a0Avec l&rsquo;accord des clubs, ils pourront aller interroger les joueurs qui auront \u00e9t\u00e9 remplac\u00e9s en cours de match par exemple.\u00a0\u00bb Le champion du monde 2018 Adil Rami sera lui pr\u00e9sent en plateau, pour l&rsquo;\u00e9mission en clair du dimanche soir, Le Club Ligue 1+, pr\u00e9sent\u00e9e en public par Thibault Le Rol.<\/p>\n<p>\u00ab\u00a0Si, comme une cha\u00eene de cin\u00e9ma a des films, nous avons des matches, il faut les accompagner, raconter des histoires, d\u00e9battre, les enrichir\u00a0\u00bb, a expliqu\u00e9 Nicolas de Tavernost, le directeur g\u00e9n\u00e9ral de LFP Media.<\/p>\n<p>L&rsquo;instance planche \u00e9galement sur une nouvelle charte m\u00e9dia devant \u00eatre vot\u00e9e courant septembre, qui d\u00e9termine les obligations que les clubs ont vis-\u00e0-vis des diffuseurs et qui fera la part belle \u00e0 \u00ab\u00a0l&rsquo;immersion\u00a0\u00bb au sein des \u00e9quipes de Ligue 1, \u00ab\u00a0une charte dont va aussi b\u00e9n\u00e9ficier BeIN, notre partenaire\u00a0\u00bb, pr\u00e9cise J\u00e9r\u00f4me Cazadieu.<\/p>\n<p>\u00ab\u00a0Vous verrez d\u00e8s la premi\u00e8re journ\u00e9e, l&rsquo;acc\u00e8s aux vestiaires \u00e0 l&rsquo;arriv\u00e9e des joueurs. On est en train de le valider avec les clubs. Aucun n&rsquo;a dit non jusqu&rsquo;\u00e0 pr\u00e9sent\u00a0\u00bb, promet J\u00e9r\u00f4me Cazadieu. \u00ab\u00a0On veut rendre les live d&rsquo;avant-match les plus vivants possible en \u00e9tant dans le stade, \u00e0 l&rsquo;ext\u00e9rieur, aupr\u00e8s du public qui est un acteur du jeu, aupr\u00e8s des dirigeants, des joueurs\u00a0\u00bb, poursuit-il.<\/p>\n<p>\u00ab\u00a0On veut \u00e9galement sonoriser les \u00e9chauffements avec la possibilit\u00e9 de poser un micro soit sur l&rsquo;entra\u00eeneur adjoint ou le pr\u00e9parateur physique, soit, parfois, sur un joueur titulaire. Ce sont autant de s\u00e9quences qui seront utilis\u00e9es \u00e0 la fois sur le direct, sur nos r\u00e9seaux sociaux et dans nos magazines\u00a0\u00bb.<\/p>\n<p>Enfin, Ligue 1+ pr\u00e9voit deux s\u00e9ries documentaires, aupr\u00e8s du promu le Paris FC et du doyen de la L1 Dante, le capitaine br\u00e9silien de Nice, titr\u00e9 \u00ab\u00a0The last Dante\u00a0\u00bb, clin d&rsquo;oeil \u00e0 \u00ab\u00a0The Last Dance\u00a0\u00bb sur l&rsquo;ultime saison de Michael Jordan aux Chicago Bulls. \u00ab\u00a0Le but, c&rsquo;est que le premier \u00e9pisode de la s\u00e9rie Dante, comme le premier \u00e9pisode de la s\u00e9rie sur le Paris FC, soient disponibles dans la deuxi\u00e8me quinzaine de septembre\u00a0\u00bb, a dit J\u00e9r\u00f4me Cazadieu.<\/p>\n<p>.<\/p>\n<p><img loading=\"lazy\" decoding=\"async\" src=\"https:\/\/www.europesays.com\/fr\/wp-content\/uploads\/2025\/08\/capture_decran_2025-08-08_a_11.53.54.png\" width=\"1200\" height=\"692\" style=\"display: block; margin-left: auto; margin-right: auto;\"\/><\/p>\n","protected":false},"excerpt":{"rendered":"Pour faire vivre \u00ab\u00a0les 20 heures de direct par week-end\u00a0\u00bb que Ligue1+ va produire, ses dirigeants ont notamment&hellip;\n","protected":false},"author":2,"featured_media":305083,"comment_status":"","ping_status":"","sticky":false,"template":"","format":"standard","meta":{"footnotes":""},"categories":[1356],"tags":[58,59,63,1011,27,44487,44488,517,252,1364],"class_list":{"0":"post-305082","1":"post","2":"type-post","3":"status-publish","4":"format-standard","5":"has-post-thumbnail","7":"category-television","8":"tag-divertissement","9":"tag-entertainment","10":"tag-football","11":"tag-fr","12":"tag-france","13":"tag-ligue1","14":"tag-nouveautu00e9","15":"tag-sport","16":"tag-television","17":"tag-tv"},"share_on_mastodon":{"url":"https:\/\/pubeurope.com\/@fr\/114993176556326088","error":""},"_links":{"self":[{"href":"https:\/\/www.europesays.com\/fr\/wp-json\/wp\/v2\/posts\/305082","targetHints":{"allow":["GET"]}}],"collection":[{"href":"https:\/\/www.europesays.com\/fr\/wp-json\/wp\/v2\/posts"}],"about":[{"href":"https:\/\/www.europesays.com\/fr\/wp-json\/wp\/v2\/types\/post"}],"author":[{"embeddable":true,"href":"https:\/\/www.europesays.com\/fr\/wp-json\/wp\/v2\/users\/2"}],"replies":[{"embeddable":true,"href":"https:\/\/www.europesays.com\/fr\/wp-json\/wp\/v2\/comments?post=305082"}],"version-history":[{"count":0,"href":"https:\/\/www.europesays.com\/fr\/wp-json\/wp\/v2\/posts\/305082\/revisions"}],"wp:featuredmedia":[{"embeddable":true,"href":"https:\/\/www.europesays.com\/fr\/wp-json\/wp\/v2\/media\/305083"}],"wp:attachment":[{"href":"https:\/\/www.europesays.com\/fr\/wp-json\/wp\/v2\/media?parent=305082"}],"wp:term":[{"taxonomy":"category","embeddable":true,"href":"https:\/\/www.europesays.com\/fr\/wp-json\/wp\/v2\/categories?post=305082"},{"taxonomy":"post_tag","embeddable":true,"href":"https:\/\/www.europesays.com\/fr\/wp-json\/wp\/v2\/tags?post=305082"}],"curies":[{"name":"wp","href":"https:\/\/api.w.org\/{rel}","templated":true}]}}