{"id":305086,"date":"2025-08-08T12:37:12","date_gmt":"2025-08-08T12:37:12","guid":{"rendered":"https:\/\/www.europesays.com\/fr\/305086\/"},"modified":"2025-08-08T12:37:12","modified_gmt":"2025-08-08T12:37:12","slug":"michael-bay-quitte-le-film-daction-netflix-a-cause-de-will-smith","status":"publish","type":"post","link":"https:\/\/www.europesays.com\/fr\/305086\/","title":{"rendered":"Michael Bay quitte le film d&rsquo;action Netflix&#8230; \u00e0 cause de Will Smith"},"content":{"rendered":"<p><strong><a href=\"https:\/\/www.ecranlarge.com\/personnalite\/1096231-netflix\" data-type=\"people\" data-id=\"504445\" rel=\"nofollow noopener\" target=\"_blank\">Netflix<\/a> devait signer les retrouvailles de <a href=\"https:\/\/www.ecranlarge.com\/personnalite\/653775-michael-bay\" data-type=\"people\" data-id=\"492\" rel=\"nofollow noopener\" target=\"_blank\">Michael Bay<\/a> et <a href=\"https:\/\/www.ecranlarge.com\/personnalite\/654976-will-smith\" data-type=\"people\" data-id=\"481\" rel=\"nofollow noopener\" target=\"_blank\">Will Smith<\/a> avec l\u2019\u00e9norme film d\u2019action <a href=\"https:\/\/www.ecranlarge.com\/films\/fast-and-loose\" data-type=\"films\" data-id=\"1218248\" rel=\"nofollow noopener\" target=\"_blank\">Fast and Loose<\/a>, mais c\u2019est d\u00e9sormais du pass\u00e9.<\/strong><\/p>\n<p>Michael Bay et Will Smith, \u00e7a a un peu commenc\u00e9 par un quasi-coup de foudre avec <strong>Bad Boys. <\/strong>L\u2019acteur \u00e9tait d\u00e9j\u00e0 plus ou moins une star lors de la sortie du film en 1995 (gr\u00e2ce au <strong>Prince de Bel-Air<\/strong>), mais c\u2019\u00e9tait le premier film de Michael Bay derri\u00e8re la cam\u00e9ra \u00e0 l\u2019\u00e9poque. Et force est de constater que la carri\u00e8re des deux hommes a v\u00e9ritablement explos\u00e9 gr\u00e2ce au film, le cin\u00e9aste devenant un \u00e9tendard du cin\u00e9ma d\u2019action bourrin hollywoodien et Will Smith, une des figures majeures de l\u2019industrie.<\/p>\n<p>Smith et Bay avaient d\u2019ailleurs remis le couvert en 2003 avec <strong>Bad Boys 2<\/strong>, suite encore plus folle et d\u00e9jant\u00e9e que le premier volet devenu culte entre temps. Sauf que depuis, ils ne s\u2019\u00e9taient pas retrouv\u00e9s au cin\u00e9ma. Autant dire qu\u2019en octobre 2024, lorsque Netflix a annonc\u00e9 le lancement du <a href=\"https:\/\/www.ecranlarge.com\/films\/news\/michael-bay-will-smith-film-netflix-fast-and-loose\" data-type=\"link\" data-id=\"https:\/\/www.ecranlarge.com\/films\/news\/michael-bay-will-smith-film-netflix-fast-and-loose\" rel=\"nofollow noopener\" target=\"_blank\">film d\u2019action <strong>Fast and Loose <\/strong>avec Michael Bay \u00e0 la r\u00e9alisation et Will Smith<\/a> en acteur principal, on avait tr\u00e8s h\u00e2te de voir \u00e7a. Malheureusement, <strong>l\u2019idylle d\u2019antan semble bien loin vu les nouvelles annonces autour du film.<\/strong><\/p>\n<p>                    <img decoding=\"async\" alt=\"\" class=\"wp-image-518375\" style=\"object-fit:cover;width:25px;height:25px\" src=\"https:\/\/www.ecranlarge.com\/content\/uploads\/2023\/09\/arrow-right-circle.svg\"\/><\/p>\n<p><a href=\"https:\/\/www.ecranlarge.com\/content\/uploads\/2019\/01\/bad-boys-ii-photo-martin-lawrence-will-smith-1058331.jpg\" rel=\"nofollow noopener\" target=\"_blank\"><img loading=\"lazy\" decoding=\"async\" alt=\"Bad Boys II : photo, Martin Lawrence, Will Smith\" class=\"wp-image-62384\" src=\"https:\/\/www.europesays.com\/fr\/wp-content\/uploads\/2025\/08\/bad-boys-ii-photo-martin-lawrence-will-smith-1058331-630x394.jpg\" width=\"630\" height=\"394\"  \/><\/a>Fini l\u2019\u00e9poque de Bad Boysvery bad boys<\/p>\n<p>Selon Deadline, Michael Bay a abandonn\u00e9 le film du jour au lendemain. En cause : <strong>des diff\u00e9rends cr\u00e9atifs trop importants entre la vision du cin\u00e9aste et de Will Smith sur<\/strong> <strong>Fast and Loose. <\/strong>Pour rappel, le film doit suivre un homme (jou\u00e9 par Will Smith) qui se r\u00e9veille \u00e0 Tijuana sans aucun souvenir. Alors qu\u2019il tente de recoller les morceaux de son pass\u00e9, il apprend qu\u2019il vivait deux vies : une en tant que baron du crime, l\u2019autre comme agent de la CIA sous couverture.<\/p>\n<p>Un point de d\u00e9part qui ressemble plut\u00f4t bien au style de Michael Bay, promettant \u00e0 la fois beaucoup d\u2019action et un peu de l\u00e9g\u00e8ret\u00e9 comique vu la situation. Mais c\u2019est justement l\u00e0 que \u00e7a aurait coinc\u00e9 entre lui et Will Smith. Toujours selon Deadline, <strong>Bay souhaitait mettre davantage l\u2019accent sur la partie action, tandis que Smith souhaitait se concentrer sur la partie comique<\/strong>. Un d\u00e9saccord trop important sur la bonne approche \u00e0 avoir qui aurait men\u00e9 Michael Bay \u00e0 claquer la porte.<\/p>\n<p><a href=\"https:\/\/www.ecranlarge.com\/content\/uploads\/2019\/12\/6-underground-photo-1154800.jpg\" rel=\"nofollow noopener\" target=\"_blank\"><img loading=\"lazy\" decoding=\"async\" alt=\"6 Underground : photo\" class=\"wp-image-133816\" src=\"https:\/\/www.europesays.com\/fr\/wp-content\/uploads\/2025\/08\/6-underground-photo-1154800-630x420.jpg\" width=\"630\" height=\"420\"  \/><\/a>On ne reverra pas une explosion \u00e0 la Bay de sit\u00f4t sur Netflix<\/p>\n<p>Avec ce d\u00e9part, <strong>Netflix serait donc \u00e0 la recherche d\u2019un nouveau r\u00e9alisateur<\/strong>, histoire de pouvoir tenir le calendrier de tournage pr\u00e9vu, cens\u00e9 d\u00e9buter en octobre prochain. De son c\u00f4t\u00e9, Michael Bay ne devrait pas ch\u00f4mer pour autant vu le nombre de projets qu\u2019il a en cours. L\u2019Am\u00e9ricain est cens\u00e9 produire l\u2019adaptation du thriller d\u2019action et de science-fiction <strong>Saturation Point<\/strong>, sorte de mixte entre <strong>Annihilation<\/strong> et <strong>Apocalypse Now<\/strong>.<\/p>\n<p>                    <img decoding=\"async\" alt=\"\" class=\"wp-image-518375\" style=\"object-fit:cover;width:25px;height:25px\" src=\"https:\/\/www.ecranlarge.com\/content\/uploads\/2023\/09\/arrow-right-circle.svg\"\/><\/p>\n<p>Du c\u00f4t\u00e9 de la r\u00e9alisation, il est li\u00e9 \u00e0 trois projets de films. D\u2019abord, une adaptation en prises de vues r\u00e9elles du jeu vid\u00e9o <strong>OutRun<\/strong> avec Sydney Sweeney. Puis, une adaptation plus inattendue de la s\u00e9rie YouTube <strong>Skibidi Toilet<\/strong>, qui met en sc\u00e8ne une guerre absurde entre des toilettes \u00e0 t\u00eate humaine et des humano\u00efdes \u00e9quip\u00e9s d\u2019appareils \u00e9lectroniques \u00e0 la place de la t\u00eate (oui c\u2019est bizarre). Enfin, il serait surtout en n\u00e9gociations avec Paramount pour r\u00e9aliser un nouveau film <strong>Transformers<\/strong> et reprendre ainsi les commandes de la franchise.<\/p>\n<p>Autant dire que Michael Bay devrait se remettre de son diff\u00e9rend avec Will Smith assez rapidement. On esp\u00e8re en tout cas pouvoir d\u00e9couvrir rapidement <strong>We Are Storror, son film documentaire sur le parkour<\/strong>, dont les retours critiques sont excellents mais il n\u2019a malheureusement pas de date de sortie en France pour le moment.<\/p>\n","protected":false},"excerpt":{"rendered":"Netflix devait signer les retrouvailles de Michael Bay et Will Smith avec l\u2019\u00e9norme film d\u2019action Fast and Loose,&hellip;\n","protected":false},"author":2,"featured_media":305087,"comment_status":"","ping_status":"","sticky":false,"template":"","format":"standard","meta":{"footnotes":""},"categories":[1354],"tags":[58,59,1346,1011,27,1360],"class_list":{"0":"post-305086","1":"post","2":"type-post","3":"status-publish","4":"format-standard","5":"has-post-thumbnail","7":"category-films","8":"tag-divertissement","9":"tag-entertainment","10":"tag-films","11":"tag-fr","12":"tag-france","13":"tag-movies"},"share_on_mastodon":{"url":"https:\/\/pubeurope.com\/@fr\/114993184436745839","error":""},"_links":{"self":[{"href":"https:\/\/www.europesays.com\/fr\/wp-json\/wp\/v2\/posts\/305086","targetHints":{"allow":["GET"]}}],"collection":[{"href":"https:\/\/www.europesays.com\/fr\/wp-json\/wp\/v2\/posts"}],"about":[{"href":"https:\/\/www.europesays.com\/fr\/wp-json\/wp\/v2\/types\/post"}],"author":[{"embeddable":true,"href":"https:\/\/www.europesays.com\/fr\/wp-json\/wp\/v2\/users\/2"}],"replies":[{"embeddable":true,"href":"https:\/\/www.europesays.com\/fr\/wp-json\/wp\/v2\/comments?post=305086"}],"version-history":[{"count":0,"href":"https:\/\/www.europesays.com\/fr\/wp-json\/wp\/v2\/posts\/305086\/revisions"}],"wp:featuredmedia":[{"embeddable":true,"href":"https:\/\/www.europesays.com\/fr\/wp-json\/wp\/v2\/media\/305087"}],"wp:attachment":[{"href":"https:\/\/www.europesays.com\/fr\/wp-json\/wp\/v2\/media?parent=305086"}],"wp:term":[{"taxonomy":"category","embeddable":true,"href":"https:\/\/www.europesays.com\/fr\/wp-json\/wp\/v2\/categories?post=305086"},{"taxonomy":"post_tag","embeddable":true,"href":"https:\/\/www.europesays.com\/fr\/wp-json\/wp\/v2\/tags?post=305086"}],"curies":[{"name":"wp","href":"https:\/\/api.w.org\/{rel}","templated":true}]}}