{"id":305092,"date":"2025-08-08T12:40:14","date_gmt":"2025-08-08T12:40:14","guid":{"rendered":"https:\/\/www.europesays.com\/fr\/305092\/"},"modified":"2025-08-08T12:40:14","modified_gmt":"2025-08-08T12:40:14","slug":"ces-details-luxueux-qui-signent-leurs-looks-dultrariches-en-vacances-a-ibiza","status":"publish","type":"post","link":"https:\/\/www.europesays.com\/fr\/305092\/","title":{"rendered":"ces d\u00e9tails luxueux qui signent leurs looks d\u2019ultrariches en vacances \u00e0 Ibiza"},"content":{"rendered":"<p>Sur l\u2019\u00eele espagnole, le couple richissime a \u00e9t\u00e9 rep\u00e9r\u00e9 main dans la main, arborant des looks d\u00e9contract\u00e9s&#8230; avec quelques d\u00e9tails hors de prix.<\/p>\n<p class=\"fig-paragraph\">Le moins que l\u2019on puisse dire, c\u2019est que le confort est de mise chez les ultrariches cet \u00e9t\u00e9. Quand ce n\u2019est pas\u00a0<a href=\"http:\/\/madame.lefigaro.fr\/celebrites\/actu-people\/quand-soudain-leonardo-dicaprio-apparait-seul-une-goutte-de-sueur-sur-le-front-et-a-visage-decouvert-dans-les-tribunes-de-wimbledon-20250712\" target=\"_blank\" data-fig-type=\"Article\" rel=\"noopener\" data-gtm-custom-categorie=\"navigation\" data-gtm-custom-action=\"crossclick\" data-gtm-custom-label=\"Contextuel\" data-gtm-event=\"customEventSPE\" data-fig-domain=\"MADAME\">Leonardo DiCaprio<\/a>\u00a0qui est photographi\u00e9 en casquette militaire, torse nu et en maillot de bain sur la C\u00f4te d\u2019Azur, c\u2019est\u00a0<a href=\"http:\/\/madame.lefigaro.fr\/celebrites\/actu-people\/jeff-bezos-danse-un-peu-lauren-sanchez-beaucoup-cette-video-des-jeunes-maries-en-boite-de-nuit-a-ibiza-20250807\" target=\"_blank\" data-fig-type=\"Article\" rel=\"noopener\" data-gtm-custom-categorie=\"navigation\" data-gtm-custom-action=\"crossclick\" data-gtm-custom-label=\"Contextuel\" data-gtm-event=\"customEventSPE\" data-fig-domain=\"MADAME\">Jeff Bezos et Lauren Sanchez<\/a>\u00a0qui sortent les tenues vestimentaires ultra-d\u00e9contract\u00e9es. Jamais, \u00e9videmment, sans accessoiriser leur silhouette d\u2019un petit accessoire hors de prix.<\/p>\n<p class=\"fig-paragraph\">Le 8 ao\u00fbt \u00e0 Ibiza, l\u2019ancienne pr\u00e9sentatrice de t\u00e9l\u00e9vision de 55 ans et le patron d\u2019Amazon de 61 ans, qui se sont mari\u00e9s lors d\u2019une\u00a0<a href=\"http:\/\/madame.lefigaro.fr\/celebrites\/actu-people\/la-soeur-de-lauren-sanchez-devoile-des-photos-rares-et-inedites-du-mariage-a-venise-de-jeff-bezos-20250709\" target=\"_blank\" data-fig-type=\"Article\" rel=\"noopener\" data-gtm-custom-categorie=\"navigation\" data-gtm-custom-action=\"crossclick\" data-gtm-custom-label=\"Contextuel\" data-gtm-event=\"customEventSPE\" data-fig-domain=\"MADAME\">c\u00e9r\u00e9monie fastueuse au mois de juin \u00e0 Venise<\/a>, ont \u00e9t\u00e9 rep\u00e9r\u00e9s main dans la main au bord de la mer. Habill\u00e9e d\u2019une simple robe blanche sans bretelles &#8211; qui contraste avec sa r\u00e9cente robe transparente, moulante et l\u00e9opard arbor\u00e9e quelques jours plus t\u00f4t \u00e0 la sortie d\u2019un restaurant \u00e9toil\u00e9 de\u00a0<a href=\"http:\/\/madame.lefigaro.fr\/celebrites\/actu-people\/en-claquettes-chaussettes-brooklyn-beckham-profite-de-ses-vacances-a-saint-tropez-20250720\" target=\"_blank\" data-fig-type=\"Article\" rel=\"noopener\" data-gtm-custom-categorie=\"navigation\" data-gtm-custom-action=\"crossclick\" data-gtm-custom-label=\"Contextuel\" data-gtm-event=\"customEventSPE\" data-fig-domain=\"MADAME\">Saint-Tropez<\/a>\u00a0-, Lauren Sanchez a jet\u00e9 son d\u00e9volu sur un maxichapeau en raphia, des lunettes de soleil mouche et des sandales \u00e0 brides immacul\u00e9es. \u00c0 son poignet, la femme du milliardaire affichait tout de m\u00eame son cadeau de mariage\u00a0: une imposante montre Richard Mille d\u2019une valeur de 250.000 euros.<\/p>\n<p>    <a href=\"https:\/\/photo-madame.lefigaro.fr\/celebrites\/actu-people\/en-photos-le-mysterieux-yacht-koru-de-jeff-bezos-et-lauren-sanchez-20250724\" target=\"_blank\" rel=\"noopener\"><\/p>\n<p class=\"fig-slideshow__title\">\n                    En photos, le majestueux et myst\u00e9rieux yacht de Jeff Bezos et Lauren S\u00e1nchez\n                <\/p>\n<p>    <\/a><\/p>\n<p>                                    <a class=\"fig-a11y-skip a11y-hidden\" href=\"#fig-a11y-skip-main-inarticle\"><br \/>\n        Passer la publicit\u00e9<br \/>\n    <\/a><\/p>\n<p>Des vacances plus \u00abcool\u00bb<\/p>\n<p class=\"fig-paragraph\">Largement plus cosy, Jeff Bezos a de son c\u00f4t\u00e9 mis\u00e9 sur un ensemble bleu marine caract\u00e9ris\u00e9 par le fameux tee-shirt \u00e0 col rond qu\u2019il quitte rarement ,au m\u00eame titre que ses lunettes aviateur, assorti \u00e0 un pantalon de jogging \u00abhabill\u00e9\u00bb. S\u2019il est difficile de conna\u00eetre les marques de ses v\u00eatements, le chef d\u2019entreprise est toutefois connu pour fr\u00e9quenter les boutiques de Brunello Cucinelli et Ermenegildo Zegna, deux marques qui ciblent une client\u00e8le richissime. Pour les chaussures, pas de mocassins, mais une paire de baskets noires \u00e0 semelles blanches port\u00e9es avec des\u00a0<a href=\"http:\/\/madame.lefigaro.fr\/style\/news\/qui-sont-ces-gens-qui-portent-des-socquettes-20240614\" target=\"_blank\" data-fig-type=\"Article\" rel=\"noopener\" data-gtm-custom-categorie=\"navigation\" data-gtm-custom-action=\"crossclick\" data-gtm-custom-label=\"Contextuel\" data-gtm-event=\"customEventSPE\" data-fig-domain=\"MADAME\">socquettes<\/a>. Ni plus ni moins que l\u2019essentiel pour \u00eatre \u00e0 l\u2019aise en vacances, sans trop se faire remarquer.<\/p>\n<p class=\"fig-paragraph\">Deux silhouettes bien diff\u00e9rentes de celles que le couple porte habituellement, notamment Lauren Sanchez. Fid\u00e8le cliente des soir\u00e9es mondaines et \u00e9v\u00e9nements ultra-priv\u00e9s, la m\u00e8re du mannequin Nikko Gonzalez est surtout une adepte des robes extravagantes. Son mariage avec Jeff Bezos en a \u00e9t\u00e9 la preuve\u00a0: robe sculpturale Schiaparelli haute couture avec corset champagne ultra-serr\u00e9 le 26 juin, puis\u00a0<a href=\"http:\/\/madame.lefigaro.fr\/mariage\/en-images-lauren-sanchez-epouse-jeff-bezos-dans-une-robe-de-mariee-en-dentelle-dolce-gabbana-20250627\" target=\"_blank\" data-fig-type=\"Article\" rel=\"noopener\" data-gtm-custom-categorie=\"navigation\" data-gtm-custom-action=\"crossclick\" data-gtm-custom-label=\"Contextuel\" data-gtm-event=\"customEventSPE\" data-fig-domain=\"MADAME\">cr\u00e9ation sur-mesure Dolce &amp; Gabbana le jour-J<\/a>, lui offrant m\u00eame le droit de poser en couverture du magazine Vogue. Le \u00abquiet luxury\u00bb, c\u2019est seulement en vacances pour le couple Bezos, mais \u00e0 petite dose.<\/p>\n","protected":false},"excerpt":{"rendered":"Sur l\u2019\u00eele espagnole, le couple richissime a \u00e9t\u00e9 rep\u00e9r\u00e9 main dans la main, arborant des looks d\u00e9contract\u00e9s&#8230; avec&hellip;\n","protected":false},"author":2,"featured_media":305093,"comment_status":"","ping_status":"","sticky":false,"template":"","format":"standard","meta":{"footnotes":""},"categories":[8],"tags":[58,59,123,1011,27,985,2528],"class_list":{"0":"post-305092","1":"post","2":"type-post","3":"status-publish","4":"format-standard","5":"has-post-thumbnail","7":"category-divertissement","8":"tag-divertissement","9":"tag-entertainment","10":"tag-espagne","11":"tag-fr","12":"tag-france","13":"tag-mode","14":"tag-vacances"},"share_on_mastodon":{"url":"https:\/\/pubeurope.com\/@fr\/114993196268899665","error":""},"_links":{"self":[{"href":"https:\/\/www.europesays.com\/fr\/wp-json\/wp\/v2\/posts\/305092","targetHints":{"allow":["GET"]}}],"collection":[{"href":"https:\/\/www.europesays.com\/fr\/wp-json\/wp\/v2\/posts"}],"about":[{"href":"https:\/\/www.europesays.com\/fr\/wp-json\/wp\/v2\/types\/post"}],"author":[{"embeddable":true,"href":"https:\/\/www.europesays.com\/fr\/wp-json\/wp\/v2\/users\/2"}],"replies":[{"embeddable":true,"href":"https:\/\/www.europesays.com\/fr\/wp-json\/wp\/v2\/comments?post=305092"}],"version-history":[{"count":0,"href":"https:\/\/www.europesays.com\/fr\/wp-json\/wp\/v2\/posts\/305092\/revisions"}],"wp:featuredmedia":[{"embeddable":true,"href":"https:\/\/www.europesays.com\/fr\/wp-json\/wp\/v2\/media\/305093"}],"wp:attachment":[{"href":"https:\/\/www.europesays.com\/fr\/wp-json\/wp\/v2\/media?parent=305092"}],"wp:term":[{"taxonomy":"category","embeddable":true,"href":"https:\/\/www.europesays.com\/fr\/wp-json\/wp\/v2\/categories?post=305092"},{"taxonomy":"post_tag","embeddable":true,"href":"https:\/\/www.europesays.com\/fr\/wp-json\/wp\/v2\/tags?post=305092"}],"curies":[{"name":"wp","href":"https:\/\/api.w.org\/{rel}","templated":true}]}}