{"id":305094,"date":"2025-08-08T12:41:14","date_gmt":"2025-08-08T12:41:14","guid":{"rendered":"https:\/\/www.europesays.com\/fr\/305094\/"},"modified":"2025-08-08T12:41:14","modified_gmt":"2025-08-08T12:41:14","slug":"google-agenda-va-devenir-plus-lisible-avec-ce-nouveau-design","status":"publish","type":"post","link":"https:\/\/www.europesays.com\/fr\/305094\/","title":{"rendered":"Google Agenda va devenir plus lisible avec ce nouveau design"},"content":{"rendered":"<p>Google continue de mettre \u00e0 jour ses applications avec son nouveau design aux formes plus arrondies. C\u2019est d\u00e9sormais au tour de l\u2019application agenda de s\u2019harmoniser.<\/p>\n<p><a target=\"_blank\" href=\"https:\/\/images.frandroid.com\/wp-content\/uploads\/2024\/03\/design-sans-titre-53.jpg\" class=\"article-content__figure\" rel=\"nofollow noopener\"><img fetchpriority=\"high\" decoding=\"async\" loading=\"eager\" width=\"1200\" height=\"675\" src=\"https:\/\/www.europesays.com\/fr\/wp-content\/uploads\/2025\/08\/design-sans-titre-53.jpg\" alt=\"\" class=\"wp-image-1970088 wp-image wp-image\"  \/><\/a>Le logo de Google Agenda \/\/ Source : Montage Frandroid<\/p>\n<p>Les \u00e9quipes de Google continuent de d\u00e9ployer massivement le nouveau design <a href=\"https:\/\/www.frandroid.com\/android\/2613721_android-change-de-look-avec-material-3-expressive-voici-comment-google-compte-seduire-les-jeunes-utilisateurs-qui-preferent-liphone\" rel=\"nofollow noopener\" target=\"_blank\">\u00ab Material 3 Expressive \u00bb<\/a>. Cette nouvelle interface centr\u00e9e sur l\u2019\u00e9motion et l\u2019expressivit\u00e9 donne aux applications des formes arrondies et des teintes plus dynamiques, permettant une meilleure lisibilit\u00e9. Apr\u00e8s avoir proc\u00e9d\u00e9 \u00e0 <a href=\"https:\/\/www.frandroid.com\/marques\/google\/2753959_une-refonte-majeure-lapplication-telephone-de-google-devoile-3-nouveautes\" rel=\"nofollow noopener\" target=\"_blank\">la refonte de l\u2019application T\u00e9l\u00e9phone<\/a>, c\u2019est maintenant au tour de Google Agenda d\u2019adopter ce changement. <\/p>\n<p class=\"shortcode-container see-more\">\n    Pour aller plus loin<br \/><a href=\"https:\/\/www.frandroid.com\/marques\/google\/2382530_google-agenda-une-nouvelle-fonctionnalite-rendrait-cette-autre-application-google-inutile\" rel=\"nofollow noopener\" target=\"_blank\">Google Agenda\u00a0: une nouvelle fonctionnalit\u00e9 rendrait cette autre application Google inutile<\/a>\n            <\/p>\n<p>Une interface modernis\u00e9e <\/p>\n<p>Cette nouveaut\u00e9 observ\u00e9e dans la version 2025.30.x de Google Agenda par les \u00e9quipes de <a target=\"_blank\" href=\"https:\/\/9to5google.com\/2025\/08\/07\/google-calendar-material-3-expressive-redesign\/\" rel=\"nofollow noopener\">9to5Google<\/a> ne concernerait pour le moment que certaines sections.<\/p>\n<p>\t\t\t\t\t\t<a href=\"https:\/\/images.frandroid.com\/wp-content\/uploads\/2025\/08\/Google-Calendar-Material-You-2-1.webp\" itemprop=\"url\" rel=\"nofollow noopener\" target=\"_blank\"><\/p>\n<p>\t\t\t\t\t\t\t<img decoding=\"async\" class=\"wp-image\" src=\"https:\/\/www.europesays.com\/fr\/wp-content\/uploads\/2025\/08\/Google-Calendar-Material-You-2-1.webp\"  width=\"468\" height=\"1014\" loading=\"lazy\" data-original-width=\"468\" data-original-height=\"1014\" itemprop=\"http:\/\/schema.org\/image\" title=\"Google-Calendar-Material-You-2\" alt=\"Ancienne version de Google Agenda \/\/ Source : 9to5Google\" style=\"width: 468px; height: 1014px;\"\/><br \/>\n\t\t\t\t\t\t<\/a><\/p>\n<p>\t\t\t\t\t\t\t\tAncienne version de Google Agenda \/\/ Source : <a target=\"_blank\" href=\"https:\/\/9to5google.com\/2025\/08\/07\/google-calendar-material-3-expressive-redesign\/\" rel=\"nofollow noopener\">9to5Google<\/a>\t\t\t\t\t\t\t<\/p>\n<p>\t\t\t\t\t\t<a href=\"https:\/\/images.frandroid.com\/wp-content\/uploads\/2025\/08\/Google-Calendar-Material-3-Expressive-redesign-2.webp\" itemprop=\"url\" rel=\"nofollow noopener\" target=\"_blank\"><\/p>\n<p>\t\t\t\t\t\t\t<img decoding=\"async\" class=\"wp-image\" src=\"https:\/\/www.europesays.com\/fr\/wp-content\/uploads\/2025\/08\/Google-Calendar-Material-3-Expressive-redesign-2.webp\"  width=\"452\" height=\"1014\" loading=\"lazy\" data-original-width=\"452\" data-original-height=\"1014\" itemprop=\"http:\/\/schema.org\/image\" title=\"Google-Calendar-Material-3-Expressive-redesign-2\" alt=\"Nouvelle version de Google Agenda \/\/ Source : 9to5Google\" style=\"width: 452px; height: 1014px;\"\/><br \/>\n\t\t\t\t\t\t<\/a><\/p>\n<p>\t\t\t\t\t\t\t\tNouvelle version de Google Agenda \/\/ Source : <a target=\"_blank\" href=\"https:\/\/9to5google.com\/2025\/08\/07\/google-calendar-material-3-expressive-redesign\/\" rel=\"nofollow noopener\">9to5Google<\/a>\t\t\t\t\t\t\t<\/p>\n<p>Les vues journali\u00e8res et hebdomadaires profitent de ce nouvel affichage. Dor\u00e9navant, les lignes des cr\u00e9neaux horaires et des jours sont remplac\u00e9s par des blocs color\u00e9s arrondis. Les couleurs adoptent la teinte principale du th\u00e8me. De quoi am\u00e9liorer la visibilit\u00e9. <\/p>\n<p>\t\t\t\t\t\t<a href=\"https:\/\/images.frandroid.com\/wp-content\/uploads\/2025\/08\/Google-Calendar-Material-You-5.webp\" itemprop=\"url\" rel=\"nofollow noopener\" target=\"_blank\"><\/p>\n<p>\t\t\t\t\t\t\t<img decoding=\"async\" class=\"wp-image\" src=\"https:\/\/www.europesays.com\/fr\/wp-content\/uploads\/2025\/08\/Google-Calendar-Material-You-5.webp\"  width=\"468\" height=\"1014\" loading=\"lazy\" data-original-width=\"468\" data-original-height=\"1014\" itemprop=\"http:\/\/schema.org\/image\" title=\"Google-Calendar-Material-You-5\" alt=\"Ancien affichage mensuel Google Agenda \/\/ Source : 9to5Google\" style=\"width: 468px; height: 1014px;\"\/><br \/>\n\t\t\t\t\t\t<\/a><\/p>\n<p>\t\t\t\t\t\t\t\tAncien affichage mensuel Google Agenda \/\/ Source : <a target=\"_blank\" href=\"https:\/\/9to5google.com\/2025\/08\/07\/google-calendar-material-3-expressive-redesign\/\" rel=\"nofollow noopener\">9to5Google<\/a>\t\t\t\t\t\t\t<\/p>\n<p>\t\t\t\t\t\t<a href=\"https:\/\/images.frandroid.com\/wp-content\/uploads\/2025\/08\/Google-Calendar-Material-3-Expressive-redesign-5.webp\" itemprop=\"url\" rel=\"nofollow noopener\" target=\"_blank\"><\/p>\n<p>\t\t\t\t\t\t\t<img decoding=\"async\" class=\"wp-image\" src=\"https:\/\/www.europesays.com\/fr\/wp-content\/uploads\/2025\/08\/Google-Calendar-Material-3-Expressive-redesign-5.webp\"  width=\"452\" height=\"1014\" loading=\"lazy\" data-original-width=\"452\" data-original-height=\"1014\" itemprop=\"http:\/\/schema.org\/image\" title=\"Google-Calendar-Material-3-Expressive-redesign-5\" alt=\"Nouvel affichage mensuel Google Agenda \/\/ Source : 9to5Google\" style=\"width: 452px; height: 1014px;\"\/><br \/>\n\t\t\t\t\t\t<\/a><\/p>\n<p>\t\t\t\t\t\t\t\tNouvel affichage mensuel Google Agenda \/\/ Source : <a target=\"_blank\" href=\"https:\/\/9to5google.com\/2025\/08\/07\/google-calendar-material-3-expressive-redesign\/\" rel=\"nofollow noopener\">9to5Google<\/a>\t\t\t\t\t\t\t<\/p>\n<p>Pour ce qui est de la vue mensuelle, on observe un changement suppl\u00e9mentaire. Au-del\u00e0 de ces blocs de couleurs distincts, l\u2019application affichage des abr\u00e9viations plus longues pour les jours. <\/p>\n<p>D\u2019autres changements \u00e0 venir<\/p>\n<p>Pour l\u2019instant, cette refonte graphique n\u2019a \u00e9t\u00e9 que partiellement effectu\u00e9e, pr\u00e9cise 9to5Google. \u00c0 l\u2019exception des vues pr\u00e9sent\u00e9es plus haut, d\u2019autres \u00e9l\u00e9ments, comme la cr\u00e9ation d\u2019\u00e9v\u00e9nements ou les param\u00e8tres, conservent encore leur ancien design.  <\/p>\n<p>En cours de d\u00e9ploiement, cette nouvelle interface pourrait mettre quelques semaines avant d\u2019\u00eatre disponible sur les <a href=\"https:\/\/www.frandroid.com\/guide-dachat\/smartphones\/332196_10-smartphones-attendus-debut-2016\" rel=\"nofollow noopener\" target=\"_blank\">smartphones<\/a> de l\u2019ensemble des utilisateurs. <\/p>\n","protected":false},"excerpt":{"rendered":"Google continue de mettre \u00e0 jour ses applications avec son nouveau design aux formes plus arrondies. C\u2019est d\u00e9sormais&hellip;\n","protected":false},"author":2,"featured_media":305095,"comment_status":"","ping_status":"","sticky":false,"template":"","format":"standard","meta":{"footnotes":""},"categories":[7],"tags":[1011,27,44490,43,40,41,39,42,44],"class_list":{"0":"post-305094","1":"post","2":"type-post","3":"status-publish","4":"format-standard","5":"has-post-thumbnail","7":"category-sciences-et-technologies","8":"tag-fr","9":"tag-france","10":"tag-google-agenda","11":"tag-science","12":"tag-science-and-technology","13":"tag-sciences","14":"tag-sciences-et-technologies","15":"tag-technologies","16":"tag-technology"},"share_on_mastodon":{"url":"https:\/\/pubeurope.com\/@fr\/114993200363440928","error":""},"_links":{"self":[{"href":"https:\/\/www.europesays.com\/fr\/wp-json\/wp\/v2\/posts\/305094","targetHints":{"allow":["GET"]}}],"collection":[{"href":"https:\/\/www.europesays.com\/fr\/wp-json\/wp\/v2\/posts"}],"about":[{"href":"https:\/\/www.europesays.com\/fr\/wp-json\/wp\/v2\/types\/post"}],"author":[{"embeddable":true,"href":"https:\/\/www.europesays.com\/fr\/wp-json\/wp\/v2\/users\/2"}],"replies":[{"embeddable":true,"href":"https:\/\/www.europesays.com\/fr\/wp-json\/wp\/v2\/comments?post=305094"}],"version-history":[{"count":0,"href":"https:\/\/www.europesays.com\/fr\/wp-json\/wp\/v2\/posts\/305094\/revisions"}],"wp:featuredmedia":[{"embeddable":true,"href":"https:\/\/www.europesays.com\/fr\/wp-json\/wp\/v2\/media\/305095"}],"wp:attachment":[{"href":"https:\/\/www.europesays.com\/fr\/wp-json\/wp\/v2\/media?parent=305094"}],"wp:term":[{"taxonomy":"category","embeddable":true,"href":"https:\/\/www.europesays.com\/fr\/wp-json\/wp\/v2\/categories?post=305094"},{"taxonomy":"post_tag","embeddable":true,"href":"https:\/\/www.europesays.com\/fr\/wp-json\/wp\/v2\/tags?post=305094"}],"curies":[{"name":"wp","href":"https:\/\/api.w.org\/{rel}","templated":true}]}}