{"id":30510,"date":"2025-04-17T01:57:14","date_gmt":"2025-04-17T01:57:14","guid":{"rendered":"https:\/\/www.europesays.com\/fr\/30510\/"},"modified":"2025-04-17T01:57:14","modified_gmt":"2025-04-17T01:57:14","slug":"alsace-de-serbie-a-strasbourg-a-velo-pour-sauver-leur-pays","status":"publish","type":"post","link":"https:\/\/www.europesays.com\/fr\/30510\/","title":{"rendered":"Alsace. De Serbie \u00e0 Strasbourg \u00e0 v\u00e9lo pour \u00ab\u00a0sauver\u00a0\u00bb leur pays"},"content":{"rendered":"<p>Leur multitude de badges annonce la couleur\u00a0: \u00ab\u00a0Strasbourg j\u2019arrive\u00a0!\u00a0\u00bb \u00ab\u00a0Tura do Strazbura, pedalom za pravdu\u00a0\u00bb (En route pour Strasbourg, p\u00e9daler pour la justice), et \u00ab\u00a0Pumpaj\u00a0\u00bb (\u00ab\u00a0Pomper\u00a0!\u00a0\u00bb), r\u00e9f\u00e9rence \u00e0 la pompe \u00e0 v\u00e9lo et au refus de laisser la pression retomber.<\/p>\n<p>Leur mouvement dure depuis novembre, commenc\u00e9 apr\u00e8s l\u2019effondrement meurtrier d\u2019un <a href=\"http:\/\/www.dna.fr\/faits-divers-justice\/2024\/11\/01\/au-moins-12-morts-dans-l-effondrement-d-un-toit-dans-une-gare\" target=\"_blank\" rel=\"nofollow noopener\"> auvent de la gare de Novi Sad (16 morts)<\/a> , qui venait pourtant d\u2019\u00eatre refait. Symptomatique selon eux de la corruption qui ronge le pays. Le mouvement a essaim\u00e9 et fait d\u00e9filer r\u00e9guli\u00e8rement des centaines de milliers de gens. <a href=\"http:\/\/www.dna.fr\/politique\/2025\/03\/29\/face-au-soulevement-des-etudiants-le-silence-assourdissant-de-l-union-europeenne\" target=\"_blank\" rel=\"nofollow noopener\">Les universit\u00e9s sont \u00e0 l\u2019arr\u00eat, les \u00e9tudiants multiplient les modes d\u2019action,<\/a> et c\u2019est ainsi que 80 d\u2019entre eux, \u00e0 Novi Sad, ont pris leur v\u00e9lo pour aller porter leur message \u00e0 Strasbourg \u00ab\u00a0ville-symbole des droits de l\u2019homme et des institutions europ\u00e9ennes\u00a0\u00bb.<\/p>\n<p>1\u00a0400\u00a0km de bitume et de sueur plus tard, les voici devant le Conseil de l\u2019Europe (46 \u00c9tats membres, dont la Serbie). \u00ab\u00a0Certains ne sont pas cyclistes du tout et leur v\u00e9lo est en mauvais \u00e9tat. J\u2019en ai vu un freiner avec les pieds\u00a0!\u00a0\u00bb, nous raconte Slobodan, install\u00e9 \u00e0 Munich depuis 20 ans, qui s\u2019est joint aux \u00e9tudiants pour rouler les derni\u00e8res centaines de bornes. \u00ab\u00a0C\u2019est une \u00e9vidence de les soutenir, il se passe quelque chose de tr\u00e8s fort\u00a0\u00bb, ajoute le quinquag\u00e9naire.<\/p>\n<p>  \u00ab\u00a0600\u00a0000 personnes ont quitt\u00e9 la Serbie ces dix derni\u00e8res ann\u00e9es. Ces jeunes manifestent pour ne pas devoir faire pareil\u00a0\u00bb<\/p>\n<p>\u00ab\u00a0On veut sauver notre pays de la corruption et de l\u2019injustice, on veut un pays qui fonctionne\u00a0\u00bb, r\u00e9sume Tara, \u00e9tudiante en biologie mol\u00e9culaire de 21 ans, qui a fait la route \u00e0 v\u00e9lo et se retrouve \u00ab\u00a0tr\u00e8s \u00e9mue d\u2019\u00eatre arriv\u00e9e \u00e0 Strasbourg\u00a0\u00bb.<\/p>\n<p>\u00ab\u00a0600\u00a0000 personnes ont quitt\u00e9 la Serbie ces dix derni\u00e8res ann\u00e9es. Ces jeunes manifestent pour ne pas devoir faire pareil. Ils aiment leur pays, ils n\u2019ont pas envie de le quitter, alors ils essaient de le sauver\u00a0\u00bb, explique Patrick Strajnic, artiste franco-serbe install\u00e9 \u00e0 Strasbourg depuis 40 ans, venu soutenir la troupe comme les centaines d\u2019autres personnes de tous \u00e2ges qui agitent le drapeau serbe.<\/p>\n<p>\u00ab\u00a0Je vais en Serbie tous les ans pour voir mes parents, poursuit le Serbo-Strasbourgeois. C\u2019est la premi\u00e8re fois qu\u2019un mouvement politique me donne les larmes aux yeux. Tous ces r\u00eaves que les Serbes avaient froiss\u00e9s au fond de leur poche, le mouvement des \u00e9tudiants les a r\u00e9veill\u00e9s.\u00a0\u00bb<\/p>\n<p>\u00ab\u00a0Nous ne voulons pas lib\u00e9rer la Serbie, nous voulons la ranimer\u00a0!\u00a0\u00bb, s\u2019exclame l\u2019un des jeunes cyclistes dans un m\u00e9gaphone, dans un message pour le pr\u00e9sident fran\u00e7ais (jug\u00e9 trop complaisant avec le pr\u00e9sident serbe) et les institutions europ\u00e9ennes.<\/p>\n<p>Au Parlement, trois d\u00e9put\u00e9s europ\u00e9ens accueillent les 80 cyclistes. La centriste alsacienne Fabienne Keller, sa coll\u00e8gue slov\u00e8ne Irena Joveva, et l\u2019\u00e9cologiste croate Gordan Bosanac \u00e9coutent leurs dol\u00e9ances. \u00ab\u00a0Vous d\u00e9fendez les principes que l\u2019Europe doit incarner, leur dit l\u2019\u00e9lue slov\u00e8ne. Je vous promets que nous ferons tout ce que nous pourrons pour vous aider.\u00a0\u00bb<\/p>\n","protected":false},"excerpt":{"rendered":"Leur multitude de badges annonce la couleur\u00a0: \u00ab\u00a0Strasbourg j\u2019arrive\u00a0!\u00a0\u00bb \u00ab\u00a0Tura do Strazbura, pedalom za pravdu\u00a0\u00bb (En route pour&hellip;\n","protected":false},"author":2,"featured_media":30511,"comment_status":"","ping_status":"","sticky":false,"template":"","format":"standard","meta":{"footnotes":""},"categories":[2820],"tags":[1111,11,2389,1777,674,107,1011,27,775,12,316,25,640],"class_list":{"0":"post-30510","1":"post","2":"type-post","3":"status-publish","4":"format-standard","5":"has-post-thumbnail","7":"category-strasbourg","8":"tag-actu","9":"tag-actualites","10":"tag-alsace","11":"tag-eu","12":"tag-europe","13":"tag-fil-info","14":"tag-fr","15":"tag-france","16":"tag-grand-est","17":"tag-news","18":"tag-politique","19":"tag-republique-francaise","20":"tag-strasbourg"},"share_on_mastodon":{"url":"","error":""},"_links":{"self":[{"href":"https:\/\/www.europesays.com\/fr\/wp-json\/wp\/v2\/posts\/30510","targetHints":{"allow":["GET"]}}],"collection":[{"href":"https:\/\/www.europesays.com\/fr\/wp-json\/wp\/v2\/posts"}],"about":[{"href":"https:\/\/www.europesays.com\/fr\/wp-json\/wp\/v2\/types\/post"}],"author":[{"embeddable":true,"href":"https:\/\/www.europesays.com\/fr\/wp-json\/wp\/v2\/users\/2"}],"replies":[{"embeddable":true,"href":"https:\/\/www.europesays.com\/fr\/wp-json\/wp\/v2\/comments?post=30510"}],"version-history":[{"count":0,"href":"https:\/\/www.europesays.com\/fr\/wp-json\/wp\/v2\/posts\/30510\/revisions"}],"wp:featuredmedia":[{"embeddable":true,"href":"https:\/\/www.europesays.com\/fr\/wp-json\/wp\/v2\/media\/30511"}],"wp:attachment":[{"href":"https:\/\/www.europesays.com\/fr\/wp-json\/wp\/v2\/media?parent=30510"}],"wp:term":[{"taxonomy":"category","embeddable":true,"href":"https:\/\/www.europesays.com\/fr\/wp-json\/wp\/v2\/categories?post=30510"},{"taxonomy":"post_tag","embeddable":true,"href":"https:\/\/www.europesays.com\/fr\/wp-json\/wp\/v2\/tags?post=30510"}],"curies":[{"name":"wp","href":"https:\/\/api.w.org\/{rel}","templated":true}]}}