{"id":305100,"date":"2025-08-08T12:44:10","date_gmt":"2025-08-08T12:44:10","guid":{"rendered":"https:\/\/www.europesays.com\/fr\/305100\/"},"modified":"2025-08-08T12:44:10","modified_gmt":"2025-08-08T12:44:10","slug":"des-agriculteurs-organisent-un-barbecue-geant-devant-la-future-maison-de-vacances-de-sandrine-rousseau","status":"publish","type":"post","link":"https:\/\/www.europesays.com\/fr\/305100\/","title":{"rendered":"Des agriculteurs organisent un barbecue g\u00e9ant devant la future maison de vacances de Sandrine Rousseau"},"content":{"rendered":"<p>La d\u00e9put\u00e9e \u00e9cologiste projette d\u2019acqu\u00e9rir une r\u00e9sidence secondaire au milieu d\u2019une zone agricole, en Bretagne. De quoi agacer les cultivateurs, qui organisent ce vendredi soir un barbecue g\u00e9ant sur le terrain convoit\u00e9 par Sandrine Rousseau.<\/p>\n<p class=\"fig-paragraph\">Un barbecue g\u00e9ant pour\u00a0<a href=\"http:\/\/www.lefigaro.fr\/actualite-france\/bretagne-un-projet-immobilier-de-sandrine-rousseau-suscite-l-incomprehension-d-agriculteurs-20250801\" data-fig-type=\"NewsFlash\" data-gtm-custom-categorie=\"navigation\" data-gtm-custom-action=\"crossclick\" data-gtm-custom-label=\"Contextuel\" data-gtm-event=\"customEventSPE\" data-fig-domain=\"LEFIGARO\" target=\"_blank\" rel=\"noopener\">faire fuir Sandrine Rousseau des terres bretonnes<\/a>. Ce vendredi 8 ao\u00fbt, \u00e0 19 heures, des agriculteurs du Finist\u00e8re organisent un repas devant la r\u00e9sidence secondaire que la d\u00e9put\u00e9e \u00e9cologiste est en train d\u2019acqu\u00e9rir \u00e0 Din\u00e9ault, une petite commune de 1800 habitants, raconte le\u00a0<a href=\"https:\/\/www.lejdd.fr\/Societe\/bretagne-des-agriculteurs-organisent-un-barbecue-geant-contre-la-residence-secondaire-de-sandrine-rousseau-160864\" target=\"_blank\" rel=\"sponsored noopener\" data-gtm-custom-categorie=\"navigation\" data-gtm-custom-action=\"crossclick\" data-gtm-custom-label=\"Contextuel\" data-gtm-event=\"customEventSPE\">JDD<\/a> . \u00abParce qu\u2019on aime le charbon (v\u00e9g\u00e9tal&#8230; mais surtout en braise), le feu de bois, le b\u0153uf bien saignant, et la libert\u00e9 de se retrouver entre carnivores affam\u00e9s\u00bb, notifie l\u2019affiche partag\u00e9e sur le compte Facebook de la Coordination rurale du Finist\u00e8re. Un commentaire en clin d\u2019\u0153il aux propos de\u00a0<a href=\"http:\/\/www.lefigaro.fr\/politique\/je-maintiens-mes-propos-malgre-sa-declaration-polemique-sur-les-agriculteurs-sandrine-rousseau-persiste-20250721\" data-fig-type=\"Article\" data-gtm-custom-categorie=\"navigation\" data-gtm-custom-action=\"crossclick\" data-gtm-custom-label=\"Contextuel\" data-gtm-event=\"customEventSPE\" data-fig-domain=\"LEFIGARO\" target=\"_blank\" rel=\"noopener\">Sandrine Rousseau<\/a>, qui assure depuis plusieurs ann\u00e9es que le\u00a0<a href=\"http:\/\/www.lefigaro.fr\/politique\/le-barbecue-symbole-de-virilite-toutes-les-etudes-montrent-que-j-ai-raison-insiste-sandrine-rousseau-20220904\" data-fig-type=\"NewsFlash\" data-gtm-custom-categorie=\"navigation\" data-gtm-custom-action=\"crossclick\" data-gtm-custom-label=\"Contextuel\" data-gtm-event=\"customEventSPE\" data-fig-domain=\"LEFIGARO\" target=\"_blank\" rel=\"noopener\">barbecue et la viande rouge sont \u00absymboles de virilit\u00e9\u00bb<\/a> .<\/p>\n<p>    L\u2019\u00e9v\u00e9nement est organis\u00e9 au lieu-dit Le Guilly, \u00e0 Din\u00e9ault dans le Finist\u00e8re.<br \/>\n                Capture d\u2019\u00e9cran Facebook &#8211; Coordination rurale du Finist\u00e8re<\/p>\n<p class=\"fig-paragraph\">L\u2019homme \u00e0 l\u2019origine de cet \u00e9v\u00e9nement n\u2019est autre que l\u2019un de ses futurs voisins\u00a0: Patrik Sastre-Coader, secr\u00e9taire g\u00e9n\u00e9ral de la Coordination rurale du Finist\u00e8re et \u00e9leveur de moutons en agriculture biologique \u00e0 Din\u00e9ault. Pour lui, il n\u2019est pas concevable que la d\u00e9put\u00e9e \u00e9cologiste s\u2019installe en zone agricole, alors que le 11 juillet dernier, elle d\u00e9clarait dans le m\u00e9dia d\u2019extr\u00eame gauche Le M\u00e9dia, cofond\u00e9 par la d\u00e9put\u00e9e LFI Sophia Chikirou, n\u2019avoir \u00ab<a href=\"http:\/\/www.lefigaro.fr\/politique\/je-n-en-ai-rien-a-peter-de-leur-rentabilite-lance-sandrine-rousseau-a-propos-des-agriculteurs-20250716\" data-fig-type=\"NewsFlash\" data-gtm-custom-categorie=\"navigation\" data-gtm-custom-action=\"crossclick\" data-gtm-custom-label=\"Contextuel\" data-gtm-event=\"customEventSPE\" data-fig-domain=\"LEFIGARO\" target=\"_blank\" rel=\"noopener\">rien \u00e0 p\u00e9ter de la rentabilit\u00e9<\/a> \u00bb des agriculteurs. \u00abJe pense que ce n\u2019est pas le sujet. La rentabilit\u00e9 de l\u2019agriculture par des produits chimiques au d\u00e9triment des sols, de la biodiversit\u00e9 et de notre sant\u00e9, ce n\u2019est pas de la rentabilit\u00e9 en fait, c\u2019est de l\u2019argent sale\u00bb, avait-elle ajout\u00e9.<\/p>\n<p>                                    <a class=\"fig-a11y-skip a11y-hidden\" href=\"#fig-a11y-skip-main-inarticle\"><br \/>\n        Passer la publicit\u00e9<br \/>\n    <\/a><\/p>\n<p>\u00abSurpris de ce choix parmi des pollueurs, des assassins\u00bb<\/p>\n<p class=\"fig-paragraph\">Le 28 juillet, sur son compte Facebook, Patrik Sastre-Coader a publi\u00e9 une\u00a0<a href=\"https:\/\/www.facebook.com\/patrick.sastre.33\/posts\/pfbid02pWeoS7YgTx3n677m7iwuyJcvcEPAmsMAho5CjzczFbuVj4uqA7MzGFcdmNYK5X68l\" target=\"_blank\" rel=\"sponsored noopener\" data-gtm-custom-categorie=\"navigation\" data-gtm-custom-action=\"crossclick\" data-gtm-custom-label=\"Contextuel\" data-gtm-event=\"customEventSPE\">lettre ouverte<\/a>\u00a0au sujet de l\u2019emm\u00e9nagement \u00e0 venir de Sandrine Rousseau et de son compagnon. \u00abSurpris de d\u00e9couvrir une voisine de notori\u00e9t\u00e9 nationale dans le milieu de \u201cl\u2019\u00e9cologie\u201d et du monde m\u00e9diatique, tous avides de punchlines. Surpris de son choix, r\u00e9sider en milieu rural breton, tr\u00e8s agricole, tr\u00e8s contest\u00e9, tr\u00e8s critiqu\u00e9, tr\u00e8s m\u00e9pris\u00e9. Surpris de ce choix immersif parmi des pollueurs, des assassins, des g\u00e9n\u00e9rateurs d\u2019argent sale\u00bb, a-t-il \u00e9crit.<\/p>\n<p class=\"fig-paragraph\">Avant de poursuivre\u00a0: \u00abMadame Rousseau, n\u2019avez-vous pas fait une erreur en choisissant une commune agricole (une maison au milieu des bois e\u00fbt \u00e9t\u00e9 sans aucun doute plus propice)? Comment pensez-vous que la majorit\u00e9 des professionnels du polyculture-\u00e9levage autochtones vont appr\u00e9cier votre venue\u00a0? Ne craigniez-vous pas \u2013 sans excuses de votre part \u2013 d\u2019\u00eatre la cible du m\u00e9contentement g\u00e9n\u00e9ral au regard de vos postures id\u00e9ologiques clivantes et \u2013 souvent &#8211; hors sol\u00a0? Allez-vous nous donner des cours de gestion de nos fermes eu \u00e9gard \u00e0 vos comp\u00e9tences universitaires en \u00e9conomie\u00a0? Allez-vous m\u2019assister \u00e0 la surcharge de travail en raison de la pr\u00e9sence des loups\u00a0?\u00bb<\/p>\n<p class=\"fig-paragraph\">L\u2019agriculteur a par la suite indiqu\u00e9 qu\u2019il accueillerait \u00abavec plaisir et prudence\u00bb la d\u00e9put\u00e9e dans son \u00e9levage de brebis et lui expliquerait \u00abavec p\u00e9dagogie les tenants et les aboutissants de l\u2019\u00e9levage plein air en bio avec des loups en Finist\u00e8re\u00bb. \u00abSachez aussi que je perdrai toute neutralit\u00e9 \u00e0 la prochaine incartade clivante et non fond\u00e9e \u00e0 l\u2019encontre de l\u2019agriculture. Le choix de cultiver de bonne relation de voisinage sera donc le fruit de votre propre choix et de votre responsabilit\u00e9\u00bb, a-t-il finalement conclu.<\/p>\n","protected":false},"excerpt":{"rendered":"La d\u00e9put\u00e9e \u00e9cologiste projette d\u2019acqu\u00e9rir une r\u00e9sidence secondaire au milieu d\u2019une zone agricole, en Bretagne. De quoi agacer&hellip;\n","protected":false},"author":2,"featured_media":305101,"comment_status":"","ping_status":"","sticky":false,"template":"","format":"standard","meta":{"footnotes":""},"categories":[4],"tags":[11,829,1011,27,12,25,6522],"class_list":{"0":"post-305100","1":"post","2":"type-post","3":"status-publish","4":"format-standard","5":"has-post-thumbnail","7":"category-france","8":"tag-actualites","9":"tag-bretagne","10":"tag-fr","11":"tag-france","12":"tag-news","13":"tag-republique-francaise","14":"tag-sandrine-rousseau"},"share_on_mastodon":{"url":"https:\/\/pubeurope.com\/@fr\/114993211873581757","error":""},"_links":{"self":[{"href":"https:\/\/www.europesays.com\/fr\/wp-json\/wp\/v2\/posts\/305100","targetHints":{"allow":["GET"]}}],"collection":[{"href":"https:\/\/www.europesays.com\/fr\/wp-json\/wp\/v2\/posts"}],"about":[{"href":"https:\/\/www.europesays.com\/fr\/wp-json\/wp\/v2\/types\/post"}],"author":[{"embeddable":true,"href":"https:\/\/www.europesays.com\/fr\/wp-json\/wp\/v2\/users\/2"}],"replies":[{"embeddable":true,"href":"https:\/\/www.europesays.com\/fr\/wp-json\/wp\/v2\/comments?post=305100"}],"version-history":[{"count":0,"href":"https:\/\/www.europesays.com\/fr\/wp-json\/wp\/v2\/posts\/305100\/revisions"}],"wp:featuredmedia":[{"embeddable":true,"href":"https:\/\/www.europesays.com\/fr\/wp-json\/wp\/v2\/media\/305101"}],"wp:attachment":[{"href":"https:\/\/www.europesays.com\/fr\/wp-json\/wp\/v2\/media?parent=305100"}],"wp:term":[{"taxonomy":"category","embeddable":true,"href":"https:\/\/www.europesays.com\/fr\/wp-json\/wp\/v2\/categories?post=305100"},{"taxonomy":"post_tag","embeddable":true,"href":"https:\/\/www.europesays.com\/fr\/wp-json\/wp\/v2\/tags?post=305100"}],"curies":[{"name":"wp","href":"https:\/\/api.w.org\/{rel}","templated":true}]}}