{"id":305110,"date":"2025-08-08T12:51:10","date_gmt":"2025-08-08T12:51:10","guid":{"rendered":"https:\/\/www.europesays.com\/fr\/305110\/"},"modified":"2025-08-08T12:51:10","modified_gmt":"2025-08-08T12:51:10","slug":"ce-jeune-joueur-du-rc-toulon-qui-pourrait-exploser-lors-de-la-saison-2025-2026","status":"publish","type":"post","link":"https:\/\/www.europesays.com\/fr\/305110\/","title":{"rendered":"Ce jeune joueur du RC Toulon qui pourrait exploser lors de la saison 2025 \/ 2026"},"content":{"rendered":"<p>R\u00e9cemment, le manager du Rugby Club Toulonnais, Pierre Mignoni a r\u00e9pondu aux supporters inquiets de voir que certains joueurs sur le d\u00e9part n\u2019allaient pas \u00eatre remplac\u00e9s au sein de l\u2019effectif Varois.<\/p>\n<p>Avec plus de d\u00e9parts que d\u2019arriv\u00e9e, le RCT a en r\u00e9alit\u00e9 d\u00e9cid\u00e9 de faire confiance \u00e0 ses jeunes.<\/p>\n<p>La volont\u00e9 de Pierre Mignoni ? Que des jeunes joueurs du centre de formation grimpent en \u00e9quipe premi\u00e8re et puissent s\u2019imposer.<\/p>\n<p>Et l\u2019une des jeunes p\u00e9pites du RCT qui pourraient r\u00e9ellement \u00e9clore lors de la saison 2025 \/ 2026 s\u2019appelle Oliver Cowie.<\/p>\n<p>Le centre Toulonnais a d\u00e9j\u00e0 montr\u00e9 ses qualit\u00e9s, la saison derni\u00e8re, lors de ses rares apparitions en Top 14. Frein\u00e9 par une blessure en fin de saison avec les Espoirs, il n\u2019avait pas pu enchainer les matches avec l\u2019\u00e9quipe premi\u00e8re.<\/p>\n<p><strong>Le directeur sportif du RCT, Laurent Emmanuelli a confirm\u00e9 cette tendance. Extrait:<\/strong><\/p>\n<p>\u00ab\u00a0Ca fait partie du plan, on veut faire de la place pour nos jeunes.\u00a0\u00bb<\/p>\n<p>Approch\u00e9 par B\u00e9ziers la saison derni\u00e8re, Oliver Cowie a gentiment d\u00e9clin\u00e9 la proposition de l\u2019ASBH avec la ferme volont\u00e9 de s\u2019imposer \u00e0 Toulon, en Top 14.<\/p>\n<p>Une chose est s\u00fbre : Pierre Mignoni compte bien faire \u00e9clore Oliver Cowie cette saison et tout sera fait pour que le jeune joueur du RCT puisse gagner du temps de jeu s\u2019imposer.<\/p>\n","protected":false},"excerpt":{"rendered":"R\u00e9cemment, le manager du Rugby Club Toulonnais, Pierre Mignoni a r\u00e9pondu aux supporters inquiets de voir que certains&hellip;\n","protected":false},"author":2,"featured_media":232086,"comment_status":"","ping_status":"","sticky":false,"template":"","format":"standard","meta":{"footnotes":""},"categories":[9619],"tags":[1111,11,1777,674,1011,27,12,882,25,2310],"class_list":{"0":"post-305110","1":"post","2":"type-post","3":"status-publish","4":"format-standard","5":"has-post-thumbnail","7":"category-toulon","8":"tag-actu","9":"tag-actualites","10":"tag-eu","11":"tag-europe","12":"tag-fr","13":"tag-france","14":"tag-news","15":"tag-provence-alpes-cote-dazur","16":"tag-republique-francaise","17":"tag-toulon"},"share_on_mastodon":{"url":"https:\/\/pubeurope.com\/@fr\/114993239426142212","error":""},"_links":{"self":[{"href":"https:\/\/www.europesays.com\/fr\/wp-json\/wp\/v2\/posts\/305110","targetHints":{"allow":["GET"]}}],"collection":[{"href":"https:\/\/www.europesays.com\/fr\/wp-json\/wp\/v2\/posts"}],"about":[{"href":"https:\/\/www.europesays.com\/fr\/wp-json\/wp\/v2\/types\/post"}],"author":[{"embeddable":true,"href":"https:\/\/www.europesays.com\/fr\/wp-json\/wp\/v2\/users\/2"}],"replies":[{"embeddable":true,"href":"https:\/\/www.europesays.com\/fr\/wp-json\/wp\/v2\/comments?post=305110"}],"version-history":[{"count":0,"href":"https:\/\/www.europesays.com\/fr\/wp-json\/wp\/v2\/posts\/305110\/revisions"}],"wp:featuredmedia":[{"embeddable":true,"href":"https:\/\/www.europesays.com\/fr\/wp-json\/wp\/v2\/media\/232086"}],"wp:attachment":[{"href":"https:\/\/www.europesays.com\/fr\/wp-json\/wp\/v2\/media?parent=305110"}],"wp:term":[{"taxonomy":"category","embeddable":true,"href":"https:\/\/www.europesays.com\/fr\/wp-json\/wp\/v2\/categories?post=305110"},{"taxonomy":"post_tag","embeddable":true,"href":"https:\/\/www.europesays.com\/fr\/wp-json\/wp\/v2\/tags?post=305110"}],"curies":[{"name":"wp","href":"https:\/\/api.w.org\/{rel}","templated":true}]}}