{"id":305111,"date":"2025-08-08T12:52:09","date_gmt":"2025-08-08T12:52:09","guid":{"rendered":"https:\/\/www.europesays.com\/fr\/305111\/"},"modified":"2025-08-08T12:52:09","modified_gmt":"2025-08-08T12:52:09","slug":"un-homme-interpelle-apres-un-comportement-inquietant-envers-une-adolescente","status":"publish","type":"post","link":"https:\/\/www.europesays.com\/fr\/305111\/","title":{"rendered":"un homme interpell\u00e9 apr\u00e8s un comportement inqui\u00e9tant envers une adolescente"},"content":{"rendered":"<p>            Par<br \/>\n        <strong><br \/>\n            <a href=\"https:\/\/actu.fr\/auteur\/metropoop\" title=\"Consulter tous les articles de R\u00e9daction M\u00e9tropolitain\" target=\"_blank\" rel=\"noopener\">R\u00e9daction M\u00e9tropolitain<\/a><br \/>\n        <\/strong><\/p>\n<p>        Publi\u00e9 le<\/p>\n<p>            8 ao\u00fbt 2025 \u00e0 10h48        <\/p>\n<p>Il est 12h15 <strong>ce mardi 5 ao\u00fbt 2025<\/strong>, en plein c\u0153ur de Montpellier. Un passant approche des <strong>policiers municipaux<\/strong> et leur signale qu\u2019un homme suit une adolescente avec insistance. Les agents, en patrouille dans le centre, prennent aussit\u00f4t la situation au s\u00e9rieux.<\/p>\n<p>    <a href=\"https:\/\/www.google.com\/maps\/embed?pb=!1m18!1m12!1m3!1d5777.555880689958!2d3.8697366471501202!3d43.61116498441636!2m3!1f0!2f0!3f0!3m2!1i1024!2i768!4f13.1!3m3!1m2!1s0x12b6af00d6c32089%3A0x23316544211f00e3!2zTOKAmcOJY3Vzc29uLCBNb250cGVsbGllcg!5e0!3m2!1sfr!2sfr!4v1754636532760!5m2!1sfr!2sfr\" title=\"Ouvrie le lien\" target=\"_blank\" rel=\"noopener\">Cliquez ici pour visualiser le contenu<\/a><\/p>\n<p>Comportement harcelant confirm\u00e9<\/p>\n<p class=\" wall-content\">Les policiers se rendent sur place sans d\u00e9lai et rep\u00e8rent l\u2019homme d\u00e9crit. Face \u00e0 eux, l\u2019individu garde une attitude oppressante envers la jeune fille. Les forces de l\u2019ordre confirment ainsi les \u00e9l\u00e9ments rapport\u00e9s par le t\u00e9moin. L\u2019examen de la situation r\u00e9v\u00e8le aussi un autre \u00e9l\u00e9ment : il souffre de <strong>troubles psychiques<\/strong> apparents. Les policiers d\u00e9cident de l\u2019interpeller et le conduisent directement aux urgences psychiatriques, afin d\u2019assurer une prise en charge. La famille de la mineure, inform\u00e9e des faits, a d\u00e9pos\u00e9 plainte.<\/p>\n<p class=\" wall-content\">Suivez toute l\u2019actualit\u00e9 de vos villes et m\u00e9dias favoris en vous inscrivant \u00e0 <a href=\"https:\/\/moncompte.actu.fr\" title=\"D\u00e9couvez Mon Actu\" rel=\"nofollow noopener\" data-trk=\"{&quot;cta&quot;:{&quot;action&quot;:&quot;https:\\\/\\\/moncompte.actu.fr&quot;,&quot;category&quot;:&quot;mon compte&quot;,&quot;from&quot;:&quot;article footer&quot;,&quot;name&quot;:&quot;Mon actu&quot;,&quot;type&quot;:&quot;cta&quot;}}\" target=\"_blank\">Mon Actu<\/a>.<\/p>\n<ul class=\"ac-article-tag wall-content\">\n<li><a href=\"https:\/\/actu.fr\/tag\/chu-de-montpellier\" data-trk=\"{&quot;cta&quot;:{&quot;action&quot;:&quot;CHU de Montpellier&quot;,&quot;category&quot;:&quot;tag&quot;,&quot;from&quot;:&quot;article footer&quot;,&quot;name&quot;:&quot;CHU de Montpellier&quot;,&quot;type&quot;:&quot;cta&quot;}}\" target=\"_blank\" rel=\"noopener\">#CHU de Montpellier<\/a><\/li>\n<li><a href=\"https:\/\/actu.fr\/tag\/police\" data-trk=\"{&quot;cta&quot;:{&quot;action&quot;:&quot;Police&quot;,&quot;category&quot;:&quot;tag&quot;,&quot;from&quot;:&quot;article footer&quot;,&quot;name&quot;:&quot;Police&quot;,&quot;type&quot;:&quot;cta&quot;}}\" target=\"_blank\" rel=\"noopener\">#Police<\/a><\/li>\n<\/ul>\n","protected":false},"excerpt":{"rendered":"Par R\u00e9daction M\u00e9tropolitain Publi\u00e9 le 8 ao\u00fbt 2025 \u00e0 10h48 Il est 12h15 ce mardi 5 ao\u00fbt 2025,&hellip;\n","protected":false},"author":2,"featured_media":305112,"comment_status":"","ping_status":"","sticky":false,"template":"","format":"standard","meta":{"footnotes":""},"categories":[9599],"tags":[1111,11,15154,1777,674,118,1011,27,2208,12,2680,1072,25],"class_list":{"0":"post-305111","1":"post","2":"type-post","3":"status-publish","4":"format-standard","5":"has-post-thumbnail","7":"category-montpellier","8":"tag-actu","9":"tag-actualites","10":"tag-chu-de-montpellier","11":"tag-eu","12":"tag-europe","13":"tag-faits-divers","14":"tag-fr","15":"tag-france","16":"tag-montpellier","17":"tag-news","18":"tag-occitanie","19":"tag-police","20":"tag-republique-francaise"},"share_on_mastodon":{"url":"https:\/\/pubeurope.com\/@fr\/114993243337088165","error":""},"_links":{"self":[{"href":"https:\/\/www.europesays.com\/fr\/wp-json\/wp\/v2\/posts\/305111","targetHints":{"allow":["GET"]}}],"collection":[{"href":"https:\/\/www.europesays.com\/fr\/wp-json\/wp\/v2\/posts"}],"about":[{"href":"https:\/\/www.europesays.com\/fr\/wp-json\/wp\/v2\/types\/post"}],"author":[{"embeddable":true,"href":"https:\/\/www.europesays.com\/fr\/wp-json\/wp\/v2\/users\/2"}],"replies":[{"embeddable":true,"href":"https:\/\/www.europesays.com\/fr\/wp-json\/wp\/v2\/comments?post=305111"}],"version-history":[{"count":0,"href":"https:\/\/www.europesays.com\/fr\/wp-json\/wp\/v2\/posts\/305111\/revisions"}],"wp:featuredmedia":[{"embeddable":true,"href":"https:\/\/www.europesays.com\/fr\/wp-json\/wp\/v2\/media\/305112"}],"wp:attachment":[{"href":"https:\/\/www.europesays.com\/fr\/wp-json\/wp\/v2\/media?parent=305111"}],"wp:term":[{"taxonomy":"category","embeddable":true,"href":"https:\/\/www.europesays.com\/fr\/wp-json\/wp\/v2\/categories?post=305111"},{"taxonomy":"post_tag","embeddable":true,"href":"https:\/\/www.europesays.com\/fr\/wp-json\/wp\/v2\/tags?post=305111"}],"curies":[{"name":"wp","href":"https:\/\/api.w.org\/{rel}","templated":true}]}}