{"id":305115,"date":"2025-08-08T12:58:22","date_gmt":"2025-08-08T12:58:22","guid":{"rendered":"https:\/\/www.europesays.com\/fr\/305115\/"},"modified":"2025-08-08T12:58:22","modified_gmt":"2025-08-08T12:58:22","slug":"une-etape-franchie-pour-eric-piolle-mais-une-loi-qui-reste-nocive","status":"publish","type":"post","link":"https:\/\/www.europesays.com\/fr\/305115\/","title":{"rendered":"une \u00e9tape\u00a0\u00bb franchie pour \u00c9ric Piolle, mais une loi qui reste \u00ab\u00a0nocive"},"content":{"rendered":"<p>            Par<br \/>\n        <strong><br \/>\n            <a href=\"https:\/\/actu.fr\/auteur\/lisa-rodrigues\" title=\"Consulter tous les articles de Lisa Rodrigues\" rel=\"nofollow noopener\" target=\"_blank\">Lisa Rodrigues<\/a><br \/>\n        <\/strong><\/p>\n<p>        Publi\u00e9 le<\/p>\n<p>            8 ao\u00fbt 2025 \u00e0 14h09        <\/p>\n<p>La nouvelle est tomb\u00e9e jeudi 7 ao\u00fbt en toute fin de journ\u00e9e : le Conseil constitutionnel <a href=\"https:\/\/actu.fr\/planete\/pollution\/la-loi-duplomb-censuree-et-maintenant-quelles-suites-pour-l-interdiction-du-pesticide-controverse_63013373.html\" rel=\"nofollow noopener\" target=\"_blank\">censure partiellement la loi Duplomb<\/a>, notamment l\u2019amendement r\u00e9autorisant l\u2019ac\u00e9tamipride, un pesticide nocif pour l\u2019environnement, qui concentrait la majorit\u00e9 des critiques.<\/p>\n<p class=\" wall-content\">Le maire de Grenoble, <a href=\"https:\/\/actu.fr\/auvergne-rhone-alpes\/grenoble_38185\/grenoble-eric-piolle-veut-casser-les-ghettos-de-riches-cette-petite-phrase-qui-ne-passe-pas_62994688.html\" rel=\"nofollow noopener\" target=\"_blank\">\u00c9ric Piolle<\/a>, a r\u00e9agi ce matin \u00e0 ce sujet au micro de nos confr\u00e8res de <a href=\"https:\/\/www.rfi.fr\/fr\/podcasts\/le-grand-invit%C3%A9-international\/20250808-loi-duplomb-c-est-vraiment-une-voix-de-la-nation-qui-s-est-exprim%C3%A9e?GJlXzGgqHj=&amp;utm_medium=social&amp;utm_campaign=x&amp;utm_source=shorty&amp;utm_slink=rfi.my%2FBuIp\" rel=\"nofollow noopener\" target=\"_blank\">RFI<\/a>, en tant que porte-parole des \u00c9cologistes. Sans \u00e9voquer une victoire, l\u2019\u00e9lu parle <strong>\u00ab\u00a0d\u2019une \u00e9tape\u00a0\u00bb franchie<\/strong>.\u00a0<\/p>\n<p>\u00ab\u00a0Continuer le combat\u00a0\u00bb<\/p>\n<p class=\" wall-content\">Car pour le porte-parole des \u00c9cologistes, la loi Duplomb qu\u2019Emmanuel Macron a promis de promulguer \u00ab\u00a0telle qu\u2019elle r\u00e9sulte\u00a0\u00bb reste en partie \u00ab\u00a0nocive\u00a0\u00bb.<\/p>\n<p class=\" wall-content\">\u00ab\u00a0La loi s\u2019adresse \u00e0 un tout petit nombre de paysans qui sont, en fait, des industriels\u00a0\u00bb, assure \u00c9ric Piolle, le texte valid\u00e9 par le Conseil constitutionnel laissant \u00ab\u00a0passer la facilitation de <strong>l\u2019\u00e9levage intensif<\/strong>\u00a0\u00bb et des <a href=\"https:\/\/actu.fr\/tag\/megabassines\" rel=\"nofollow noopener\" target=\"_blank\">m\u00e9gabassines<\/a>, elles aussi, largement d\u00e9cri\u00e9es par les militants de l\u2019environnement.<\/p>\n<p class=\" wall-content\">Le d\u00e9bat sur la loi Duplomb semble donc loin d\u2019\u00eatre termin\u00e9, le parti des \u00c9cologistes ayant d\u00e9j\u00e0 affirm\u00e9 par voie de communiqu\u00e9 de presse \u00ab\u00a0continuer le combat politique\u00a0\u00bb.<\/p>\n<p class=\" wall-content\">\n<p>\u00ab\u00a0Une voix de la nation qui s\u2019est prononc\u00e9e\u00a0\u00bb<\/p>\n<p class=\" wall-content\">Forc\u00e9ment, il a \u00e9t\u00e9 question des plus de 2 millions de signatures recueillies par la <a href=\"https:\/\/actu.fr\/planete\/pollution\/petition-contre-la-loi-duplomb-le-seuil-des-deux-millions-de-signatures-a-ete-depasse_62963731.html\" rel=\"nofollow noopener\" target=\"_blank\">p\u00e9tition en ligne<\/a> contre la loi Duplomb. \u00ab\u00a0Il y a aussi 22 soci\u00e9t\u00e9s savantes qui se sont prononc\u00e9es contre, rappelle \u00c9ric Piolle au micro de RFI. C\u2019est une voix de la nation qui s\u2019est prononc\u00e9e.\u00a0\u00bb<\/p>\n<p class=\" wall-content\">De quoi en rajouter une couche sur un appel \u00e0 \u00ab\u00a0faciliter les <strong>r\u00e9f\u00e9rendums d\u2019initiative citoyenne<\/strong>\u00a0\u00bb sur des th\u00e9matiques particuli\u00e8rement sujettes \u00e0 d\u00e9bat dans la soci\u00e9t\u00e9, comme l\u2019environnement.\u00a0<\/p>\n<p class=\" wall-content\">Et d\u2019en profiter pour lancer une pique \u00ab\u00a0\u00e0 la radicalisation\u00a0\u00bb et \u00ab\u00a0au populisme de quelques-uns\u00a0\u00bb, notamment de <a href=\"https:\/\/actu.fr\/politique\/serieuse-deconvenue-pour-laurent-wauquiez-force-de-rendre-publiques-ses-notes-de-frais_62964464.html\" rel=\"nofollow noopener\" target=\"_blank\">Laurent Wauquiez<\/a> dont la r\u00e9action \u00e0 la d\u00e9cision du Conseil constitutionnel a \u00e9t\u00e9 critiqu\u00e9e par le maire de <a href=\"https:\/\/actu.fr\/auvergne-rhone-alpes\/grenoble_38185\" rel=\"nofollow noopener\" target=\"_blank\">Grenoble<\/a>.<\/p>\n<p class=\" wall-content\">\n<p>Un nouveau texte d\u00e9pos\u00e9 pour r\u00e9introduire le pesticide ?<\/p>\n<p class=\" wall-content\">Du c\u00f4t\u00e9 des d\u00e9fenseurs de la loi, dont le s\u00e9nateur LR qui l\u2019a port\u00e9e au Parlement, Laurent Duplomb, il n\u2019est pas exclu qu\u2019un nouveau texte soit pr\u00e9sent\u00e9 pour r\u00e9introduire le pesticide ac\u00e9tamipride contest\u00e9, mais en tenant compte des crit\u00e8res impos\u00e9s par les Sages.<\/p>\n<p class=\" wall-content\">\u00ab <strong>Il reste encore du temps<\/strong> pour examiner ce qui va se passer, comment nous allons pouvoir le faire \u00bb, assure le parlementaire Laurent Duplomb, estimant que \u00ab le Conseil constitutionnel ne ferme pas la porte \u00bb \u00e0 la r\u00e9introduction du pesticide, r\u00e9clam\u00e9 par des producteurs de betteraves et de noisettes pour lutter contre les ravageurs.<\/p>\n<p class=\" wall-content\">Suivez toute l\u2019actualit\u00e9 de vos villes et m\u00e9dias favoris en vous inscrivant \u00e0 <a href=\"https:\/\/moncompte.actu.fr\" title=\"D\u00e9couvez Mon Actu\" rel=\"nofollow noopener\" data-trk=\"{&quot;cta&quot;:{&quot;action&quot;:&quot;https:\\\/\\\/moncompte.actu.fr&quot;,&quot;category&quot;:&quot;mon compte&quot;,&quot;from&quot;:&quot;article footer&quot;,&quot;name&quot;:&quot;Mon actu&quot;,&quot;type&quot;:&quot;cta&quot;}}\" target=\"_blank\">Mon Actu<\/a>.<\/p>\n","protected":false},"excerpt":{"rendered":"Par Lisa Rodrigues Publi\u00e9 le 8 ao\u00fbt 2025 \u00e0 14h09 La nouvelle est tomb\u00e9e jeudi 7 ao\u00fbt en&hellip;\n","protected":false},"author":2,"featured_media":305116,"comment_status":"","ping_status":"","sticky":false,"template":"","format":"standard","meta":{"footnotes":""},"categories":[9566],"tags":[1111,11,2430,436,9607,1777,674,1011,27,2731,12,316,25,71],"class_list":{"0":"post-305115","1":"post","2":"type-post","3":"status-publish","4":"format-standard","5":"has-post-thumbnail","7":"category-grenoble","8":"tag-actu","9":"tag-actualites","10":"tag-auvergne-rhone-alpes","11":"tag-environnement","12":"tag-eric-piolle","13":"tag-eu","14":"tag-europe","15":"tag-fr","16":"tag-france","17":"tag-grenoble","18":"tag-news","19":"tag-politique","20":"tag-republique-francaise","21":"tag-sante"},"share_on_mastodon":{"url":"https:\/\/pubeurope.com\/@fr\/114993267040563950","error":""},"_links":{"self":[{"href":"https:\/\/www.europesays.com\/fr\/wp-json\/wp\/v2\/posts\/305115","targetHints":{"allow":["GET"]}}],"collection":[{"href":"https:\/\/www.europesays.com\/fr\/wp-json\/wp\/v2\/posts"}],"about":[{"href":"https:\/\/www.europesays.com\/fr\/wp-json\/wp\/v2\/types\/post"}],"author":[{"embeddable":true,"href":"https:\/\/www.europesays.com\/fr\/wp-json\/wp\/v2\/users\/2"}],"replies":[{"embeddable":true,"href":"https:\/\/www.europesays.com\/fr\/wp-json\/wp\/v2\/comments?post=305115"}],"version-history":[{"count":0,"href":"https:\/\/www.europesays.com\/fr\/wp-json\/wp\/v2\/posts\/305115\/revisions"}],"wp:featuredmedia":[{"embeddable":true,"href":"https:\/\/www.europesays.com\/fr\/wp-json\/wp\/v2\/media\/305116"}],"wp:attachment":[{"href":"https:\/\/www.europesays.com\/fr\/wp-json\/wp\/v2\/media?parent=305115"}],"wp:term":[{"taxonomy":"category","embeddable":true,"href":"https:\/\/www.europesays.com\/fr\/wp-json\/wp\/v2\/categories?post=305115"},{"taxonomy":"post_tag","embeddable":true,"href":"https:\/\/www.europesays.com\/fr\/wp-json\/wp\/v2\/tags?post=305115"}],"curies":[{"name":"wp","href":"https:\/\/api.w.org\/{rel}","templated":true}]}}