{"id":305117,"date":"2025-08-08T12:59:23","date_gmt":"2025-08-08T12:59:23","guid":{"rendered":"https:\/\/www.europesays.com\/fr\/305117\/"},"modified":"2025-08-08T12:59:23","modified_gmt":"2025-08-08T12:59:23","slug":"ligue-2-gf38-plusieurs-absents-la-reprise-du-championnat-les-dernieres-infos-avant-troyes","status":"publish","type":"post","link":"https:\/\/www.europesays.com\/fr\/305117\/","title":{"rendered":"Ligue 2. GF38\u00a0: plusieurs absents, la reprise du championnat\u2026 Les derni\u00e8res infos avant Troyes"},"content":{"rendered":"<p>  Trois joueurs bless\u00e9s<\/p>\n<p>Pour d\u00e9buter sa saison, le GF38 va laisser \u00e0 la maison trois \u00e9l\u00e9ments de son effectif, bless\u00e9s. Le capitaine Ga\u00ebtan Paquiez, victime d\u2019une entorse au genou pendant la phase de pr\u00e9paration, devrait revenir d\u00e9but septembre. Le d\u00e9fenseur, qui a prolong\u00e9 son contrat le 2\u00a0juillet, va donc manquer le d\u00e9but de saison de son \u00e9quipe.<\/p>\n<p>En attaque, Alan K\u00e9rou\u00e9dan, touch\u00e9 au mollet pendant la pr\u00e9saison, sera \u00e9galement absent. Il s\u2019est d\u00e9chir\u00e9 le mollet et retrouvera ses co\u00e9quipiers, au mieux, lors de la premi\u00e8re tr\u00eave internationale, le 12\u00a0septembre.<\/p>\n<p>Un nouvel \u00e9l\u00e9ment s\u2019est ajout\u00e9 \u00e0 la liste cette semaine, avec <a href=\"https:\/\/www.ledauphine.com\/sport\/2025\/06\/11\/le-gf38-signe-un-joueur-de-l-aj-auxerre\" target=\"_blank\" rel=\"noopener\">le forfait de Ange-Lo\u00efc N\u2019Gatta<\/a>. Le lat\u00e9ral droit a ressenti une petite g\u00eane musculaire pendant la semaine.<\/p>\n<p><strong>&gt;&gt;\u00a0<\/strong><a href=\"https:\/\/www.ledauphine.com\/sport\/calendrier-resultats\/football\/national-ligue-2\" target=\"_blank\" rel=\"noopener\"><strong>Les r\u00e9sultats, le classement et le calendrier de Ligue 2<\/strong><\/a><\/p>\n<p>  Du mouvement dans l\u2019effectif<\/p>\n<p>Au travail depuis le <a href=\"https:\/\/www.ledauphine.com\/videos\/au-gf38-une-reprise-de-l-entrainement-en-pleine-canicule-c-est-un-gros-danger-30550mk\" target=\"_blank\" rel=\"noopener\">1er\u00a0juillet<\/a>, <a href=\"https:\/\/www.ledauphine.com\/sport\/2025\/08\/06\/pas-de-revolution-au-gf38\" target=\"_blank\" rel=\"noopener\">le GF38 est excit\u00e9 de retrouver le chemin de la comp\u00e9tition.<\/a> Pendant ces six semaines, <a href=\"https:\/\/www.ledauphine.com\/p\/franck-rizzetto\" target=\"_blank\" rel=\"noopener\">Franck Rizzetto<\/a> et le groupe ont pu compter sur l\u2019arriv\u00e9e tr\u00e8s rapide de plusieurs recrues (le milieu offensif Baptiste Mouazan, le lat\u00e9ral droit Ange-Lo\u00efc N\u2019Gatta, le d\u00e9fenseur Stone Mambo et le lat\u00e9ral gauche Matthieu Mion).<\/p>\n<p>\u00ab\u00a0On souhaite avoir tous les joueurs en d\u00e9but de saison pour travailler sereinement. D\u00e9j\u00e0, je ne m\u2019attendais pas \u00e0 avoir autant de recrues d\u00e8s la reprise et je veux remercier mes dirigeants d\u2019avoir pu r\u00e9aliser ces op\u00e9rations \u00e0 ce moment-l\u00e0\u00a0\u00bb, souligne l\u2019entra\u00eeneur du GF38, qui s\u2019attend \u00e0 voir encore du mouvement dans les prochaines semaines, que ce soit dans le sens des d\u00e9parts et des arriv\u00e9es.<\/p>\n<p>\u00ab\u00a0On a perdu deux attaquants donc c\u2019est s\u00fbr que s\u2019il y a des d\u00e9parts, on va prioriser ces postes-l\u00e0\u00a0\u00bb, pr\u00e9cise l\u2019entra\u00eeneur du GF38.<\/p>\n<p>  La d\u00e9cla<\/p>\n<p>\u00ab\u00a0On a fait une pr\u00e9pa assez difficile, on va dire qu\u2019on est pr\u00eat maintenant. On a jou\u00e9 des matchs amicaux, certains ont \u00e9t\u00e9 plus durs que d\u2019autres. Dans l\u2019ensemble, on est pr\u00eat \u00e0 attaquer le championnat. On a bien travaill\u00e9, personne n\u2019a trich\u00e9. On a eu de tr\u00e8s bons nouveaux joueurs je trouve dans le groupe, on travaille bien. On est tr\u00e8s collectif avant tout et on ne peut aller que de l\u2019avant avec ces gens-l\u00e0.\u00a0\u00bb De Yadaly Diaby, attaquant.<\/p>\n","protected":false},"excerpt":{"rendered":"Trois joueurs bless\u00e9s Pour d\u00e9buter sa saison, le GF38 va laisser \u00e0 la maison trois \u00e9l\u00e9ments de son&hellip;\n","protected":false},"author":2,"featured_media":305118,"comment_status":"","ping_status":"","sticky":false,"template":"","format":"standard","meta":{"footnotes":""},"categories":[9566],"tags":[1111,11,2430,112,113,114,1777,674,1701,63,1011,27,12637,2731,2732,108,12636,12,25,517],"class_list":{"0":"post-305117","1":"post","2":"type-post","3":"status-publish","4":"format-standard","5":"has-post-thumbnail","7":"category-grenoble","8":"tag-actu","9":"tag-actualites","10":"tag-auvergne-rhone-alpes","11":"tag-edition-grenoble-agglomeration","12":"tag-edition-gresivaudan-oisans","13":"tag-edition-voiron-saint-marcellin","14":"tag-eu","15":"tag-europe","16":"tag-fil-info-sport","17":"tag-football","18":"tag-fr","19":"tag-france","20":"tag-gf38-grenoble-foot-38","21":"tag-grenoble","22":"tag-grenoble-bassin","23":"tag-isere","24":"tag-ligue-2-football","25":"tag-news","26":"tag-republique-francaise","27":"tag-sport"},"share_on_mastodon":{"url":"https:\/\/pubeurope.com\/@fr\/114993270829858676","error":""},"_links":{"self":[{"href":"https:\/\/www.europesays.com\/fr\/wp-json\/wp\/v2\/posts\/305117","targetHints":{"allow":["GET"]}}],"collection":[{"href":"https:\/\/www.europesays.com\/fr\/wp-json\/wp\/v2\/posts"}],"about":[{"href":"https:\/\/www.europesays.com\/fr\/wp-json\/wp\/v2\/types\/post"}],"author":[{"embeddable":true,"href":"https:\/\/www.europesays.com\/fr\/wp-json\/wp\/v2\/users\/2"}],"replies":[{"embeddable":true,"href":"https:\/\/www.europesays.com\/fr\/wp-json\/wp\/v2\/comments?post=305117"}],"version-history":[{"count":0,"href":"https:\/\/www.europesays.com\/fr\/wp-json\/wp\/v2\/posts\/305117\/revisions"}],"wp:featuredmedia":[{"embeddable":true,"href":"https:\/\/www.europesays.com\/fr\/wp-json\/wp\/v2\/media\/305118"}],"wp:attachment":[{"href":"https:\/\/www.europesays.com\/fr\/wp-json\/wp\/v2\/media?parent=305117"}],"wp:term":[{"taxonomy":"category","embeddable":true,"href":"https:\/\/www.europesays.com\/fr\/wp-json\/wp\/v2\/categories?post=305117"},{"taxonomy":"post_tag","embeddable":true,"href":"https:\/\/www.europesays.com\/fr\/wp-json\/wp\/v2\/tags?post=305117"}],"curies":[{"name":"wp","href":"https:\/\/api.w.org\/{rel}","templated":true}]}}