{"id":305119,"date":"2025-08-08T13:01:09","date_gmt":"2025-08-08T13:01:09","guid":{"rendered":"https:\/\/www.europesays.com\/fr\/305119\/"},"modified":"2025-08-08T13:01:09","modified_gmt":"2025-08-08T13:01:09","slug":"ateliers-creatifs-brocante-concerts-profitez-du-beau-temps-a-rennes-ce-week-end-voici-10-idees-sorties","status":"publish","type":"post","link":"https:\/\/www.europesays.com\/fr\/305119\/","title":{"rendered":"Ateliers cr\u00e9atifs, brocante, concerts\u2026 Profitez du beau temps \u00e0 Rennes ce week-end : voici 10 id\u00e9es sorties"},"content":{"rendered":"<p>            Par<br \/>\n        <strong><br \/>\n            <a href=\"https:\/\/actu.fr\/auteur\/lou-batteux\" title=\"Consulter tous les articles de Lou Batteux\" rel=\"nofollow noopener\" target=\"_blank\">Lou Batteux<\/a><br \/>\n        <\/strong><\/p>\n<p>        Publi\u00e9 le<\/p>\n<p>            8 ao\u00fbt 2025 \u00e0 14h37        <\/p>\n<p>Le soleil fait son grand retour \u00e0 <a href=\"https:\/\/actu.fr\/rennes\/\" rel=\"nofollow noopener\" target=\"_blank\">Rennes<\/a> ce week-end. L\u2019occasion de sortir profiter des <strong>diverses animations<\/strong> propos\u00e9es dans la ville. Comme chaque semaine, la r\u00e9daction d\u2019<a href=\"https:\/\/actu.fr\/rennes\/\" rel=\"nofollow noopener\" target=\"_blank\">actu Rennes<\/a> a rep\u00e9r\u00e9 pour vous plusieurs id\u00e9es de sorties, du vendredi\u00a08 au dimanche 10\u00a0ao\u00fbt 2025.<\/p>\n<p>Animations de rue \u00e0 Maurepas<\/p>\n<p class=\" wall-content\">L\u2019association d\u2019\u00e9ducation populaire les <strong>Francas d\u2019Ille-et-Vilaine<\/strong> s\u2019invite au quartier Maurepas pour proposer des <strong>animations de rue gratuites<\/strong>. Les b\u00e9n\u00e9voles sont l\u00e0 toutes les semaines jusqu\u2019au 25\u00a0ao\u00fbt, retrouvez-les <strong>vendredi 8\u00a0ao\u00fbt, de 14h \u00e0 19h<\/strong> \u00e0 c\u00f4t\u00e9 du p\u00f4le associatif de la <strong>Marbaudais.<\/strong><\/p>\n<p class=\" wall-content\"><strong>Jeux, d\u00e9couvertes et ateliers cr\u00e9atifs<\/strong> animeront les apr\u00e8s-midi pour offrir aux enfants et aux familles \u00ab\u2009un \u00e9t\u00e9 convivial, \u00e9ducatif et participatif\u2009\u00bb. L\u2019acc\u00e8s est <strong>libre<\/strong>.<\/p>\n<p>Animations de rue, p\u00f4le associatif de la Marbaudais, \u00e0 Maurepas, vendredi de 14h \u00e0 19h. Activit\u00e9s gratuites.<\/p>\n<p>Concert rock au Melody Maker<\/p>\n<p class=\" wall-content\">Vendredi 8\u00a0ao\u00fbt, le groupe de punk-rock <strong>Resto Basket<\/strong>, tout droit venu de Grenoble, s\u2019invite dans la capitale bretonne. \u00c0 partir de <strong>20h30<\/strong>, rendez-vous au bar <strong>Melody Maker, <\/strong>situ\u00e9 au 14, rue Saint-Melaine.<\/p>\n<p>    <a href=\"https:\/\/www.facebook.com\/plugins\/post.php?href=https%3A%2F%2Fwww.facebook.com%2Fmelodymaker.rennes%2Fposts%2Fpfbid02wm15rBXDm7pDw3GSSzdZVVYtsDV5wqFhFXtNvQepWzchJpCPUUjMeJda5ajK2osil&amp;show_text=true&amp;width=350\" title=\"Ouvrie le lien\" rel=\"nofollow noopener\" target=\"_blank\">Cliquez ici pour visualiser le contenu<\/a><\/p>\n<p class=\" wall-content\">Apr\u00e8s une ouverture de soir\u00e9e anim\u00e9e par <strong>le chanteur <\/strong><strong>Arthur Naudin et le guitariste Yoann Charrais<\/strong>, du groupe Excellento, Resto Basket enflammera la salle du Melody Maker.<\/p>\n<p>Concert punk-rock au Melody Maker, au 14 rue Saint-Melaine, vendredi \u00e0 partir de 20h30.<\/p>\n<p>Blind test disco \u00e0 Bruz<\/p>\n<p class=\" wall-content\">Dans le cadre de son programme <strong>Un \u00c9t\u00e9 au Manoir<\/strong>, la Ville de Bruz organise une soir\u00e9e <strong>blind test sur le th\u00e8me disco<\/strong>. Vendredi 8\u00a0ao\u00fbt, d\u00e8s <strong>20h<\/strong>, rendez-vous au <strong>Manoir de la No\u00eb<\/strong>\u00a0pour \u00e9couter un panel de chansons disco et deviner leur titre et leur interpr\u00e8te.<\/p>\n<p class=\" wall-content\">Anim\u00e9e par <strong>Arno Fantomas<\/strong>, cette soir\u00e9e est <strong>gratuite et ouverte \u00e0 tous<\/strong>. Profitez-en \u00e9galement pour d\u00e9guster des <strong>brochettes poulet-frites \u00e0 9\u00a0euros<\/strong> \u00e0 la guinguette de la Vadrouille, \u00e0 partir de 19h.<\/p>\n<p>Blind test disco au Manoir de la No\u00eb, \u00e0 Bruz, vendredi \u00e0 20h. Acc\u00e8s libre et gratuit.<\/p>\n<p>Soir\u00e9es festives et musicales au Parc des bois<\/p>\n<p class=\" wall-content\">Vendredi\u00a08 et samedi 9\u00a0ao\u00fbt, la <strong>guinguette du Parc des bois<\/strong> accueille plusieurs artistes pour vous faire danser toute la soir\u00e9e.<\/p>\n<p class=\" wall-content\">Vendredi, \u00e0 partir de <strong>20h30<\/strong>, le groupe<strong> The Forroscopic\u2019s<\/strong> s\u2019invite \u00e0 la guinguette du parc des Gayeulles pour vous faire virevolter sur du <strong>forr\u00f3<\/strong>, une musique traditionnelle br\u00e9silienne.<\/p>\n<p>    <a href=\"https:\/\/www.facebook.com\/plugins\/post.php?href=https%3A%2F%2Fwww.facebook.com%2Fparcdesbois%2Fposts%2Fpfbid0G82Bu3Vi5rPAaVmAtv7Dk6HtJPeBeWgACDowC74AaKnaq3AGWpyiv82obYdjXjbnl&amp;show_text=true&amp;width=350\" title=\"Ouvrie le lien\" rel=\"nofollow noopener\" target=\"_blank\">Cliquez ici pour visualiser le contenu<\/a><\/p>\n<p class=\" wall-content\">Samedi, le Parc des bois laisse la place \u00e0 <strong>Comme \u00e7a et Percept<\/strong> pour un open air festif. Un <strong>DJ set <\/strong>\u00e9lectro, house, mais aussi techno sera au rendez-vous d\u00e8s <strong>15h et jusqu\u2019\u00e0 22h<\/strong>. Un <strong>bar<\/strong> et une <strong>restauration<\/strong> seront pr\u00e9vus sur place.<\/p>\n<p>\u00c0 la guinguette du Parc des bois\u2009: concert The Forroscopic\u2019s, vendredi \u00e0 20h30. Open air avec Comme \u00e7a et Percept samedi, de 15h \u00e0 22h. Acc\u00e8s libre et gratuit.<\/p>\n<p>Jeux de r\u00f4le \u00e0 la Pommeraie<\/p>\n<p class=\" wall-content\">Samedi 9\u00a0ao\u00fbt, de <strong>14h \u00e0 19h<\/strong>, l\u2019association de jeux de r\u00f4le rennaise <strong>Enfer Et Contre Tout<\/strong> vous propose un apr\u00e8s-midi de d\u00e9couverte de leurs jeux de r\u00f4le, jeux de plateau, cartes \u00e0 collectionner et figurines.<\/p>\n<p class=\" wall-content\">Les b\u00e9n\u00e9voles passionn\u00e9s vous attendent tous, que vous soyez v\u00e9t\u00e9rans ou n\u00e9ophytes, \u00e0 la <strong>Maison de Quartier Francisco-Ferrer<\/strong>. L\u2019activit\u00e9 est <strong>gratuite<\/strong>.<\/p>\n<p>Jeux de soci\u00e9t\u00e9 \u00e0 la Maison de Quartier Francisco-Ferrer, 40 rue Montaigne, \u00e0 Rennes, samedi de 14h \u00e0 19h. Activit\u00e9 gratuite.<\/p>\n<p>Exposition \u00ab\u2009Sauvage\u2009\u00bb \u00e0 l\u2019\u00e9comus\u00e9e de la Bintinais<\/p>\n<p class=\" wall-content\">\u00ab\u2009Une poule crois\u00e9e avec un l\u00e9zard, une vache Pie Noir fusionn\u00e9e avec un flamant rose, ou encore une ch\u00e8vre des foss\u00e9s m\u00eal\u00e9e \u00e0 une girafe\u2026\u2009\u00bb Depuis plusieurs mois, les Rennais ont cr\u00e9\u00e9 \u00e0 <strong>l\u2019\u00e9comus\u00e9e du Blosne<\/strong> un univers particulier.<\/p>\n<p class=\" wall-content\"><a href=\"https:\/\/www.instagram.com\/p\/DMfxdJ9IXt8\/embed\" title=\"Ouvrir le lien sur Instagram\" rel=\"nofollow noopener\" target=\"_blank\">Visualiser le contenu sur Instagram<\/a><\/p>\n<p class=\" wall-content\">Par des ateliers cr\u00e9atifs, ils ont donn\u00e9 naissance \u00e0 \u00ab\u2009leurs propres <strong>chim\u00e8res<\/strong> inspir\u00e9es des races animales locales et d\u2019autres sp\u00e9cimens exotiques\u2009\u00bb. Les cr\u00e9ations sont expos\u00e9es de la <strong>station Triangle \u00e0 l\u2019\u00e9comus\u00e9e de la Bintinais<\/strong> (route de Ch\u00e2tillon-sur-Seiche, \u00e0 Rennes).<\/p>\n<p class=\" wall-content\">Le parcours de visite de l\u2019exposition intitul\u00e9e \u00ab\u2009Sauvage\u2009\u00bb, <strong>gratuit et accessible en continu<\/strong>, sera visible jusqu\u2019\u00e0 fin ao\u00fbt. Alors, profitez-en d\u00e8s ce week-end.<\/p>\n<p>Retrouvez la carte du parcours et le livret de visite sur <a href=\"https:\/\/www.ecomusee-rennes-metropole.fr\/agenda\/exposition-plein-air-sauvage\/\" rel=\"nofollow noopener\" target=\"_blank\">le site de l\u2019\u00e9comus\u00e9e<\/a>.Transat en ville<\/p>\n<p class=\" wall-content\">Samedi 9\u00a0ao\u00fbt, Transat en ville revient sur la <strong>place de la Mairie<\/strong>, \u00e0 Rennes. \u00c0 partir de <strong>19h30<\/strong>, la chanteuse <strong>Kat White<\/strong> et son guitariste interpr\u00e9teront une collection de <strong>chansons folk pop<\/strong>, en anglais et en fran\u00e7ais.<\/p>\n<p class=\" wall-content\">\u00c0 compter de <strong>20h15<\/strong>, le guitariste et chanteur <strong>Yoann Minkoff<\/strong>, en duo avec la violoncelliste <strong>Bahia El Bacha, <\/strong>proposeront un <strong>blues<\/strong> teint\u00e9 d\u2019afro et de folk. Les m\u00e9lodies de leurs instruments se m\u00ealeront pour une soir\u00e9e po\u00e9tique.<\/p>\n<p>Concerts de Transat en ville, samedi\u2009: Kat White, \u00e0 19h30 puis Yoann Minkoff et Bahia El Bacha, \u00e0 20h15.<\/p>\n<p>Sarah Kay \u00e0 la Basse-Cour<\/p>\n<p class=\" wall-content\">La Basse-cour re\u00e7oit ce week-end la chanteuse et compositrice <strong>Sarah Kay,<\/strong> accompagn\u00e9e de ses deux musiciens rennais. Samedi 9\u00a0ao\u00fbt, de <strong>20h30 \u00e0 22h<\/strong>, les artistes vous transporteront entre jazz exp\u00e9rimental et hip-hop.<\/p>\n<p>Ateliers graines et fleurs<\/p>\n<p class=\" wall-content\">Apr\u00e8s avoir fait le tour de l\u2019exposition \u00ab\u2009Sauvage\u2009\u00bb \u00e0 <strong>l\u2019\u00e9comus\u00e9e de la Bintinais<\/strong>, participez \u00e0 un <strong>atelier v\u00e9g\u00e9tal <\/strong>cr\u00e9atif, dimanche 10\u00a0ao\u00fbt. Fabrication de bombes de graines, cyanotypes et cr\u00e9ation de fleurs\u2026 De <strong>14h30 \u00e0 16h30<\/strong>, rejoignez les m\u00e9diateurs de l\u2019\u00e9comus\u00e9e pour un atelier sp\u00e9cial <strong>petits et grands<\/strong>. L\u2019activit\u00e9 est<strong> gratuite et sans r\u00e9servation<\/strong>.<\/p>\n<p>Atelier graines et fleurs \u00e0 l\u2019\u00e9comus\u00e9e de la Bintinais (route de Ch\u00e2tillon-sur-Seiche, \u00e0 Rennes), dimanche de 14h30 \u00e0 16h30. Activit\u00e9 gratuite sans r\u00e9servation.<\/p>\n<p>Brocante du mail<\/p>\n<p class=\" wall-content\">Dimanche 10\u00a0ao\u00fbt, une brocante se tiendra toute la journ\u00e9e sur le <strong>mail Fran\u00e7ois-Mitterrand<\/strong>, \u00e0 Rennes. De nombreux vendeurs y exposeront une vari\u00e9t\u00e9 d\u2019objets anciens et de collection.<\/p>\n<p class=\" wall-content\">Que vous soyez passionn\u00e9s par les vieilleries ou curieux de d\u00e9nicher LA perle rare, rendez-vous sur les \u00ab\u2009Champs-\u00c9lys\u00e9es rennais\u2009\u00bb de <strong>8h \u00e0 17h30<\/strong>. Les exposants, quant \u00e0 eux, arriveront sur place d\u00e8s 7h30.<\/p>\n<p>Brocante sur le mail Fran\u00e7ois-Mitterrand, dimanche de 8h \u00e0 17h30.<\/p>\n<p class=\" wall-content\">Suivez toute l\u2019actualit\u00e9 de vos villes et m\u00e9dias favoris en vous inscrivant \u00e0 <a href=\"https:\/\/moncompte.actu.fr\" title=\"D\u00e9couvez Mon Actu\" rel=\"nofollow noopener\" data-trk=\"{&quot;cta&quot;:{&quot;action&quot;:&quot;https:\\\/\\\/moncompte.actu.fr&quot;,&quot;category&quot;:&quot;mon compte&quot;,&quot;from&quot;:&quot;article footer&quot;,&quot;name&quot;:&quot;Mon actu&quot;,&quot;type&quot;:&quot;cta&quot;}}\" target=\"_blank\">Mon Actu<\/a>.<\/p>\n<p>                    <script async src=\"\/\/www.instagram.com\/embed.js\"><\/script><\/p>\n","protected":false},"excerpt":{"rendered":"Par Lou Batteux Publi\u00e9 le 8 ao\u00fbt 2025 \u00e0 14h37 Le soleil fait son grand retour \u00e0 Rennes&hellip;\n","protected":false},"author":2,"featured_media":305120,"comment_status":"","ping_status":"","sticky":false,"template":"","format":"standard","meta":{"footnotes":""},"categories":[2821],"tags":[1111,11,829,6961,1697,1777,674,1011,27,1652,12,584,25],"class_list":{"0":"post-305119","1":"post","2":"type-post","3":"status-publish","4":"format-standard","5":"has-post-thumbnail","7":"category-rennes","8":"tag-actu","9":"tag-actualites","10":"tag-bretagne","11":"tag-brocante","12":"tag-concert","13":"tag-eu","14":"tag-europe","15":"tag-fr","16":"tag-france","17":"tag-loisirs-culture","18":"tag-news","19":"tag-rennes","20":"tag-republique-francaise"},"share_on_mastodon":{"url":"https:\/\/pubeurope.com\/@fr\/114993278694480962","error":""},"_links":{"self":[{"href":"https:\/\/www.europesays.com\/fr\/wp-json\/wp\/v2\/posts\/305119","targetHints":{"allow":["GET"]}}],"collection":[{"href":"https:\/\/www.europesays.com\/fr\/wp-json\/wp\/v2\/posts"}],"about":[{"href":"https:\/\/www.europesays.com\/fr\/wp-json\/wp\/v2\/types\/post"}],"author":[{"embeddable":true,"href":"https:\/\/www.europesays.com\/fr\/wp-json\/wp\/v2\/users\/2"}],"replies":[{"embeddable":true,"href":"https:\/\/www.europesays.com\/fr\/wp-json\/wp\/v2\/comments?post=305119"}],"version-history":[{"count":0,"href":"https:\/\/www.europesays.com\/fr\/wp-json\/wp\/v2\/posts\/305119\/revisions"}],"wp:featuredmedia":[{"embeddable":true,"href":"https:\/\/www.europesays.com\/fr\/wp-json\/wp\/v2\/media\/305120"}],"wp:attachment":[{"href":"https:\/\/www.europesays.com\/fr\/wp-json\/wp\/v2\/media?parent=305119"}],"wp:term":[{"taxonomy":"category","embeddable":true,"href":"https:\/\/www.europesays.com\/fr\/wp-json\/wp\/v2\/categories?post=305119"},{"taxonomy":"post_tag","embeddable":true,"href":"https:\/\/www.europesays.com\/fr\/wp-json\/wp\/v2\/tags?post=305119"}],"curies":[{"name":"wp","href":"https:\/\/api.w.org\/{rel}","templated":true}]}}