{"id":305123,"date":"2025-08-08T13:03:21","date_gmt":"2025-08-08T13:03:21","guid":{"rendered":"https:\/\/www.europesays.com\/fr\/305123\/"},"modified":"2025-08-08T13:03:21","modified_gmt":"2025-08-08T13:03:21","slug":"toute-lactu-top-music-des-trains-pour-rejoindre-la-gare-de-strasbourg-au-stade-de-la-meinau","status":"publish","type":"post","link":"https:\/\/www.europesays.com\/fr\/305123\/","title":{"rendered":"Toute l&rsquo;actu Top Music &#8211; Des trains pour rejoindre la gare de Strasbourg au stade de la Meinau"},"content":{"rendered":"<p><img decoding=\"async\" class=\"\" style=\"width:100%\" src=\"https:\/\/www.europesays.com\/fr\/wp-content\/uploads\/2025\/08\/IMG_61661754641674117.webp.webp\" alt=\"Des trains pour acc\u00e9der plus facilement au stade de la Meinau.\"\/><\/p>\n<p>Des trains pour acc\u00e9der plus facilement au stade de la Meinau.<\/p>\n<p>Cr\u00e9dit : Top Music &#8211; JS<\/p>\n<p style=\"text-align: justify;\"><a href=\"https:\/\/www.topmusic.fr\/racing-2025-2026-les-dates-a-retenir\" target=\"_blank\" rel=\"noopener\">Le Racing Club de Strasbourg<\/a> va remettre en place ses trains bleus d\u00e8s <strong>le 24 ao\u00fbt<\/strong>, pour le premier match de la saison \u00e0 la Meinau (Racing-Nantes). Un dispositif men\u00e9 aux c\u00f4t\u00e9s de la R\u00e9gion Grand Est, de l\u2019Eurom\u00e9tropole de Strasbourg et de SNCF Voyageurs. Vous pourrez prendre un train depuis la gare de Strasbourg et rejoindre Krimmeri-Meinau en <strong>quatre minutes<\/strong>. \u00ab\u00a0L\u2019objectif est de <strong>fluidifier<\/strong> les acc\u00e8s au stade, limiter la congestion routi\u00e8re et <strong>le stationnement anarchique<\/strong> tout en proposant une<strong> alternative rapide et \u00e9cologique<\/strong> aux trajets en voiture\u00a0\u00bb, explique le club de football strasbourgeois dans un communiqu\u00e9.<\/p>\n<p><strong>Aller en train \u00e0 la Meinau depuis plusieurs villes alsaciennes<\/strong><\/p>\n<p style=\"text-align: justify;\">Vous pourrez prendre <strong><a href=\"https:\/\/www.fluo.grandest.fr\/actualites\/ter-fluo-vous-emmene-a-la-meinau\/\" target=\"_blank\" rel=\"noopener\">ces trains sp\u00e9ciaux entre 2h et 30 minutes<\/a><\/strong> avant le coup d\u2019envoi de la rencontre, un retour est \u00e9galement garanti. Des <strong>correspondances<\/strong> seront aussi assur\u00e9es avec des TER en provenance de <strong>Colmar, Saverne, Mulhouse, S\u00e9lestat, Haguenau\u2026 <\/strong>Les billets peuvent d\u00e9j\u00e0 \u00eatre r\u00e9server sur le site de la <a href=\"https:\/\/www.ter.sncf.com\/grand-est\/offers?search=N4Ig9gTglg5lB2BJAJiAXCAHAdgEwEZcAGXbEAGnGjnnRAGUAXCAQwGcAjMAVwhgqqwEiNkzAAHAAoAbFgGMApumbcFlZAraMELbWCSoMOAMzHMAVlzmBGrTr20MAaWgBbVwugACALIKd3Daa2vC6UPoiYlKyisoQqpTi7GwK8DCebOgA2qBQhiC4yABsACwlRQCccgC02PhFRdUluBwc1RUcxvjVBERFmCws5g1yHAIs6ejw3NLSlHIsEMj03BxsctAcnlMzcyALSwBKCnD6ACrUrK47swC%2BALrqCkkQjLwKACK6Smj42MMkXAlIggkGUKBsRDuBTIKDfD7PRZvCA-ABmLGkKUSKIAbuFuGwAKoQaR0AD0MFY8GQ1WCIFuQA\" target=\"_blank\" rel=\"noopener\">SNCF<\/a>, les prix d\u00e9marrent \u00e0 3,20 euros. \u00a0Et une nouveaut\u00e9 cette ann\u00e9e, le Pass Groupe Week-end : deux \u00e0 cinq personnes peuvent voyager en illimit\u00e9 sur le r\u00e9seau Fluo \u00e0 40 euros la journ\u00e9e, le samedi, dimanche et jours f\u00e9ri\u00e9s.<\/p>\n","protected":false},"excerpt":{"rendered":"Des trains pour acc\u00e9der plus facilement au stade de la Meinau. Cr\u00e9dit : Top Music &#8211; JS Le&hellip;\n","protected":false},"author":2,"featured_media":305124,"comment_status":"","ping_status":"","sticky":false,"template":"","format":"standard","meta":{"footnotes":""},"categories":[2820],"tags":[1111,11,2389,2649,1777,674,2257,63,1011,27,7533,775,1637,66,955,28128,12,2311,8708,25,2215,2858,640,6472,926,5811],"class_list":{"0":"post-305123","1":"post","2":"type-post","3":"status-publish","4":"format-standard","5":"has-post-thumbnail","7":"category-strasbourg","8":"tag-actu","9":"tag-actualites","10":"tag-alsace","11":"tag-bas-rhin","12":"tag-eu","13":"tag-europe","14":"tag-foot","15":"tag-football","16":"tag-fr","17":"tag-france","18":"tag-gare","19":"tag-grand-est","20":"tag-haut-rhin","21":"tag-ligue-1","22":"tag-match","23":"tag-meinau","24":"tag-news","25":"tag-racing","26":"tag-racing-club-de-strasbourg","27":"tag-republique-francaise","28":"tag-sncf","29":"tag-stade","30":"tag-strasbourg","31":"tag-ter","32":"tag-train","33":"tag-trains"},"share_on_mastodon":{"url":"https:\/\/pubeurope.com\/@fr\/114993286729341872","error":""},"_links":{"self":[{"href":"https:\/\/www.europesays.com\/fr\/wp-json\/wp\/v2\/posts\/305123","targetHints":{"allow":["GET"]}}],"collection":[{"href":"https:\/\/www.europesays.com\/fr\/wp-json\/wp\/v2\/posts"}],"about":[{"href":"https:\/\/www.europesays.com\/fr\/wp-json\/wp\/v2\/types\/post"}],"author":[{"embeddable":true,"href":"https:\/\/www.europesays.com\/fr\/wp-json\/wp\/v2\/users\/2"}],"replies":[{"embeddable":true,"href":"https:\/\/www.europesays.com\/fr\/wp-json\/wp\/v2\/comments?post=305123"}],"version-history":[{"count":0,"href":"https:\/\/www.europesays.com\/fr\/wp-json\/wp\/v2\/posts\/305123\/revisions"}],"wp:featuredmedia":[{"embeddable":true,"href":"https:\/\/www.europesays.com\/fr\/wp-json\/wp\/v2\/media\/305124"}],"wp:attachment":[{"href":"https:\/\/www.europesays.com\/fr\/wp-json\/wp\/v2\/media?parent=305123"}],"wp:term":[{"taxonomy":"category","embeddable":true,"href":"https:\/\/www.europesays.com\/fr\/wp-json\/wp\/v2\/categories?post=305123"},{"taxonomy":"post_tag","embeddable":true,"href":"https:\/\/www.europesays.com\/fr\/wp-json\/wp\/v2\/tags?post=305123"}],"curies":[{"name":"wp","href":"https:\/\/api.w.org\/{rel}","templated":true}]}}