{"id":305125,"date":"2025-08-08T13:04:12","date_gmt":"2025-08-08T13:04:12","guid":{"rendered":"https:\/\/www.europesays.com\/fr\/305125\/"},"modified":"2025-08-08T13:04:12","modified_gmt":"2025-08-08T13:04:12","slug":"artisans-et-partenaires-reunis-pour-la-6e-soiree-de-la-capeb-06-a","status":"publish","type":"post","link":"https:\/\/www.europesays.com\/fr\/305125\/","title":{"rendered":"Artisans et partenaires r\u00e9unis pour la 6e Soir\u00e9e de la CAPEB 06 \u00e0 (\u2026)"},"content":{"rendered":"<p>                    <img loading=\"lazy\" decoding=\"async\" src=\"https:\/\/www.europesays.com\/fr\/wp-content\/uploads\/2025\/08\/4b4151731bc872a58fcf26f67ca618.jpg\" class=\"img-responsive post-image\" width=\"680\" height=\"510\" alt=\"Artisans et partenaires\" title=\"Artisans et partenaires r\u00e9unis pour la 6e Soir\u00e9e de la CAPEB 06 \u00e0 Saint-Laurent-du-Var\"\/><\/p>\n<p class=\"chapo\">La CAPEB 06 a tenu, mercredi 30 juillet, la sixi\u00e8me \u00e9dition de sa soir\u00e9e estivale \u00e0 l\u2019Hippodrome de la C\u00f4te d\u2019Azur. L\u2019\u00e9v\u00e9nement, organis\u00e9 en partenariat avec la Ville de Saint-Laurent-du-Var, a r\u00e9uni artisans, partenaires et repr\u00e9sentants institutionnels autour des courses et animations.<\/p>\n<p>\u00c9lu le 10 juillet, le nouveau pr\u00e9sident de la CAPEB 06, <strong>Franck Caverzagh<\/strong>i, a accueilli les invit\u00e9s et convi\u00e9 <strong>Mme\u00a0Galea,<\/strong> adjointe \u00e0 la Vie \u00e9conomique repr\u00e9sentant le maire<strong> Joseph Segura<\/strong>, \u00e0 remettre le prix \u00ab\u00a0Partenaires de Saint-Laurent-du-Var \u2013 CAPEB l\u2019Artisanat du B\u00e2timent\u00a0\u00bb. <br class=\"texte\"\/><br \/>\nLe troph\u00e9e a \u00e9t\u00e9 d\u00e9cern\u00e9 au vainqueur de la cinqui\u00e8me course, <strong>Kristof Depuydt<\/strong>, au sulky de Jimbo Sport, hongre de six ans. Outre les \u00e9preuves hippiques, la soir\u00e9e a propos\u00e9 plusieurs animations, dont un tour en voiture suiveuse pour certains participants. Le programme s\u2019est conclu par un feu d\u2019artifice.<\/p>\n<p> <a href=\"https:\/\/www.europesays.com\/fr\/wp-content\/uploads\/2025\/08\/capture_d_e_cran_2025-08-08_a_14.07_33.png\" class=\"spip_doc_lien mediabox\" type=\"image\/png\"><br \/>\n\t\t<img loading=\"lazy\" decoding=\"async\" src=\"https:\/\/www.europesays.com\/fr\/wp-content\/uploads\/2025\/08\/capture_d_e_cran_2025-08-08_a_14.07_33.png\" width=\"1024\" height=\"705\" alt=\"\"\/><\/a><\/p>\n<p>Le driver gagnant K. DEPUYDT, entour\u00e9 du pr\u00e9sident de la CAPEB 06, des administrateurs et membres du Club des Partenaires de la CAPEB06  \u00a9CAPEB 06\n<\/p>\n<p>L\u2019initiative, lanc\u00e9e en 2020 par <strong>Alain Unia<\/strong>, secr\u00e9taire g\u00e9n\u00e9ral adjoint et charg\u00e9 de d\u00e9veloppement, s\u2019inscrit dans la volont\u00e9 de la CAPEB 06 de renforcer les liens entre les acteurs du b\u00e2timent et leurs partenaires locaux.<\/p>\n<p> <a href=\"https:\/\/www.europesays.com\/fr\/wp-content\/uploads\/2025\/08\/feu_d_artifice_hippodrome.jpg\" class=\"spip_doc_lien mediabox\" type=\"image\/jpeg\"><br \/>\n\t\t<img loading=\"lazy\" decoding=\"async\" src=\"https:\/\/www.europesays.com\/fr\/wp-content\/uploads\/2025\/08\/feu_d_artifice_hippodrome.jpg\" width=\"900\" height=\"485\" alt=\"\"\/><\/a><\/p>\n<p>La soir\u00e9e s\u2019est termin\u00e9e avec un superbe feu d\u2019artifice \u00a9CAPEB 06\n<\/p>\n<p>Photo de Une\u00a0: De gauche \u00e0 droite Marcel VA\u00cfANI \u2013 Adjoint au Maire de St Laurent du Var, Fran\u00e7ois FORCIOLI-CONTI Pr\u00e9sident de l\u2019Association des Courses de la C\u00f4te d\u2019Azur, Marie-Paule GALEA &#8211; Adjointe au Maire de St Laurent du Var, Franck CAVERZAGHI \u2013 Pr\u00e9sident CAPEB 06 \u00a9CAPEB 06<\/p>\n","protected":false},"excerpt":{"rendered":"La CAPEB 06 a tenu, mercredi 30 juillet, la sixi\u00e8me \u00e9dition de sa soir\u00e9e estivale \u00e0 l\u2019Hippodrome de&hellip;\n","protected":false},"author":2,"featured_media":305126,"comment_status":"","ping_status":"","sticky":false,"template":"","format":"standard","meta":{"footnotes":""},"categories":[2819],"tags":[1111,11,2408,1777,674,1011,27,12,2401,882,25],"class_list":{"0":"post-305125","1":"post","2":"type-post","3":"status-publish","4":"format-standard","5":"has-post-thumbnail","7":"category-nice","8":"tag-actu","9":"tag-actualites","10":"tag-appels-d","11":"tag-eu","12":"tag-europe","13":"tag-fr","14":"tag-france","15":"tag-news","16":"tag-nice","17":"tag-provence-alpes-cote-dazur","18":"tag-republique-francaise"},"share_on_mastodon":{"url":"https:\/\/pubeurope.com\/@fr\/114993290576659177","error":""},"_links":{"self":[{"href":"https:\/\/www.europesays.com\/fr\/wp-json\/wp\/v2\/posts\/305125","targetHints":{"allow":["GET"]}}],"collection":[{"href":"https:\/\/www.europesays.com\/fr\/wp-json\/wp\/v2\/posts"}],"about":[{"href":"https:\/\/www.europesays.com\/fr\/wp-json\/wp\/v2\/types\/post"}],"author":[{"embeddable":true,"href":"https:\/\/www.europesays.com\/fr\/wp-json\/wp\/v2\/users\/2"}],"replies":[{"embeddable":true,"href":"https:\/\/www.europesays.com\/fr\/wp-json\/wp\/v2\/comments?post=305125"}],"version-history":[{"count":0,"href":"https:\/\/www.europesays.com\/fr\/wp-json\/wp\/v2\/posts\/305125\/revisions"}],"wp:featuredmedia":[{"embeddable":true,"href":"https:\/\/www.europesays.com\/fr\/wp-json\/wp\/v2\/media\/305126"}],"wp:attachment":[{"href":"https:\/\/www.europesays.com\/fr\/wp-json\/wp\/v2\/media?parent=305125"}],"wp:term":[{"taxonomy":"category","embeddable":true,"href":"https:\/\/www.europesays.com\/fr\/wp-json\/wp\/v2\/categories?post=305125"},{"taxonomy":"post_tag","embeddable":true,"href":"https:\/\/www.europesays.com\/fr\/wp-json\/wp\/v2\/tags?post=305125"}],"curies":[{"name":"wp","href":"https:\/\/api.w.org\/{rel}","templated":true}]}}