{"id":305127,"date":"2025-08-08T13:05:11","date_gmt":"2025-08-08T13:05:11","guid":{"rendered":"https:\/\/www.europesays.com\/fr\/305127\/"},"modified":"2025-08-08T13:05:11","modified_gmt":"2025-08-08T13:05:11","slug":"linternational-ivoirien-evann-guessand-quitte-nice-pour-aston-villa","status":"publish","type":"post","link":"https:\/\/www.europesays.com\/fr\/305127\/","title":{"rendered":"L\u2019international ivoirien Evann Guessand quitte Nice pour Aston Villa"},"content":{"rendered":"<p>L&rsquo;attaquant international ivoirien de Nice Evann Guessand, 24 ans, a \u00e9t\u00e9 transf\u00e9r\u00e9 au club anglais d&rsquo;Aston Villa, ont annonc\u00e9 vendredi 8 ao\u00fbt conjointement les deux clubs.<\/p>\n<p>Form\u00e9 \u00e0 Nice o\u00f9 il est arriv\u00e9 \u00e0 l&rsquo;\u00e2ge de 12 ans, Guessand avait \u00e9t\u00e9 pr\u00eat\u00e9 \u00e0 Lausanne en Suisse (35 matches, 7 buts, 5 passes d\u00e9cisives) en 2020-2021, puis \u00e0 Nantes en 2022-2023 (44 matches, 5 buts, deux passes d\u00e9cisives), avant d&rsquo;exploser chez les Aiglons sous les ordres de Francesco Farioli en 2023-2024 et surtout avec Franck Haise la saison derni\u00e8re, o\u00f9 il a disput\u00e9 42 matches et inscrit 13 buts.<\/p>\n<p>Sur la C\u00f4te d&rsquo;Azur, Guessand a disput\u00e9 109 rencontres et inscrit 21 buts. \u00ab Quand j&rsquo;ai appris que le club me recherchait, je n&rsquo;ai pas h\u00e9sit\u00e9 une seconde \u00bb, a d\u00e9clar\u00e9 Guessand. Et d&rsquo;ajouter :\u00ab Je suis pr\u00eat \u00e0 tout donner. Chaque match, chaque coup de pied, chaque minute \u00bb.<\/p>\n<p>Le transfert, d&rsquo;un montant de 35 millions d&rsquo;euros, bonus compris, selon diff\u00e9rentes sources proches du club azur\u00e9en, est le plus important de l&rsquo;histoire de Nice. Aston Villa a termin\u00e9 6e de Premier League et \u00e9t\u00e9 quart de finaliste de la Ligue des champions, \u00e9limin\u00e9 par le Paris Saint-Germain (1-3, 3-2) la saison pass\u00e9e. Le club de Birmingham disputera cette saison la Ligue Europa.<\/p>\n<p>Aston Villa a connu un mercato calme jusqu&rsquo;\u00e0 pr\u00e9sent, ne recrutant que le gardien rempla\u00e7ant Marco Bizot et le d\u00e9fenseur Yasin Ozcan, pr\u00eat\u00e9 \u00e0 Anderlecht. Le club a \u00e9t\u00e9 sanctionn\u00e9 par l&rsquo;UEFA en juillet pour violation du r\u00e8glement financier.<\/p>\n","protected":false},"excerpt":{"rendered":"L&rsquo;attaquant international ivoirien de Nice Evann Guessand, 24 ans, a \u00e9t\u00e9 transf\u00e9r\u00e9 au club anglais d&rsquo;Aston Villa, ont&hellip;\n","protected":false},"author":2,"featured_media":305128,"comment_status":"","ping_status":"","sticky":false,"template":"","format":"standard","meta":{"footnotes":""},"categories":[2819],"tags":[1111,11,784,1777,674,44492,1011,27,44491,3308,29241,6563,20376,766,12,2401,44493,882,25],"class_list":{"0":"post-305127","1":"post","2":"type-post","3":"status-publish","4":"format-standard","5":"has-post-thumbnail","7":"category-nice","8":"tag-actu","9":"tag-actualites","10":"tag-aston-villa","11":"tag-eu","12":"tag-europe","13":"tag-evann-guessand","14":"tag-fr","15":"tag-france","16":"tag-francesco-farioli","17":"tag-franck-haise","18":"tag-la-cote-dazur","19":"tag-le-club","20":"tag-marco-bizot","21":"tag-nantes","22":"tag-news","23":"tag-nice","24":"tag-ozcan","25":"tag-provence-alpes-cote-dazur","26":"tag-republique-francaise"},"share_on_mastodon":{"url":"https:\/\/pubeurope.com\/@fr\/114993294395216033","error":""},"_links":{"self":[{"href":"https:\/\/www.europesays.com\/fr\/wp-json\/wp\/v2\/posts\/305127","targetHints":{"allow":["GET"]}}],"collection":[{"href":"https:\/\/www.europesays.com\/fr\/wp-json\/wp\/v2\/posts"}],"about":[{"href":"https:\/\/www.europesays.com\/fr\/wp-json\/wp\/v2\/types\/post"}],"author":[{"embeddable":true,"href":"https:\/\/www.europesays.com\/fr\/wp-json\/wp\/v2\/users\/2"}],"replies":[{"embeddable":true,"href":"https:\/\/www.europesays.com\/fr\/wp-json\/wp\/v2\/comments?post=305127"}],"version-history":[{"count":0,"href":"https:\/\/www.europesays.com\/fr\/wp-json\/wp\/v2\/posts\/305127\/revisions"}],"wp:featuredmedia":[{"embeddable":true,"href":"https:\/\/www.europesays.com\/fr\/wp-json\/wp\/v2\/media\/305128"}],"wp:attachment":[{"href":"https:\/\/www.europesays.com\/fr\/wp-json\/wp\/v2\/media?parent=305127"}],"wp:term":[{"taxonomy":"category","embeddable":true,"href":"https:\/\/www.europesays.com\/fr\/wp-json\/wp\/v2\/categories?post=305127"},{"taxonomy":"post_tag","embeddable":true,"href":"https:\/\/www.europesays.com\/fr\/wp-json\/wp\/v2\/tags?post=305127"}],"curies":[{"name":"wp","href":"https:\/\/api.w.org\/{rel}","templated":true}]}}