{"id":30514,"date":"2025-04-17T01:59:08","date_gmt":"2025-04-17T01:59:08","guid":{"rendered":"https:\/\/www.europesays.com\/fr\/30514\/"},"modified":"2025-04-17T01:59:08","modified_gmt":"2025-04-17T01:59:08","slug":"le-celebre-ilovenice-vient-detre-remplace-par-une-grosse-boule-on-vous-explique-ce-que-cest","status":"publish","type":"post","link":"https:\/\/www.europesays.com\/fr\/30514\/","title":{"rendered":"Le c\u00e9l\u00e8bre #ILoveNice vient d\u2019\u00eatre remplac\u00e9 par une grosse boule, on vous explique ce que c\u2019est"},"content":{"rendered":"<p>Panique sur Instagram: la structure #ILoveNice, tr\u00e8s pris\u00e9e des photographes amateurs et autres influenceurs, a disparu. Ou plut\u00f4t, elle a \u00e9t\u00e9 d\u00e9plac\u00e9e quelques m\u00e8tres plus loin, de l\u2019autre c\u00f4t\u00e9 de Rauba-Cape\u00f9. \u00c0 la place: un entrelacs de m\u00e9tal et de guirlandes.<\/p>\n<p>Non, ce n\u2019est pas une d\u00e9co de No\u00ebl en retard ni un gigantesque \u0153uf de P\u00e2ques en avance. C\u2019est une \u0153uvre d\u2019art arriv\u00e9e l\u00e0 dans le cadre de la Biennale des arts et de l\u2019oc\u00e9an, qui se d\u00e9roule de mai \u00e0 octobre.<\/p>\n<p>Difficile de proc\u00e9der \u00e0 son installation dans la discr\u00e9tion: le lieu est trop fr\u00e9quent\u00e9 pour cela. Mais cela permet aux curieux de suivre l\u2019avanc\u00e9e des op\u00e9rations, qui s\u2019ach\u00e8veront dans quelques jours.<\/p>\n<p>Cette forme ne vous dit rien? Il s\u2019agit d\u2019un oursin. Le sachant, tout s\u2019\u00e9claire. Les courbes dessin\u00e9es \u00e0 la mani\u00e8re d\u2019un ouvrage en crochet font \u00e9cho au bestiaire marin.<\/p>\n<p>Cette sculpture de Choi + Shine est baptis\u00e9e The Architects Urchins. La nuit tomb\u00e9e, elle sera illumin\u00e9e et dardera ses rayons lumineux sur la Grande Bleue.<\/p>\n<p><strong>Balade artistique<\/strong><\/p>\n<p>Ce n\u2019est pas tout: cette pi\u00e8ce fait partie d\u2019un ensemble de six \u0153uvres monumentales sur le th\u00e8me de l\u2019oc\u00e9an \u2013 en lien avec le raout onusien \u2013 install\u00e9es en ville.<\/p>\n<p>La philosophie du projet est d\u2019amener l\u2019art dans l\u2019espace public, de l\u2019offrir au regard des Ni\u00e7ois et des visiteurs. La balade sculpturale ira d\u2019une prom\u2019 \u00e0 l\u2019autre: de la promenade des Anglais \u00e0 celle du Paillon.<\/p>\n<p>L\u2019inauguration est pr\u00e9vue dans les premiers jours de mai.<\/p>\n","protected":false},"excerpt":{"rendered":"Panique sur Instagram: la structure #ILoveNice, tr\u00e8s pris\u00e9e des photographes amateurs et autres influenceurs, a disparu. Ou plut\u00f4t,&hellip;\n","protected":false},"author":2,"featured_media":30515,"comment_status":"","ping_status":"","sticky":false,"template":"","format":"standard","meta":{"footnotes":""},"categories":[2819],"tags":[1111,11,1777,674,1011,27,12,2401,882,25,3366],"class_list":{"0":"post-30514","1":"post","2":"type-post","3":"status-publish","4":"format-standard","5":"has-post-thumbnail","7":"category-nice","8":"tag-actu","9":"tag-actualites","10":"tag-eu","11":"tag-europe","12":"tag-fr","13":"tag-france","14":"tag-news","15":"tag-nice","16":"tag-provence-alpes-cote-dazur","17":"tag-republique-francaise","18":"tag-vie-locale"},"share_on_mastodon":{"url":"","error":""},"_links":{"self":[{"href":"https:\/\/www.europesays.com\/fr\/wp-json\/wp\/v2\/posts\/30514","targetHints":{"allow":["GET"]}}],"collection":[{"href":"https:\/\/www.europesays.com\/fr\/wp-json\/wp\/v2\/posts"}],"about":[{"href":"https:\/\/www.europesays.com\/fr\/wp-json\/wp\/v2\/types\/post"}],"author":[{"embeddable":true,"href":"https:\/\/www.europesays.com\/fr\/wp-json\/wp\/v2\/users\/2"}],"replies":[{"embeddable":true,"href":"https:\/\/www.europesays.com\/fr\/wp-json\/wp\/v2\/comments?post=30514"}],"version-history":[{"count":0,"href":"https:\/\/www.europesays.com\/fr\/wp-json\/wp\/v2\/posts\/30514\/revisions"}],"wp:featuredmedia":[{"embeddable":true,"href":"https:\/\/www.europesays.com\/fr\/wp-json\/wp\/v2\/media\/30515"}],"wp:attachment":[{"href":"https:\/\/www.europesays.com\/fr\/wp-json\/wp\/v2\/media?parent=30514"}],"wp:term":[{"taxonomy":"category","embeddable":true,"href":"https:\/\/www.europesays.com\/fr\/wp-json\/wp\/v2\/categories?post=30514"},{"taxonomy":"post_tag","embeddable":true,"href":"https:\/\/www.europesays.com\/fr\/wp-json\/wp\/v2\/tags?post=30514"}],"curies":[{"name":"wp","href":"https:\/\/api.w.org\/{rel}","templated":true}]}}