{"id":305140,"date":"2025-08-08T13:15:11","date_gmt":"2025-08-08T13:15:11","guid":{"rendered":"https:\/\/www.europesays.com\/fr\/305140\/"},"modified":"2025-08-08T13:15:11","modified_gmt":"2025-08-08T13:15:11","slug":"a-lestaque-les-habitants-se-mobilisent-apres-lincendie-du-8-juillet","status":"publish","type":"post","link":"https:\/\/www.europesays.com\/fr\/305140\/","title":{"rendered":"\u00e0 l&rsquo;Estaque, les habitants se mobilisent apr\u00e8s l&rsquo;incendie du 8 juillet"},"content":{"rendered":"<p>\u00ab\u00a0Ce chat appartient-il \u00e0 l\u2019un d\u2019entre vous\u00a0?\u00a0\u00bb, \u00ab\u00a0S\u2019agit-il d\u2019un chat libre\u00a0?\u00a0\u00bb, \u00ab\u00a0Avez-vous vu passer mon chat\u00a0?\u00a0\u00bb Photos \u00e0 l\u2019appui sur les r\u00e9seaux sociaux et dans les groupes Whatsapp, chaque jour, des habitants de l\u2019Estaque usent de tous les moyens dans l\u2019espoir de retrouver leur animal port\u00e9 disparu depuis <a href=\"https:\/\/www.laprovence.com\/article\/faits-divers-justice\/1401511491747715\/feu-des-pennes-mirabeau-et-marseille-la-colere-des-sinistres-les-questions-en-suspens\" target=\"_blank\" rel=\"noopener\">l\u2019incendie du 8\u00a0juillet<\/a>. Car au-del\u00e0 de la terreur ressentie et de la perte partielle ou totale de leurs biens, nombreux sont ceux qui vivent aussi le traumatisme de cette disparition. Ces pertes, \u00ab\u00a0c\u2019est un drame qui s\u2019ajoute au drame\u00a0\u00bb. Administratrice du groupe Whatsapp du collectif de l\u2019incendie du 8-Juillet consacr\u00e9 aux animaux, Ana n\u2019a pu qu\u2019accompagner la tristesse de ceux qui ont appris que la d\u00e9pouille de leur compagnon \u00e0 quatre pattes avait \u00e9t\u00e9 extraite des d\u00e9bris calcin\u00e9s. C\u2019est la Sacpa, l\u2019organisme en charge de la<a href=\"https:\/\/laprovence.com\/article\/societe\/6671005\/marseille-le-president-de-la-spa-ne-veut-pas-lacher-le-morceau.html\" target=\"_blank\" rel=\"noopener\"> fourri\u00e8re municipale<\/a> \u00e0 Marseille, qui s\u2019est charg\u00e9e des op\u00e9rations, tout en capturant les bless\u00e9s.<\/p>\n<p>Une vingtaine de chats ont ainsi \u00e9t\u00e9 retrouv\u00e9s vivants dans les jours qui ont suivi l\u2019incendie. Comme beaucoup d\u2019animaux bless\u00e9s, sauvages ou sans ma\u00eetres, ils ont \u00e9t\u00e9 soign\u00e9s b\u00e9n\u00e9volement par le v\u00e9t\u00e9rinaire du Rove, dont la petite clinique, d\u00e9bord\u00e9e, continue de recevoir l\u2019aide de volontaires, pour caresser et sociabiliser les chatons. Les refuges locaux \u00e9tant satur\u00e9s, d\u2019autres b\u00eates ont \u00e9t\u00e9 confi\u00e9es \u00e0 l\u2019association mon\u00e9gasque Roketon, avec le soutien de la princesse Charl\u00e8ne. \u00ab\u00a0Sylvie Sermenghi, la pr\u00e9sidente de l\u2019association, a pu \u00e9changer avec la princesse, qui a contact\u00e9 la SPA de Monaco, explique Ana. Ils sont venus r\u00e9cup\u00e9rer sept chatons et un chat gravement bless\u00e9, pour lequel Roketon avait d\u00e9j\u00e0 trouv\u00e9 un foyer.\u00a0\u00bb<\/p>\n<p>Frida, la mascotte du groupe<\/p>\n<p>Le groupe Whatsapp a vu le jour alors qu\u2019une famille cherchait ses deux chats, Frida et Oggy, introuvables au moment de l\u2019\u00e9vacuation d\u2019urgence.<strong> <\/strong>\u00ab\u00a0Lorsque je suis revenue sur place, la maison \u00e9tait d\u00e9truite, je n\u2019y croyais m\u00eame plus\u2026 Mais au bout de trois jours, Frida a r\u00e9pondu \u00e0 mes appels en sortant d\u2019une cachette, elle \u00e9tait recouverte de cendres, les coussinets, moustaches et museau un peu br\u00fbl\u00e9s, s\u2019\u00e9meut Zo\u00e9, leur ma\u00eetresse.\u00a0Oggy, son fils, a \u00e9t\u00e9 rep\u00e9r\u00e9 cach\u00e9 sous la maison une semaine apr\u00e8s. Il n\u2019a plus de moustaches, il est apeur\u00e9, on le nourrit \u00e0 distance car malgr\u00e9 une tentative avec une cage de trappage, il s\u2019est \u00e9chapp\u00e9 au dernier moment\u00a0; on n\u2019a toujours pas r\u00e9ussi \u00e0 le r\u00e9cup\u00e9rer.\u00a0\u00bb La belle histoire a donn\u00e9 du baume au c\u0153ur et de l\u2019espoir \u00e0 ceux qui cherchent toujours leurs chats. D\u2019autres ont d\u2019ailleurs \u00e9t\u00e9 retrouv\u00e9s depuis.<\/p>\n<p>\u00ab\u00a0On a mis Frida en photo de profil du groupe, elle est devenue notre mascotte\u00a0\u00bb, confirme Catherine. Ardente d\u00e9fenseuse de la cause animale, l\u2019Estaqu\u00e9enne a d\u00e9couvert que de nombreux autres riverains partageaient ce m\u00eame amour du vivant, l\u2019incitant \u00e0 r\u00e9unir tous les volontaires au sein d\u2019un <a href=\"https:\/\/laprovence.com\/article\/societe\/5124783\/marseille-chats-errants-une-liberte-cherement-payee.html\" target=\"_blank\" rel=\"noopener\">r\u00e9seau de \u00ab\u00a0nourrici\u00e8res\u00a0\u00bb<\/a> du 16e arrondissement. Elle souligne \u00ab\u00a0la rapidit\u00e9 de la mobilisation et la g\u00e9n\u00e9rosit\u00e9 des b\u00e9n\u00e9voles, imm\u00e9diatement pr\u00e9sents d\u00e8s qu\u2019on a besoin d\u2019un don de croquettes\u00a0\u00bb. Mais aussi le soutien de la Sacpa \u00ab\u00a0qui a aid\u00e9 \u00e0 trapper des chats d\u00e8s le lendemain\u00a0\u00bb.<\/p>\n<p>Ran\u00e7on du succ\u00e8s des b\u00e9n\u00e9voles mobilis\u00e9s pour les animaux, la m\u00e9diatisation du <a href=\"https:\/\/www.laprovence.com\/article\/region\/3539088703846414\/soutien-moral-vegetalisation-a-lestaque-la-solidarite-na-jamais-faibli-depuis-lincendie-du-8-juillet\" target=\"_blank\" rel=\"noopener\">nourrissage des ch\u00e8vres des collines<\/a> a fini par attirer des personnes qui, croyant bien faire, leur donnent du pain, dangereux pour leur sant\u00e9, ou \u00ab\u00a0adoptent des comportements inappropri\u00e9s pour leur bien-\u00eatre\u00a0\u00bb, regrette Ana qui s\u2019inqui\u00e8te de voir les ch\u00e8vres devenir \u00ab\u00a0une attraction touristique\u00a0\u00bb. De nouveaux b\u00e9n\u00e9voles, form\u00e9s par les anciens, continuent de se relayer pour nourrir les survivantes, le temps que les terres br\u00fbl\u00e9es leur fournissent de nouveau de quoi brouter.<\/p>\n","protected":false},"excerpt":{"rendered":"\u00ab\u00a0Ce chat appartient-il \u00e0 l\u2019un d\u2019entre vous\u00a0?\u00a0\u00bb, \u00ab\u00a0S\u2019agit-il d\u2019un chat libre\u00a0?\u00a0\u00bb, \u00ab\u00a0Avez-vous vu passer mon chat\u00a0?\u00a0\u00bb Photos \u00e0&hellip;\n","protected":false},"author":2,"featured_media":305141,"comment_status":"","ping_status":"","sticky":false,"template":"","format":"standard","meta":{"footnotes":""},"categories":[2814],"tags":[17,1111,11,1102,7960,7654,1809,1777,674,1011,27,4021,10853,151,884,12,882,16,25,3711],"class_list":{"0":"post-305140","1":"post","2":"type-post","3":"status-publish","4":"format-standard","5":"has-post-thumbnail","7":"category-marseille","8":"tag-17","9":"tag-actu","10":"tag-actualites","11":"tag-breakingnews","12":"tag-chacun","13":"tag-chat","14":"tag-cherche","15":"tag-eu","16":"tag-europe","17":"tag-fr","18":"tag-france","19":"tag-habitants","20":"tag-lestaque","21":"tag-les","22":"tag-marseille","23":"tag-news","24":"tag-provence-alpes-cote-dazur","25":"tag-region","26":"tag-republique-francaise","27":"tag-son"},"share_on_mastodon":{"url":"https:\/\/pubeurope.com\/@fr\/114993333834585557","error":""},"_links":{"self":[{"href":"https:\/\/www.europesays.com\/fr\/wp-json\/wp\/v2\/posts\/305140","targetHints":{"allow":["GET"]}}],"collection":[{"href":"https:\/\/www.europesays.com\/fr\/wp-json\/wp\/v2\/posts"}],"about":[{"href":"https:\/\/www.europesays.com\/fr\/wp-json\/wp\/v2\/types\/post"}],"author":[{"embeddable":true,"href":"https:\/\/www.europesays.com\/fr\/wp-json\/wp\/v2\/users\/2"}],"replies":[{"embeddable":true,"href":"https:\/\/www.europesays.com\/fr\/wp-json\/wp\/v2\/comments?post=305140"}],"version-history":[{"count":0,"href":"https:\/\/www.europesays.com\/fr\/wp-json\/wp\/v2\/posts\/305140\/revisions"}],"wp:featuredmedia":[{"embeddable":true,"href":"https:\/\/www.europesays.com\/fr\/wp-json\/wp\/v2\/media\/305141"}],"wp:attachment":[{"href":"https:\/\/www.europesays.com\/fr\/wp-json\/wp\/v2\/media?parent=305140"}],"wp:term":[{"taxonomy":"category","embeddable":true,"href":"https:\/\/www.europesays.com\/fr\/wp-json\/wp\/v2\/categories?post=305140"},{"taxonomy":"post_tag","embeddable":true,"href":"https:\/\/www.europesays.com\/fr\/wp-json\/wp\/v2\/tags?post=305140"}],"curies":[{"name":"wp","href":"https:\/\/api.w.org\/{rel}","templated":true}]}}