{"id":305145,"date":"2025-08-08T13:18:12","date_gmt":"2025-08-08T13:18:12","guid":{"rendered":"https:\/\/www.europesays.com\/fr\/305145\/"},"modified":"2025-08-08T13:18:12","modified_gmt":"2025-08-08T13:18:12","slug":"lyon-la-fete-danniversaire-dun-detenu-en-prison-fait-scandale-une-enquete-ouverte","status":"publish","type":"post","link":"https:\/\/www.europesays.com\/fr\/305145\/","title":{"rendered":"Lyon. La f\u00eate d&rsquo;anniversaire d&rsquo;un d\u00e9tenu en prison fait scandale, une enqu\u00eate ouverte"},"content":{"rendered":"<p>            Par<br \/>\n        <strong><br \/>\n            <a href=\"https:\/\/actu.fr\/auteur\/emma-ressegaire\" title=\"Consulter tous les articles de Emma Ressegaire\" target=\"_blank\" rel=\"noopener\">Emma Ressegaire<\/a><br \/>\n        <\/strong><\/p>\n<p>        Publi\u00e9 le<\/p>\n<p>            8 ao\u00fbt 2025 \u00e0 14h09        <\/p>\n<p>Durant le week-end du 19 juillet, la vid\u00e9o a fait le tour des r\u00e9seaux sociaux. <strong>Bonbonnes de protoxyde d\u2019azote, bougies pyrotechniques<\/strong>, bouteilles et canettes, ballons color\u00e9s, g\u00e2teaux, avec en fond une musique de Gims\u2026<\/p>\n<p class=\" wall-content\">Mais un tr\u00e8s gros d\u00e9tail n\u2019est pas pass\u00e9 inaper\u00e7u : la vid\u00e9o montre des <strong>barreaux visibles \u00e0 la fen\u00eatre<\/strong>, ainsi que le texte incrust\u00e9 \u2014 \u201cCorbas \u2013 69960\u201d. Des indices qui laissent penser que les images captur\u00e9es ont \u00e9t\u00e9 tourn\u00e9es depuis l\u2019int\u00e9rieur d\u2019<strong>une cellule de la maison d\u2019arr\u00eat de Corbas<\/strong>, au sud-est de <a href=\"https:\/\/actu.fr\/lyon\/\" target=\"_blank\" rel=\"noopener\">Lyon<\/a>.<\/p>\n<blockquote class=\"tiktok-embed\" cite=\"https:\/\/www.tiktok.com\/@ulyces.co\/video\/7529577855177493782\" data-video-id=\"7529577855177493782\" data-embed-from=\"oembed\" style=\"max-width:605px; min-width:325px;\"><p>\n<a target=\"_blank\" title=\"@ulyces.co\" href=\"https:\/\/www.tiktok.com\/@ulyces.co?refer=embed\" rel=\"noopener\">@ulyces.co<\/a> <\/p>\n<p>Ce d\u00e9tenu f\u00eate son anniversaire dans sa cellule \u00e0 Corbas pr\u00e8s de Lyon. Une vid\u00e9o qui cr\u00e9e la pol\u00e9mique. Cr\u00e9dit : images amateur<\/p>\n<p> <a target=\"_blank\" title=\"\u266c son original - Ulyces\" href=\"https:\/\/www.tiktok.com\/music\/son-original-7529577851306494742?refer=embed\" rel=\"noopener\">\u266c son original \u2013 Ulyces<\/a> <\/p>\n<\/blockquote>\n<p class=\" wall-content\">\n<p>Une enqu\u00eate ouverte<\/p>\n<p class=\" wall-content\">Et en effet, d\u2019apr\u00e8s nos informations, confirmant celles de nos confr\u00e8res du <a href=\"https:\/\/www.leprogres.fr\/faits-divers-justice\/2025\/08\/08\/un-detenu-de-la-prison-de-corbas-celebre-son-anniversaire-avec-du-protoxyde-d-azote-des-bougies-et-des-ballons\" target=\"_blank\" rel=\"noopener\">Progr\u00e8s<\/a>, l\u2019auteur de cette vid\u00e9o serait un <strong>d\u00e9tenu \u00e2g\u00e9 de 22 ans<\/strong>. Ce dernier est incarc\u00e9r\u00e9 depuis plus de deux ans, en attente de son proc\u00e8s devant la cour criminelle de Lyon, pr\u00e9vu \u00e0 la rentr\u00e9e. Les faits reproch\u00e9s n\u2019ont pas \u00e9t\u00e9 communiqu\u00e9s.<\/p>\n<p class=\" wall-content\">Contact\u00e9 par actu Lyon, le parquet de Lyon indique \u00ab\u00a0qu\u2019une <strong>enqu\u00eate a \u00e9t\u00e9 diligent\u00e9e<\/strong> pour les faits d\u00e9crits et qu\u2019elle a \u00e9t\u00e9 confi\u00e9e \u00e0 la brigade de gendarmerie de Corbas\u00a0\u00bb.<\/p>\n<p class=\" wall-content\">Suivez toute l\u2019actualit\u00e9 de vos villes et m\u00e9dias favoris en vous inscrivant \u00e0 <a href=\"https:\/\/moncompte.actu.fr\" title=\"D\u00e9couvez Mon Actu\" rel=\"nofollow noopener\" data-trk=\"{&quot;cta&quot;:{&quot;action&quot;:&quot;https:\\\/\\\/moncompte.actu.fr&quot;,&quot;category&quot;:&quot;mon compte&quot;,&quot;from&quot;:&quot;article footer&quot;,&quot;name&quot;:&quot;Mon actu&quot;,&quot;type&quot;:&quot;cta&quot;}}\" target=\"_blank\">Mon Actu<\/a>.<\/p>\n<p>                    <script async src=\"\/\/www.tiktok.com\/embed.js\"><\/script><\/p>\n","protected":false},"excerpt":{"rendered":"Par Emma Ressegaire Publi\u00e9 le 8 ao\u00fbt 2025 \u00e0 14h09 Durant le week-end du 19 juillet, la vid\u00e9o&hellip;\n","protected":false},"author":2,"featured_media":305146,"comment_status":"","ping_status":"","sticky":false,"template":"","format":"standard","meta":{"footnotes":""},"categories":[1889],"tags":[1111,11,2430,1777,674,1011,27,2428,12,899,2694,25,104],"class_list":{"0":"post-305145","1":"post","2":"type-post","3":"status-publish","4":"format-standard","5":"has-post-thumbnail","7":"category-lyon","8":"tag-actu","9":"tag-actualites","10":"tag-auvergne-rhone-alpes","11":"tag-eu","12":"tag-europe","13":"tag-fr","14":"tag-france","15":"tag-lyon","16":"tag-news","17":"tag-prisons","18":"tag-proces","19":"tag-republique-francaise","20":"tag-societe"},"share_on_mastodon":{"url":"https:\/\/pubeurope.com\/@fr\/114993345495747078","error":""},"_links":{"self":[{"href":"https:\/\/www.europesays.com\/fr\/wp-json\/wp\/v2\/posts\/305145","targetHints":{"allow":["GET"]}}],"collection":[{"href":"https:\/\/www.europesays.com\/fr\/wp-json\/wp\/v2\/posts"}],"about":[{"href":"https:\/\/www.europesays.com\/fr\/wp-json\/wp\/v2\/types\/post"}],"author":[{"embeddable":true,"href":"https:\/\/www.europesays.com\/fr\/wp-json\/wp\/v2\/users\/2"}],"replies":[{"embeddable":true,"href":"https:\/\/www.europesays.com\/fr\/wp-json\/wp\/v2\/comments?post=305145"}],"version-history":[{"count":0,"href":"https:\/\/www.europesays.com\/fr\/wp-json\/wp\/v2\/posts\/305145\/revisions"}],"wp:featuredmedia":[{"embeddable":true,"href":"https:\/\/www.europesays.com\/fr\/wp-json\/wp\/v2\/media\/305146"}],"wp:attachment":[{"href":"https:\/\/www.europesays.com\/fr\/wp-json\/wp\/v2\/media?parent=305145"}],"wp:term":[{"taxonomy":"category","embeddable":true,"href":"https:\/\/www.europesays.com\/fr\/wp-json\/wp\/v2\/categories?post=305145"},{"taxonomy":"post_tag","embeddable":true,"href":"https:\/\/www.europesays.com\/fr\/wp-json\/wp\/v2\/tags?post=305145"}],"curies":[{"name":"wp","href":"https:\/\/api.w.org\/{rel}","templated":true}]}}