{"id":305153,"date":"2025-08-08T13:24:15","date_gmt":"2025-08-08T13:24:15","guid":{"rendered":"https:\/\/www.europesays.com\/fr\/305153\/"},"modified":"2025-08-08T13:24:15","modified_gmt":"2025-08-08T13:24:15","slug":"quand-alger-veut-faire-passer-paris-a-la-caisse","status":"publish","type":"post","link":"https:\/\/www.europesays.com\/fr\/305153\/","title":{"rendered":"quand Alger veut faire passer Paris \u00e0 la caisse"},"content":{"rendered":"<p class=\"article-p mdl\">Nouvelle \u00e9tape dans la brouille entre Paris et Alger, qui veut faire passer la France \u00e0 la caisse. Une r\u00e9action \u00e0 la d\u00e9cision d&rsquo;Emmanuel Macron qui demandait plus de fermet\u00e9. Les d\u00e9tenteurs de passeports <strong>diplomatiques alg\u00e9riens vont d\u00e9sormais devoir obtenir des visas<\/strong>.<\/p>\n<p class=\"article-p mdl\">La r\u00e9ponse d&rsquo;Alger ne s&rsquo;est pas fait attendre. Le minist\u00e8re des Affaires \u00e9trang\u00e8res\u00a0alg\u00e9rien invite Paris \u00e0 d\u00e9p\u00eacher une d\u00e9l\u00e9gation \u00e0 Alger pour <strong>entamer des discussions sur la question des loyers<\/strong>.\u00a0<\/p>\n<p class=\"article-p mdl\">Car, jusqu&rsquo;\u00e0 maintenant,\u00a0les <strong>b\u00e2timents de la repr\u00e9sentation diplomatique fran\u00e7aise sont pr\u00eat\u00e9s<\/strong> par Alger \u00e0 des conditions tr\u00e8s avantageuses. Par exemple, le loyer de la Villa des Oliviers, juch\u00e9e sur les hauteurs de la capitale et qui sert de r\u00e9sidence officielle \u00e0 l&rsquo;ambassadeur de France en Alg\u00e9rie, est d&rsquo;un franc symbolique. Un montant qui n&rsquo;a pas boug\u00e9 depuis 1962, rappellent les autorit\u00e9s alg\u00e9riennes.\u00a0<\/p>\n<p class=\"article-p mdl\">Ce lieu est charg\u00e9 d&rsquo;histoire : le g\u00e9n\u00e9ral de Gaulle\u00a0en avait fait le <strong>si\u00e8ge provisoire de la France libre<\/strong> en y installant ses quartiers en 1943.\u00a0<\/p>\n<p class=\"article-p mdl\">Mais cela ne concerne pas que les b\u00e2timents de l&rsquo;ambassade, mais aussi une <strong>soixantaine de biens qui constituent le patrimoine immobilier fran\u00e7ais<\/strong> en Alg\u00e9rie.\u00a0Il s&rsquo;agit notamment d&rsquo;instituts et de consulats. En principe, leur statut a \u00e9t\u00e9 r\u00e9gl\u00e9 par l&rsquo;article 19 des accords d&rsquo;\u00c9vian, sign\u00e9s en mars 1962, ouvrant la voie \u00e0 l&rsquo;ind\u00e9pendance. Cette clause pr\u00e9voyait le maintien de la propri\u00e9t\u00e9 fran\u00e7aise pour les immeubles jug\u00e9s n\u00e9cessaires au fonctionnement normal des services, avec l&rsquo;accord du nouvel \u00c9tat.\u00a0<\/p>\n<p class=\"article-p mdl\">D\u00e9sormais, dans son bras de fer avec Paris, Alger veut instaurer un <strong>principe de r\u00e9ciprocit\u00e9<\/strong>. L&rsquo;Alg\u00e9rie rappelle que sa repr\u00e9sentation diplomatique en France ne b\u00e9n\u00e9ficie d&rsquo;aucun avantage et paie ses diff\u00e9rents loyers au prix du march\u00e9.\u00a0<\/p>\n<p>    L&rsquo;\u00e9quipe de l&rsquo;\u00e9mission vous recommande<\/p>\n<p class=\"s-newsletter__title\">\n                L\u2019actualit\u00e9 par la r\u00e9daction de RTL dans votre bo\u00eete mail.\n            <\/p>\n<p class=\"s-newsletter__subtitle\">\n                Gr\u00e2ce \u00e0 votre compte RTL abonnez-vous \u00e0 la newsletter RTL info pour suivre toute l&rsquo;actualit\u00e9 au quotidien\n            <\/p>\n<p>\n                                    Lire la suite\n                                <\/p>\n","protected":false},"excerpt":{"rendered":"Nouvelle \u00e9tape dans la brouille entre Paris et Alger, qui veut faire passer la France \u00e0 la caisse.&hellip;\n","protected":false},"author":2,"featured_media":305154,"comment_status":"","ping_status":"","sticky":false,"template":"","format":"standard","meta":{"footnotes":""},"categories":[1888],"tags":[11,15,1777,674,107,1011,27,14,12,626,25],"class_list":{"0":"post-305153","1":"post","2":"type-post","3":"status-publish","4":"format-standard","5":"has-post-thumbnail","7":"category-paris","8":"tag-actualites","9":"tag-algerie","10":"tag-eu","11":"tag-europe","12":"tag-fil-info","13":"tag-fr","14":"tag-france","15":"tag-international","16":"tag-news","17":"tag-paris","18":"tag-republique-francaise"},"share_on_mastodon":{"url":"https:\/\/pubeurope.com\/@fr\/114993369177715031","error":""},"_links":{"self":[{"href":"https:\/\/www.europesays.com\/fr\/wp-json\/wp\/v2\/posts\/305153","targetHints":{"allow":["GET"]}}],"collection":[{"href":"https:\/\/www.europesays.com\/fr\/wp-json\/wp\/v2\/posts"}],"about":[{"href":"https:\/\/www.europesays.com\/fr\/wp-json\/wp\/v2\/types\/post"}],"author":[{"embeddable":true,"href":"https:\/\/www.europesays.com\/fr\/wp-json\/wp\/v2\/users\/2"}],"replies":[{"embeddable":true,"href":"https:\/\/www.europesays.com\/fr\/wp-json\/wp\/v2\/comments?post=305153"}],"version-history":[{"count":0,"href":"https:\/\/www.europesays.com\/fr\/wp-json\/wp\/v2\/posts\/305153\/revisions"}],"wp:featuredmedia":[{"embeddable":true,"href":"https:\/\/www.europesays.com\/fr\/wp-json\/wp\/v2\/media\/305154"}],"wp:attachment":[{"href":"https:\/\/www.europesays.com\/fr\/wp-json\/wp\/v2\/media?parent=305153"}],"wp:term":[{"taxonomy":"category","embeddable":true,"href":"https:\/\/www.europesays.com\/fr\/wp-json\/wp\/v2\/categories?post=305153"},{"taxonomy":"post_tag","embeddable":true,"href":"https:\/\/www.europesays.com\/fr\/wp-json\/wp\/v2\/tags?post=305153"}],"curies":[{"name":"wp","href":"https:\/\/api.w.org\/{rel}","templated":true}]}}