{"id":305157,"date":"2025-08-08T13:26:13","date_gmt":"2025-08-08T13:26:13","guid":{"rendered":"https:\/\/www.europesays.com\/fr\/305157\/"},"modified":"2025-08-08T13:26:13","modified_gmt":"2025-08-08T13:26:13","slug":"russie-les-deplaces-russes-de-koursk-livres-a-eux-memes-un-an-apres-lincursion-ukrainienne","status":"publish","type":"post","link":"https:\/\/www.europesays.com\/fr\/305157\/","title":{"rendered":"Russie. Les d\u00e9plac\u00e9s russes de Koursk livr\u00e9s \u00e0 eux-m\u00eames, un an apr\u00e8s l\u2019incursion ukrainienne"},"content":{"rendered":"\n<p>\u201cJe ne reconnaissais plus ma ville. Tout \u00e9tait d\u00e9truit. Il ne reste rien. Juste des ruines.\u201d Quand Nadejda Tkatchenko a \u00e9t\u00e9 \u00e9vacu\u00e9e de Soudja en mars 2025, elle avait d\u00e9j\u00e0 perdu son mari, tu\u00e9 par un obus tomb\u00e9 sur leur garage. Un an plus tard, elle attend encore que la justice reconnaisse officiellement sa mort \u2212 son corps n\u2019ayant jamais \u00e9t\u00e9 exhum\u00e9 \u2212, condition indispensable pour h\u00e9riter et obtenir un certificat de relogement en compensation de leur maison d\u00e9truite \u00e0 Soudja, <a class=\"ithalc\" data-ithal=\"lien_externe\" data-ithalc=\"[nav_article]\" target=\"_blank\" href=\"https:\/\/verstka.media\/kurskaya-oblast-god-posle-vtorzheniya-vsu\" rel=\"noopener\">raconte le m\u00e9dia ind\u00e9pendant russe <strong>Verstka<\/strong><\/a><strong>. <\/strong>Entre mars et juillet 2025, \u201c94 requ\u00eates ont \u00e9t\u00e9 d\u00e9pos\u00e9es aupr\u00e8s du tribunal du district de Soudja\u201d.<\/p>\n<p>Comme elle, des dizaines d\u2019habitants de la r\u00e9gion de Koursk sont confront\u00e9s \u00e0 \u201cdes obstacles bureaucratiques\u00a0: ils attendent d\u2019obtenir une indemnisation, un logement ou des nouvelles de leurs proches disparus\u201d.<\/p>\n<p>En ao\u00fbt 2024, l\u2019arm\u00e9e ukrainienne a franchi la fronti\u00e8re et pris le contr\u00f4le de centaines de kilom\u00e8tres carr\u00e9s sur le territoire russe. Selon le m\u00e9dia ind\u00e9pendant russe<strong> Okno<\/strong>,<strong> <\/strong><a class=\"ithalc\" data-ithal=\"lien_externe\" data-ithalc=\"[nav_article]\" target=\"_blank\" href=\"https:\/\/www.svoboda.org\/a\/hochetsya-poplakat-na-svoih-razvalinah-kurskaya-oblast-spustya-god-posle-vhozhdeniya-vsu\/33494763.html\" rel=\"noopener\">relay\u00e9 par <strong>Radio Svoboda<\/strong><\/a><strong>,<\/strong> en dix jours, Kiev aurait repris plus de territoire que Moscou n\u2019en avait conquis en Ukraine toute l\u2019ann\u00e9e 2023. \u201cJusqu\u2019\u00e0 1\u00a0200\u00a0km2, une centaine de localit\u00e9s russes, et la ville de Soudja, sont pass\u00e9es sous le contr\u00f4le ukrainien\u201d, selon Kiev.<\/p>\n<p>L\u2019arm\u00e9e russe n\u2019a <\/p>\n","protected":false},"excerpt":{"rendered":"\u201cJe ne reconnaissais plus ma ville. Tout \u00e9tait d\u00e9truit. Il ne reste rien. Juste des ruines.\u201d Quand Nadejda&hellip;\n","protected":false},"author":2,"featured_media":305158,"comment_status":"","ping_status":"","sticky":false,"template":"","format":"standard","meta":{"footnotes":""},"categories":[1590],"tags":[11,1777,674,131,12,132,1857,220],"class_list":{"0":"post-305157","1":"post","2":"type-post","3":"status-publish","4":"format-standard","5":"has-post-thumbnail","7":"category-ukraine","8":"tag-actualites","9":"tag-eu","10":"tag-europe","11":"tag-guerre-en-ukraine","12":"tag-news","13":"tag-russie","14":"tag-sociu00e9tu00e9","15":"tag-ukraine"},"share_on_mastodon":{"url":"https:\/\/pubeurope.com\/@fr\/114993376962436199","error":""},"_links":{"self":[{"href":"https:\/\/www.europesays.com\/fr\/wp-json\/wp\/v2\/posts\/305157","targetHints":{"allow":["GET"]}}],"collection":[{"href":"https:\/\/www.europesays.com\/fr\/wp-json\/wp\/v2\/posts"}],"about":[{"href":"https:\/\/www.europesays.com\/fr\/wp-json\/wp\/v2\/types\/post"}],"author":[{"embeddable":true,"href":"https:\/\/www.europesays.com\/fr\/wp-json\/wp\/v2\/users\/2"}],"replies":[{"embeddable":true,"href":"https:\/\/www.europesays.com\/fr\/wp-json\/wp\/v2\/comments?post=305157"}],"version-history":[{"count":0,"href":"https:\/\/www.europesays.com\/fr\/wp-json\/wp\/v2\/posts\/305157\/revisions"}],"wp:featuredmedia":[{"embeddable":true,"href":"https:\/\/www.europesays.com\/fr\/wp-json\/wp\/v2\/media\/305158"}],"wp:attachment":[{"href":"https:\/\/www.europesays.com\/fr\/wp-json\/wp\/v2\/media?parent=305157"}],"wp:term":[{"taxonomy":"category","embeddable":true,"href":"https:\/\/www.europesays.com\/fr\/wp-json\/wp\/v2\/categories?post=305157"},{"taxonomy":"post_tag","embeddable":true,"href":"https:\/\/www.europesays.com\/fr\/wp-json\/wp\/v2\/tags?post=305157"}],"curies":[{"name":"wp","href":"https:\/\/api.w.org\/{rel}","templated":true}]}}