{"id":305159,"date":"2025-08-08T13:27:18","date_gmt":"2025-08-08T13:27:18","guid":{"rendered":"https:\/\/www.europesays.com\/fr\/305159\/"},"modified":"2025-08-08T13:27:18","modified_gmt":"2025-08-08T13:27:18","slug":"leurope-va-t-elle-acheter-pour-750-milliards-denergie-aux-usa-tous-les-experts-serieux-ont-rigole","status":"publish","type":"post","link":"https:\/\/www.europesays.com\/fr\/305159\/","title":{"rendered":"L&rsquo;Europe va-t-elle acheter pour 750 milliards d&rsquo;\u00e9nergie aux USA? \u00ab\u00a0Tous les experts s\u00e9rieux ont rigol\u00e9&#8230;\u00a0\u00bb"},"content":{"rendered":"<p class=\"intro\">\n\tLe volet \u00e9nerg\u00e9tique de l\u2019accord commercial entre l\u2019Union europ\u00e9enne et les Etats-Unis n\u2019est absolument pas cr\u00e9dible, souligne Damien Ernst (ULi\u00e8ge) dans notre Trends Talk. Voici pourquoi.<\/p>\n<p class=\"dropcap\">Damien Ernst, professeur \u00e0 l\u2019ULi\u00e8ge et grand expert en mati\u00e8re \u00e9nerg\u00e9tique, souligne dans notre Trends Talk, qui passe en boucle ce week-end sur Trends Z, combien<strong> l\u2019accord commercial entre l\u2019Union europ\u00e9enne et les Etats-Unis n\u2019est pas cr\u00e9dible<\/strong>. Ce \u201cdeal\u201d, non formalis\u00e9 par \u00e9crit, pr\u00e9voit l\u2019achat pour 750 milliards d\u2019\u00e9nergie aux USA.<\/p>\n<p>\u201cJ\u2019ai bien analys\u00e9 cet accord, nous dit-il. Je suis en contact avec les meilleurs analystes du monde au niveau de l\u2019\u00e9nergie des groupes, via des groupes Telegram ou WhatsApp. <strong>Je peux vous dire que nous avons tous rigol\u00e9<\/strong>.\u201d <\/p>\n<p>Voici pourquoi.<\/p>\n<p>\u201cUn montant trop \u00e9lev\u00e9\u201d<\/p>\n<p>\u201cD\u00e9j\u00e0, 750 milliards,<strong> la somme est beaucoup trop \u00e9lev\u00e9e<\/strong>, argumente Damien Ernst. On ne va pas acheter des combustibles fossiles import\u00e9s des USA pour un tel montant, c\u2019est impossible.\u201d<\/p>\n<p>Ensuite, ajoute-t-il, \u201c<strong>l\u2019Union europ\u00e9enne est un march\u00e9 lib\u00e9ralis\u00e9<\/strong>, elle ne peut pas contraindre les entreprises  d\u2019agir en ce sens. Si vous n\u2019avez pas une centrale d\u2019achat de l\u2019Union europ\u00e9enne, vous pouvez faire des contrats bilat\u00e9raux avec le Qatar et l\u2019Australie avec qui vous voulez. Donc, moi, franchement, je ne sais pas o\u00f9 on va aller acheter ces 750 milliards.\u201d<\/p>\n<p>L\u2019expert dit \u201ccomprendre que l\u2019Union europ\u00e9enne d\u00e9cide, par exemple, interdire l\u2019achat du GNL, du p\u00e9trole ou du charbon russes\u201d. Mais: \u201cles entreprises vont faire ce qu\u2019elles veulent et elles vont acheter au meilleur march\u00e9\u201d.<\/p>\n<p>Ce n\u2019est pas tout. \u201cOn parle beaucoup du p\u00e9trole de schiste am\u00e9ricain, mais il faut savoir que c\u2019est un p\u00e9trole extr\u00eamement l\u00e9ger. C\u2019est le p\u00e9trole qui doit passer au travers des<br \/>roches de schiste. Donc, ce sont des petites cha\u00eenes pas tr\u00e8s longues, avec peu d\u2019atomes de carbone. C\u2019est diff\u00e9rent du diesel que l\u2019on utilise pour les camions. <strong>M\u00eame avec la meilleure volont\u00e9 du monde<\/strong>, je ne vois pas comment on pourrait importer autant de p\u00e9trole am\u00e9ricain.\u201d<\/p>\n<p>La seule chose envisageable, estime-t-il, c\u2019est <strong>une augmentation de l\u2019achat de gaz liqu\u00e9fi\u00e9<\/strong>. Mais pas de nature \u00e0 atteindre les 750 milliards\u2026<\/p>\n<p>Ne plus d\u00e9pendre de la Russie<\/p>\n<p>L\u2019avantage de ce \u201cdeal\u201d, par contre, c\u2019est que<strong> cela permettra \u00e0 l\u2019Europe de ne plus d\u00e9pendre de la Russie<\/strong>. \u201cAu niveau du gaz, la diversification arrive, pr\u00e9cise Damien Ernst. Il y a d\u00e9sormais  beaucoup de productions LNG qui arrivent depuis le Canada, l\u2019Australie, le Qatar et les Etats-Unis remettent des gros volumes sur le march\u00e9. Cette d\u00e9pendance au gaz russe a compl\u00e8tement disparu.\u201d<\/p>\n<p>Il ajoute: \u201cLe passage par l\u2019Ukraine est ferm\u00e9, celui par le North Stream 1 et le North Stream 2 est ferm\u00e9 par la Pologne\u2026 Donc, on n\u2019importe plus de la Russie, du moins par les gazoducs.<strong> Cette d\u00e9pendance \u00e0 la Russie, je ne la vois plus se recr\u00e9er<\/strong>, m\u00eame si une paix venait \u00eatre conclue.\u201d<\/p>\n","protected":false},"excerpt":{"rendered":"Le volet \u00e9nerg\u00e9tique de l\u2019accord commercial entre l\u2019Union europ\u00e9enne et les Etats-Unis n\u2019est absolument pas cr\u00e9dible, souligne Damien&hellip;\n","protected":false},"author":2,"featured_media":305160,"comment_status":"","ping_status":"","sticky":false,"template":"","format":"standard","meta":{"footnotes":""},"categories":[1589],"tags":[11,73,1866,12,1864,1865,1863,308],"class_list":{"0":"post-305159","1":"post","2":"type-post","3":"status-publish","4":"format-standard","5":"has-post-thumbnail","7":"category-etats-unis","8":"tag-actualites","9":"tag-etats-unis","10":"tag-etats-unis-damerique","11":"tag-news","12":"tag-united-states","13":"tag-united-states-of-america","14":"tag-us","15":"tag-usa"},"share_on_mastodon":{"url":"https:\/\/pubeurope.com\/@fr\/114993381001843059","error":""},"_links":{"self":[{"href":"https:\/\/www.europesays.com\/fr\/wp-json\/wp\/v2\/posts\/305159","targetHints":{"allow":["GET"]}}],"collection":[{"href":"https:\/\/www.europesays.com\/fr\/wp-json\/wp\/v2\/posts"}],"about":[{"href":"https:\/\/www.europesays.com\/fr\/wp-json\/wp\/v2\/types\/post"}],"author":[{"embeddable":true,"href":"https:\/\/www.europesays.com\/fr\/wp-json\/wp\/v2\/users\/2"}],"replies":[{"embeddable":true,"href":"https:\/\/www.europesays.com\/fr\/wp-json\/wp\/v2\/comments?post=305159"}],"version-history":[{"count":0,"href":"https:\/\/www.europesays.com\/fr\/wp-json\/wp\/v2\/posts\/305159\/revisions"}],"wp:featuredmedia":[{"embeddable":true,"href":"https:\/\/www.europesays.com\/fr\/wp-json\/wp\/v2\/media\/305160"}],"wp:attachment":[{"href":"https:\/\/www.europesays.com\/fr\/wp-json\/wp\/v2\/media?parent=305159"}],"wp:term":[{"taxonomy":"category","embeddable":true,"href":"https:\/\/www.europesays.com\/fr\/wp-json\/wp\/v2\/categories?post=305159"},{"taxonomy":"post_tag","embeddable":true,"href":"https:\/\/www.europesays.com\/fr\/wp-json\/wp\/v2\/tags?post=305159"}],"curies":[{"name":"wp","href":"https:\/\/api.w.org\/{rel}","templated":true}]}}