{"id":305165,"date":"2025-08-08T13:31:15","date_gmt":"2025-08-08T13:31:15","guid":{"rendered":"https:\/\/www.europesays.com\/fr\/305165\/"},"modified":"2025-08-08T13:31:15","modified_gmt":"2025-08-08T13:31:15","slug":"pendant-que-leurope-senlise-dans-un-ecologisme-de-decroissance-trump-entame-une-ruee-vers-lor-energetique","status":"publish","type":"post","link":"https:\/\/www.europesays.com\/fr\/305165\/","title":{"rendered":"\u00abPendant que l\u2019Europe s\u2019enlise dans un \u00e9cologisme de d\u00e9croissance, Trump entame une ru\u00e9e vers l\u2019or \u00e9nerg\u00e9tique\u00bb"},"content":{"rendered":"<p><strong>FIGAROVOX\/TRIBUNE <\/strong>&#8211; Pour r\u00e9industrialiser son pays et maintenir la supr\u00e9matie am\u00e9ricaine dans le domaine de l\u2019IA, Donald Trump entend multiplier les projets \u00e9nerg\u00e9tiques. Une strat\u00e9gie face \u00e0 laquelle l\u2019Union europ\u00e9enne serait bien avis\u00e9e de r\u00e9agir rapidement, estime Pascal-Emmanuel Gobry.<\/p>\n<p class=\"fig-paragraph\">Pascal-Emmanuel Gobry est le fondateur de PolicySphere, une lettre d\u2019information sp\u00e9cialis\u00e9e sur la politique am\u00e9ricaine.<\/p>\n<p class=\"fig-paragraph\">Alors que l\u2019Union europ\u00e9enne vient de signer\u00a0<a href=\"http:\/\/www.lefigaro.fr\/conjoncture\/donald-trump-annonce-un-accord-avec-l-ue-sur-des-droits-de-douane-de-15-20250727\" target=\"_blank\" data-fig-type=\"NewsFlash\" rel=\"noopener\" data-gtm-custom-categorie=\"navigation\" data-gtm-custom-action=\"crossclick\" data-gtm-custom-label=\"Contextuel\" data-gtm-event=\"customEventSPE\" data-fig-domain=\"LEFIGARO\">un accord avec Washington<\/a>\u00a0qui l\u2019engage \u00e0 acheter de grandes quantit\u00e9s d\u2019\u00e9nergie am\u00e9ricaine, Donald Trump acc\u00e9l\u00e8re une r\u00e9volution \u00e9nerg\u00e9tique qui pourrait redistribuer les cartes g\u00e9opolitiques. Cette initiative, pass\u00e9e sous les radars europ\u00e9ens, est un pilier central de la strat\u00e9gie du pr\u00e9sident am\u00e9ricain, et risque de creuser davantage l\u2019\u00e9cart de comp\u00e9titivit\u00e9 transatlantique si l\u2019UE ne r\u00e9agit pas rapidement.<\/p>\n<p>                                    <a class=\"fig-a11y-skip a11y-hidden\" href=\"#fig-a11y-skip-main-inarticle\"><br \/>\n        Passer la publicit\u00e9<br \/>\n    <\/a><\/p>\n<p class=\"fig-paragraph\">Pourquoi\u00a0? D\u2019abord parce que qui dit \u00e9nergie dit croissance. Mais surtout, en deux mots\u00a0: r\u00e9industrialisation et IA. R\u00e9industrialisation car, apr\u00e8s le co\u00fbt du travail, celui de l\u2019\u00e9nergie est le poste de d\u00e9pense le plus important pour les industriels. Ainsi, la\u00a0<a href=\"http:\/\/www.lefigaro.fr\/conjoncture\/les-annonces-des-grands-groupes-ressemblent-a-des-coups-de-com-trump-peut-il-vraiment-reindustrialiser-les-etats-unis-20250505\" target=\"_blank\" data-fig-type=\"Article\" rel=\"noopener\" data-gtm-custom-categorie=\"navigation\" data-gtm-custom-action=\"crossclick\" data-gtm-custom-label=\"Contextuel\" data-gtm-event=\"customEventSPE\" data-fig-domain=\"LEFIGARO\">strat\u00e9gie de r\u00e9industrialisation<\/a>\u00a0de Trump s\u2019appuie sur une baisse des co\u00fbts de l\u2019\u00e9nergie, au m\u00eame titre que celle des tarifs. IA parce que les \u00c9tats-Unis veulent maintenir \u00e0 tout prix leur leadership dans cette nouvelle technologie, notamment face \u00e0 la Chine, et que les data centers qui permettent de cr\u00e9er cette IA sont tr\u00e8s \u00e9nergivores.<\/p>\n<p class=\"fig-paragraph\">Les ambitions sont d\u00e9mesur\u00e9es, les moyens aussi. Mais c\u2019est aussi de la politique. La nouvelle loi\u00a0<a href=\"http:\/\/www.lefigaro.fr\/conjoncture\/big-beautiful-bill-pourquoi-la-victoire-politique-de-trump-n-aura-qu-un-effet-limite-sur-la-croissance-20250704\" target=\"_blank\" data-fig-type=\"Article\" rel=\"noopener\" data-gtm-custom-categorie=\"navigation\" data-gtm-custom-action=\"crossclick\" data-gtm-custom-label=\"Contextuel\" data-gtm-event=\"customEventSPE\" data-fig-domain=\"LEFIGARO\">\u00ab One Big Beautiful Bill Act\u00a0\u00bb<\/a>, pi\u00e8ce ma\u00eetresse du programme de Trump, inclut la possibilit\u00e9 pour les entreprises de d\u00e9duire le co\u00fbt complet d\u2019un investissement industriel la premi\u00e8re ann\u00e9e, y compris en \u00e9nergie, dans l\u2019objectif de favoriser l\u2019investissement, ainsi qu\u2019une vague de subventions pour de nombreuses formes d\u2019\u00e9nergie, y compris le stockage par batterie, le nucl\u00e9aire, l\u2019hydro\u00e9lectrique, et le g\u00e9othermique.<\/p>\n<p class=\"fig-paragraph\">Et surtout, le c\u0153ur de l\u2019agenda trumpien tourne autour d\u2019une obscure loi, NEPA (National Environmental Policy Act). Loin des clich\u00e9s d\u2019une Am\u00e9rique ultralib\u00e9rale, cette loi \u00e9cologique pass\u00e9e en 1970, depuis alourdie de nombreux ajouts r\u00e9glementaires et jurisprudentiels, encadre la cr\u00e9ation de tout nouveau projet \u00e9nerg\u00e9tique. Jusqu\u2019\u00e0 pr\u00e9sent, la loi NEPA imposait plusieurs ann\u00e9es de bureaucratie pour la cr\u00e9ation de tout projet \u00e9nerg\u00e9tique aux \u00c9tats-Unis.<\/p>\n<p class=\"fig-paragraph\">Et Trump a annonc\u00e9 son intention de d\u00e9truire la loi NEPA. Il y arrivera sans doute. L\u2019attaque est men\u00e9e sur plusieurs fronts. L\u00e9gislatif, d\u2019abord. Les n\u00e9gociations sur une r\u00e9forme profonde de la loi NEPA sont actuellement en cours et aboutiront probablement, car les r\u00e9publicains sont unanimes sur le sujet et un certain nombre de d\u00e9mocrates mod\u00e9r\u00e9s sont d\u2019accord. R\u00e9glementaire ensuite\u00a0: contrairement \u00e0 sa premi\u00e8re administration o\u00f9 Donald Trump, n\u00e9ophyte \u00e0 Washington, ne savait pas quels personnels placer o\u00f9 et quels leviers actionner, il a plac\u00e9 des r\u00e9formateurs ambitieux \u00e0 tous les postes cl\u00e9s, notamment le Council on Environmental Quality (CEQ), charg\u00e9 de l\u2019application de la loi NEPA, qui a tout simplement abrog\u00e9 toutes ses r\u00e9glementations et distribu\u00e9 des instructions aux d\u00e9partements du gouvernement f\u00e9d\u00e9ral pour l\u2019appliquer de mani\u00e8re \u00ab\u00a0acc\u00e9l\u00e9r\u00e9e et simplifi\u00e9e\u00a0\u00bb.<\/p>\n<p>L\u00e0 o\u00f9 l\u2019Europe s\u2019enlise dans un \u00e9cologisme de d\u00e9croissance qui confond vertu morale et efficacit\u00e9, Trump mobilise l\u2019\u00e9nergie au service d\u2019ambitions g\u00e9opolitiques et technologiques majeures<\/p>\n<p class=\"fig-paragraph\">Cet effort est plac\u00e9 sous la houlette de\u00a0<a href=\"http:\/\/www.lefigaro.fr\/international\/qui-est-russ-vought-cerveau-de-la-guerre-de-trump-contre-l-administration-americaine-20250207\" target=\"_blank\" data-fig-type=\"Article\" rel=\"noopener\" data-gtm-custom-categorie=\"navigation\" data-gtm-custom-action=\"crossclick\" data-gtm-custom-label=\"Contextuel\" data-gtm-event=\"customEventSPE\" data-fig-domain=\"LEFIGARO\">Russell Vought<\/a>, directeur du Budget, r\u00f4le tr\u00e8s puissant dans toute administration, mais particuli\u00e8rement dans celle-ci, car Vought est tr\u00e8s chevronn\u00e9 et Trump lui a donn\u00e9 carte blanche. Un premier d\u00e9cret a \u00e9t\u00e9 publi\u00e9, et toutes les agences sont d\u2019ores et d\u00e9j\u00e0 charg\u00e9es de transformer leurs proc\u00e9dures. Judiciaire, enfin\u00a0: une premi\u00e8re d\u00e9cision de\u00a0<a href=\"http:\/\/www.lefigaro.fr\/international\/la-cour-supreme-americaine-offre-une-victoire-a-donald-trump-sur-l-immigration-20250627\" target=\"_blank\" data-fig-type=\"Article\" rel=\"noopener\" data-gtm-custom-categorie=\"navigation\" data-gtm-custom-action=\"crossclick\" data-gtm-custom-label=\"Contextuel\" data-gtm-event=\"customEventSPE\" data-fig-domain=\"LEFIGARO\">la Cour supr\u00eame\u00a0<\/a>en mai a affaibli la loi NEPA, et les signaux de la majorit\u00e9 conservatrice de la Cour sont au vert pour ce qui concerne les d\u00e9cisions \u00e0 venir.<\/p>\n<p>                                    <a class=\"fig-a11y-skip a11y-hidden\" href=\"#fig-a11y-skip-main-inarticle_mtf\"><br \/>\n        Passer la publicit\u00e9<br \/>\n    <\/a><\/p>\n<p class=\"fig-paragraph\">Le nucl\u00e9aire n\u2019est pas en reste non plus, avec l\u2019objectif tr\u00e8s ambitieux de quadrupler la production nucl\u00e9aire am\u00e9ricaine d\u2019ici 2050. L\u00e0 aussi des barri\u00e8res r\u00e9glementaires sont baiss\u00e9es, et le D\u00e9partement de l\u2019\u00c9nergie offrira des pr\u00eats et garanties de pr\u00eats aux projets nucl\u00e9aires, mais surtout, le gouvernement mise beaucoup sur la nouvelle g\u00e9n\u00e9ration de technologies, y compris les petits r\u00e9acteurs, micror\u00e9acteurs, et r\u00e9acteurs modulaires, sur lesquels\u00a0<a href=\"http:\/\/www.lefigaro.fr\/vox\/economie\/anne-lauvergeon-et-francois-gemenne-sur-l-energie-l-allemagne-s-est-fait-berner-par-les-russes-et-la-france-par-les-allemands-20250502\" target=\"_blank\" data-fig-type=\"Article\" rel=\"noopener\" data-gtm-custom-categorie=\"navigation\" data-gtm-custom-action=\"crossclick\" data-gtm-custom-label=\"Contextuel\" data-gtm-event=\"customEventSPE\" data-fig-domain=\"LEFIGARO\">la France est tr\u00e8s en retard<\/a>.<\/p>\n<p class=\"fig-paragraph\">Le r\u00e9sultat\u00a0? Une ru\u00e9e vers l\u2019or annonc\u00e9e. Le nombre de projets \u00e9nerg\u00e9tiques lanc\u00e9s aux \u00c9tats-Unis va tr\u00e8s certainement augmenter de mani\u00e8re significative\u00a0: forage, exploitation, pipelines, nouvelles centrales de tous types, solaire, et ainsi de suite. Une explosion de la production \u00e9nerg\u00e9tique qui pourrait mener \u00e0 une explosion de la croissance, qui en d\u00e9pend.<\/p>\n<p class=\"fig-body-link\">\n            \u00c0 lire aussi<br \/>\n        <a class=\"fig-body-link__link fig-premium-mark\" href=\"http:\/\/www.lefigaro.fr\/international\/donald-trump-promet-de-mener-une-revolution-du-bon-sens-20250120\" target=\"_blank\" data-fig-type=\"Article\" rel=\"noopener\" data-gtm-custom-categorie=\"navigation\" data-gtm-custom-action=\"crossclick\" data-gtm-custom-label=\"Contextuel\" data-gtm-event=\"customEventSPE\" data-fig-domain=\"LEFIGARO\">Donald Trump annonce un \u00ab\u00e2ge d\u2019or\u00bb \u00e0 l\u2019Am\u00e9rique<br \/>\n    <\/a>\n<\/p>\n<p class=\"fig-paragraph\">La baisse pr\u00e9visible des co\u00fbts \u00e9nerg\u00e9tiques outre-Atlantique renforcera l\u2019attractivit\u00e9 industrielle am\u00e9ricaine au d\u00e9triment du Vieux Continent, d\u00e9j\u00e0 handicap\u00e9 par un euro plus fort, une fiscalit\u00e9 plus pesante et des r\u00e9glementations plus tatillonnes. Elle pourrait \u00e9galement accro\u00eetre la d\u00e9pendance g\u00e9opolitique de l\u2019Europe, si elle permet aux \u00c9tats-Unis de creuser encore plus leur avantage dans\u00a0<a href=\"http:\/\/www.lefigaro.fr\/secteur\/high-tech\/avec-son-plan-sur-l-ia-donald-trump-met-du-vent-dans-les-voiles-de-la-tech-americaine-20250723\" target=\"_blank\" data-fig-type=\"Article\" rel=\"noopener\" data-gtm-custom-categorie=\"navigation\" data-gtm-custom-action=\"crossclick\" data-gtm-custom-label=\"Contextuel\" data-gtm-event=\"customEventSPE\" data-fig-domain=\"LEFIGARO\">le domaine de l\u2019IA<\/a>, et d\u2019autres domaines industriels cl\u00e9s qui demandent de l\u2019\u00e9nergie, tels la chimie et les m\u00e9taux.<\/p>\n<p class=\"fig-paragraph\">Le contraste avec le Green Deal europ\u00e9en est saisissant. L\u00e0 o\u00f9 l\u2019Europe s\u2019enlise dans un \u00e9cologisme de d\u00e9croissance qui confond vertu morale et efficacit\u00e9, Trump mobilise l\u2019\u00e9nergie au service d\u2019ambitions g\u00e9opolitiques et technologiques (dominer l\u2019IA, r\u00e9industrialiser, d\u00e9fier la Chine) majeures. Face \u00e0 ce nouveau d\u00e9fi, la France et l\u2019Europe devront vite choisir entre le d\u00e9clin et l\u2019ambition.<\/p>\n","protected":false},"excerpt":{"rendered":"FIGAROVOX\/TRIBUNE &#8211; Pour r\u00e9industrialiser son pays et maintenir la supr\u00e9matie am\u00e9ricaine dans le domaine de l\u2019IA, Donald Trump&hellip;\n","protected":false},"author":2,"featured_media":305166,"comment_status":"","ping_status":"","sticky":false,"template":"","format":"standard","meta":{"footnotes":""},"categories":[1586],"tags":[11,75,893,73,1777,674,1011,27,12,25],"class_list":{"0":"post-305165","1":"post","2":"type-post","3":"status-publish","4":"format-standard","5":"has-post-thumbnail","7":"category-europe","8":"tag-actualites","9":"tag-donald-trump","10":"tag-energie","11":"tag-etats-unis","12":"tag-eu","13":"tag-europe","14":"tag-fr","15":"tag-france","16":"tag-news","17":"tag-republique-francaise"},"share_on_mastodon":{"url":"https:\/\/pubeurope.com\/@fr\/114993396799965968","error":""},"_links":{"self":[{"href":"https:\/\/www.europesays.com\/fr\/wp-json\/wp\/v2\/posts\/305165","targetHints":{"allow":["GET"]}}],"collection":[{"href":"https:\/\/www.europesays.com\/fr\/wp-json\/wp\/v2\/posts"}],"about":[{"href":"https:\/\/www.europesays.com\/fr\/wp-json\/wp\/v2\/types\/post"}],"author":[{"embeddable":true,"href":"https:\/\/www.europesays.com\/fr\/wp-json\/wp\/v2\/users\/2"}],"replies":[{"embeddable":true,"href":"https:\/\/www.europesays.com\/fr\/wp-json\/wp\/v2\/comments?post=305165"}],"version-history":[{"count":0,"href":"https:\/\/www.europesays.com\/fr\/wp-json\/wp\/v2\/posts\/305165\/revisions"}],"wp:featuredmedia":[{"embeddable":true,"href":"https:\/\/www.europesays.com\/fr\/wp-json\/wp\/v2\/media\/305166"}],"wp:attachment":[{"href":"https:\/\/www.europesays.com\/fr\/wp-json\/wp\/v2\/media?parent=305165"}],"wp:term":[{"taxonomy":"category","embeddable":true,"href":"https:\/\/www.europesays.com\/fr\/wp-json\/wp\/v2\/categories?post=305165"},{"taxonomy":"post_tag","embeddable":true,"href":"https:\/\/www.europesays.com\/fr\/wp-json\/wp\/v2\/tags?post=305165"}],"curies":[{"name":"wp","href":"https:\/\/api.w.org\/{rel}","templated":true}]}}