{"id":305167,"date":"2025-08-08T13:32:16","date_gmt":"2025-08-08T13:32:16","guid":{"rendered":"https:\/\/www.europesays.com\/fr\/305167\/"},"modified":"2025-08-08T13:32:16","modified_gmt":"2025-08-08T13:32:16","slug":"une-fillette-miraculee-apres-avoir-eu-les-cheveux-coinces-au-fond-de-la-piscine","status":"publish","type":"post","link":"https:\/\/www.europesays.com\/fr\/305167\/","title":{"rendered":"Une fillette miracul\u00e9e apr\u00e8s avoir eu les cheveux coinc\u00e9s au fond de la piscine"},"content":{"rendered":"<p><strong>horreur &#8211; La jeune fille de douze ans s\u2019est trouv\u00e9e coinc\u00e9e au fond de la piscine, les cheveux coinc\u00e9s dans une grille. Elle a \u00e9t\u00e9 sortie de l\u2019eau et r\u00e9anim\u00e9e par un ma\u00eetre-nageur<\/strong><\/p>\n<p>Il s\u2019en est fallu de peu et de l\u2019action des secouristes pour que les vacances en famille dans un <a href=\"https:\/\/www.20minutes.fr\/societe\/camping\/?at_medium=RSS%20feed&amp;at_campaign=ynews&amp;utm_source=yahoo&amp;utm_medium=rss&amp;utm_campaign=news_feed&amp;utm_content=in_article_link\" rel=\"nofollow noopener\" target=\"_blank\" data-ylk=\"slk:camping;elm:context_link;itc:0;sec:content-canvas\" class=\"link \">camping <\/a>du <a href=\"https:\/\/www.20minutes.fr\/societe\/morbihan\/?at_medium=RSS%20feed&amp;at_campaign=ynews&amp;utm_source=yahoo&amp;utm_medium=rss&amp;utm_campaign=news_feed&amp;utm_content=in_article_link\" rel=\"nofollow noopener\" target=\"_blank\" data-ylk=\"slk:Morbihan;elm:context_link;itc:0;sec:content-canvas\" class=\"link \">Morbihan <\/a>ne virent au drame.<\/p>\n<p>Une fillette \u00e2g\u00e9e de 12 ans a \u00e9t\u00e9 r\u00e9anim\u00e9e apr\u00e8s s\u2019\u00eatre <a href=\"https:\/\/www.20minutes.fr\/dossier\/noyade?at_medium=RSS%20feed&amp;at_campaign=ynews&amp;utm_source=yahoo&amp;utm_medium=rss&amp;utm_campaign=news_feed&amp;utm_content=in_article_link\" rel=\"nofollow noopener\" target=\"_blank\" data-ylk=\"slk:noy\u00e9e;elm:context_link;itc:0;sec:content-canvas\" class=\"link \">noy\u00e9e <\/a>dans la piscine d\u2019un camping situ\u00e9 dans la baie de la\u00a0Trinit\u00e9-sur-mer, rapporte notamment <a href=\"https:\/\/www.ouest-france.fr\/societe\/faits-divers\/noyade-au-camping-la-fillette-aurait-eu-les-cheveux-coinces-dans-une-bonde-daspiration-6e7b4e28-7439-11f0-aae0-d9f2c5541ad0?at_medium=RSS%20feed&amp;at_campaign=ynews&amp;utm_source=yahoo&amp;utm_medium=rss&amp;utm_campaign=news_feed&amp;utm_content=in_article_link\" rel=\"nofollow noopener\" target=\"_blank\" data-ylk=\"slk:Ouest-France;elm:context_link;itc:0;sec:content-canvas\" class=\"link \">Ouest-France<\/a>.<\/p>\n<p>Et les circonstances de cette noyade font froid dans le dos. La jeune fille se serait retrouv\u00e9e coinc\u00e9e au fond de l\u2019eau, les cheveux pris dans une grille de filtration.<\/p>\n<p>Elle a \u00e9t\u00e9 sauv\u00e9e par l\u2019intervention rapide d\u2019un ma\u00eetre-nageur qui a tir\u00e9 de l\u2019eau la fillette inconsciente et en arr\u00eat cardio-respiratoire, mais est parvenu \u00e0 lui prodiguer les premiers soins d\u2019urgence, permettant \u00e0 la victime d\u2019\u00eatre ensuite prise en charge consciente par les pompiers, qui l\u2019ont \u00e9vacu\u00e9e vers le centre hospitalier de Vannes.<\/p>\n<p><a href=\"https:\/\/www.20minutes.fr\/faits_divers\/4167223-20250808-morbihan-fillette-miraculee-apres-avoir-cheveux-coinces-fond-piscine?at_medium=RSS%20feed&amp;at_campaign=ynews&amp;utm_source=yahoo&amp;utm_medium=rss&amp;utm_campaign=news_feed&amp;utm_content=read_more_link&quot;\" rel=\"nofollow noopener\" target=\"_blank\" data-ylk=\"slk:Lire la suite sur 20minutes;elm:context_link;itc:0;sec:content-canvas\" class=\"link \">Lire la suite sur 20minutes<\/a><\/p>\n<p>\u00c0 lire aussi :<br \/><a href=\"https:\/\/www.20minutes.fr\/monde\/4164993-20250725-croatie-fillette-meurt-apres-avoir-glisse-toboggan-parc-aquatique?at_medium=RSS%20feed&amp;at_campaign=ynews&amp;utm_source=yahoo&amp;utm_medium=rss&amp;utm_campaign=news_feed&amp;utm_content=related_content_link\" rel=\"nofollow noopener\" target=\"_blank\" data-ylk=\"slk:Croatie\u00a0: Une fillette meurt apr\u00e8s avoir gliss\u00e9 d\u2019un toboggan dans un parc aquatique;elm:context_link;itc:0;sec:content-canvas\" class=\"link \">Croatie\u00a0: Une fillette meurt apr\u00e8s avoir gliss\u00e9 d\u2019un toboggan dans un parc aquatique<\/a><br \/><a href=\"https:\/\/www.20minutes.fr\/faits_divers\/4166751-20250805-etats-unis-jumelles-9-ans-sauvent-fillette-train-noyer-piscine?at_medium=RSS%20feed&amp;at_campaign=ynews&amp;utm_source=yahoo&amp;utm_medium=rss&amp;utm_campaign=news_feed&amp;utm_content=related_content_link\" rel=\"nofollow noopener\" target=\"_blank\" data-ylk=\"slk:Etats-Unis\u00a0: Des jumelles de 9 ans sauvent une fillette en train de se noyer dans une piscine;elm:context_link;itc:0;sec:content-canvas\" class=\"link \">Etats-Unis\u00a0: Des jumelles de 9 ans sauvent une fillette en train de se noyer dans une piscine<\/a><\/p>\n","protected":false},"excerpt":{"rendered":"horreur &#8211; La jeune fille de douze ans s\u2019est trouv\u00e9e coinc\u00e9e au fond de la piscine, les cheveux&hellip;\n","protected":false},"author":2,"featured_media":305168,"comment_status":"","ping_status":"","sticky":false,"template":"","format":"standard","meta":{"footnotes":""},"categories":[1586],"tags":[11,44501,1777,674,1779,1011,27,44503,40546,44502,12,25,1778,364],"class_list":{"0":"post-305167","1":"post","2":"type-post","3":"status-publish","4":"format-standard","5":"has-post-thumbnail","7":"category-europe","8":"tag-actualites","9":"tag-centre-hospitalier-de-vannes","10":"tag-eu","11":"tag-europe","12":"tag-european-union","13":"tag-fr","14":"tag-france","15":"tag-froid-dans-le-dos","16":"tag-la-piscine","17":"tag-les-cheveux","18":"tag-news","19":"tag-republique-francaise","20":"tag-ue","21":"tag-union-europeenne"},"share_on_mastodon":{"url":"https:\/\/pubeurope.com\/@fr\/114993400672957669","error":""},"_links":{"self":[{"href":"https:\/\/www.europesays.com\/fr\/wp-json\/wp\/v2\/posts\/305167","targetHints":{"allow":["GET"]}}],"collection":[{"href":"https:\/\/www.europesays.com\/fr\/wp-json\/wp\/v2\/posts"}],"about":[{"href":"https:\/\/www.europesays.com\/fr\/wp-json\/wp\/v2\/types\/post"}],"author":[{"embeddable":true,"href":"https:\/\/www.europesays.com\/fr\/wp-json\/wp\/v2\/users\/2"}],"replies":[{"embeddable":true,"href":"https:\/\/www.europesays.com\/fr\/wp-json\/wp\/v2\/comments?post=305167"}],"version-history":[{"count":0,"href":"https:\/\/www.europesays.com\/fr\/wp-json\/wp\/v2\/posts\/305167\/revisions"}],"wp:featuredmedia":[{"embeddable":true,"href":"https:\/\/www.europesays.com\/fr\/wp-json\/wp\/v2\/media\/305168"}],"wp:attachment":[{"href":"https:\/\/www.europesays.com\/fr\/wp-json\/wp\/v2\/media?parent=305167"}],"wp:term":[{"taxonomy":"category","embeddable":true,"href":"https:\/\/www.europesays.com\/fr\/wp-json\/wp\/v2\/categories?post=305167"},{"taxonomy":"post_tag","embeddable":true,"href":"https:\/\/www.europesays.com\/fr\/wp-json\/wp\/v2\/tags?post=305167"}],"curies":[{"name":"wp","href":"https:\/\/api.w.org\/{rel}","templated":true}]}}