{"id":305177,"date":"2025-08-08T13:38:11","date_gmt":"2025-08-08T13:38:11","guid":{"rendered":"https:\/\/www.europesays.com\/fr\/305177\/"},"modified":"2025-08-08T13:38:11","modified_gmt":"2025-08-08T13:38:11","slug":"patrice-collazo-jai-vu-en-lui-un-competiteur-hors-normes-un-truc-que-je-navais-pas-vu-depuis-longtemps","status":"publish","type":"post","link":"https:\/\/www.europesays.com\/fr\/305177\/","title":{"rendered":"Patrice Collazo : \u00ab\u00a0J\u2019ai vu en lui un comp\u00e9titeur hors normes, un truc que je n\u2019avais pas vu depuis longtemps\u00a0\u00bb"},"content":{"rendered":"<p>Le manager du Racing 92, Patrice Collazo s\u2019est longuement confi\u00e9 via <a href=\"https:\/\/www.rugbyrama.fr\/2025\/08\/08\/top-14-une-autre-facon-de-penser-le-racing-le-manager-patrice-collazo-se-livre-sur-la-nouvelle-saison-des-franciliens-12864976.php\" rel=\"nofollow noopener\" target=\"_blank\">Midi Olympique<\/a>.<\/p>\n<p>Questionn\u00e9 sur le d\u00e9part du demi-de-m\u00eal\u00e9e Nolann Le Garrec cet \u00e9t\u00e9 vers le Stade Rochelais, Patrice Collazo a indiqu\u00e9 respecter le choix de son joueur.<\/p>\n<p>Il ne manque d\u2019ailleurs pas de l\u2019encenser.<\/p>\n<p>Le technicien Fran\u00e7ais explique ne plus avoir vu un comp\u00e9titeur de la sorte depuis tr\u00e8s longtemps.<\/p>\n<p><strong>A lire ci-dessous :<\/strong><\/p>\n<p>\u00ab\u00a0Je connais bien le papa de Nolann pour avoir jou\u00e9 avec lui \u00e0 Bordeaux en juniors. En revanche, Nolann, je l\u2019ai d\u00e9couvert en arrivant au Racing. J\u2019ai vu en lui un comp\u00e9titeur hors normes, un mec avec une capacit\u00e9 \u00e0 s\u2019entra\u00eener tr\u00e8s dur, tr\u00e8s fort. Un truc que je n\u2019avais pas vu depuis longtemps. Avec lui, l\u2019\u00e9quipe jouait quasiment avec un entra\u00eeneur sur le terrain. <\/p>\n<p>Maintenant, il a choisi une autre voie, c\u2019est la vie d\u2019un club. \u00c9videmment, l\u2019id\u00e9al, c\u2019est de garder ses meilleurs joueurs. Mais on en a d\u2019autres aussi, des tr\u00e8s bons joueurs, qui partent. Je pense que lui, peut-\u00eatre, en avait besoin aussi. <\/p>\n<p>Mais moi, ce qui m\u2019int\u00e9resse aujourd\u2019hui, c\u2019est comment ne pas d\u00e9pendre d\u2019un joueur. J\u2019ai \u00e9voqu\u00e9 tout \u00e0 l\u2019heure la finale de Top 14 entre l\u2019UBB et Toulouse. Le Stade a \u00e9t\u00e9 capable de gagner sans d\u00e9pendre de personne.\u00a0\u00bb<\/p>\n","protected":false},"excerpt":{"rendered":"Le manager du Racing 92, Patrice Collazo s\u2019est longuement confi\u00e9 via Midi Olympique. Questionn\u00e9 sur le d\u00e9part du&hellip;\n","protected":false},"author":2,"featured_media":305178,"comment_status":"","ping_status":"","sticky":false,"template":"","format":"standard","meta":{"footnotes":""},"categories":[1416],"tags":[1011,27,479,1468,60],"class_list":{"0":"post-305177","1":"post","2":"type-post","3":"status-publish","4":"format-standard","5":"has-post-thumbnail","7":"category-rugby","8":"tag-fr","9":"tag-france","10":"tag-rugby","11":"tag-rugby-football","12":"tag-sports"},"share_on_mastodon":{"url":"https:\/\/pubeurope.com\/@fr\/114993424196553530","error":""},"_links":{"self":[{"href":"https:\/\/www.europesays.com\/fr\/wp-json\/wp\/v2\/posts\/305177","targetHints":{"allow":["GET"]}}],"collection":[{"href":"https:\/\/www.europesays.com\/fr\/wp-json\/wp\/v2\/posts"}],"about":[{"href":"https:\/\/www.europesays.com\/fr\/wp-json\/wp\/v2\/types\/post"}],"author":[{"embeddable":true,"href":"https:\/\/www.europesays.com\/fr\/wp-json\/wp\/v2\/users\/2"}],"replies":[{"embeddable":true,"href":"https:\/\/www.europesays.com\/fr\/wp-json\/wp\/v2\/comments?post=305177"}],"version-history":[{"count":0,"href":"https:\/\/www.europesays.com\/fr\/wp-json\/wp\/v2\/posts\/305177\/revisions"}],"wp:featuredmedia":[{"embeddable":true,"href":"https:\/\/www.europesays.com\/fr\/wp-json\/wp\/v2\/media\/305178"}],"wp:attachment":[{"href":"https:\/\/www.europesays.com\/fr\/wp-json\/wp\/v2\/media?parent=305177"}],"wp:term":[{"taxonomy":"category","embeddable":true,"href":"https:\/\/www.europesays.com\/fr\/wp-json\/wp\/v2\/categories?post=305177"},{"taxonomy":"post_tag","embeddable":true,"href":"https:\/\/www.europesays.com\/fr\/wp-json\/wp\/v2\/tags?post=305177"}],"curies":[{"name":"wp","href":"https:\/\/api.w.org\/{rel}","templated":true}]}}