{"id":305187,"date":"2025-08-08T13:44:12","date_gmt":"2025-08-08T13:44:12","guid":{"rendered":"https:\/\/www.europesays.com\/fr\/305187\/"},"modified":"2025-08-08T13:44:12","modified_gmt":"2025-08-08T13:44:12","slug":"direction-la-suisse-pour-jocelyn-gourvennec-pressenti-pour-entrainer-le-servette-de-geneve","status":"publish","type":"post","link":"https:\/\/www.europesays.com\/fr\/305187\/","title":{"rendered":"Direction la Suisse pour Jocelyn Gourvennec, pressenti pour entra\u00eener le Servette de Gen\u00e8ve"},"content":{"rendered":"<p>Jocelyn Gourvennec s\u2019appr\u00eate \u00e0 d\u00e9couvrir un nouveau championnat. Sans club depuis une exp\u00e9rience sur le banc du FC Nantes qui s\u2019\u00e9tait termin\u00e9e douloureusement le 17 mars 2024, l\u2019ancien entra\u00eeneur d\u2019En Avant Guingamp serait sur le point de rebondir. <a href=\"https:\/\/www.lequipe.fr\/Football\/Actualites\/Mercato-jocelyn-gourvennec-devrait-rebondir-au-servette-geneve\/1583903\" target=\"_blank\" rel=\"noopener\">Selon Foot Mercato<\/a>, le technicien de 53 ans serait tout proche de s\u2019engager en faveur du Servette de Gen\u00e8ve, en Suisse. Une information que nous sommes en mesure de confirmer.<\/p>\n","protected":false},"excerpt":{"rendered":"Jocelyn Gourvennec s\u2019appr\u00eate \u00e0 d\u00e9couvrir un nouveau championnat. Sans club depuis une exp\u00e9rience sur le banc du FC&hellip;\n","protected":false},"author":2,"featured_media":305188,"comment_status":"","ping_status":"","sticky":false,"template":"","format":"standard","meta":{"footnotes":""},"categories":[1410],"tags":[9594,3166,63,1011,27,4044,30393,60],"class_list":{"0":"post-305187","1":"post","2":"type-post","3":"status-publish","4":"format-standard","5":"has-post-thumbnail","7":"category-football","8":"tag-en-avant-guingamp","9":"tag-en-continu-sports","10":"tag-football","11":"tag-fr","12":"tag-france","13":"tag-guingamp","14":"tag-mercato-pro","15":"tag-sports"},"share_on_mastodon":{"url":"https:\/\/pubeurope.com\/@fr\/114993447843035807","error":""},"_links":{"self":[{"href":"https:\/\/www.europesays.com\/fr\/wp-json\/wp\/v2\/posts\/305187","targetHints":{"allow":["GET"]}}],"collection":[{"href":"https:\/\/www.europesays.com\/fr\/wp-json\/wp\/v2\/posts"}],"about":[{"href":"https:\/\/www.europesays.com\/fr\/wp-json\/wp\/v2\/types\/post"}],"author":[{"embeddable":true,"href":"https:\/\/www.europesays.com\/fr\/wp-json\/wp\/v2\/users\/2"}],"replies":[{"embeddable":true,"href":"https:\/\/www.europesays.com\/fr\/wp-json\/wp\/v2\/comments?post=305187"}],"version-history":[{"count":0,"href":"https:\/\/www.europesays.com\/fr\/wp-json\/wp\/v2\/posts\/305187\/revisions"}],"wp:featuredmedia":[{"embeddable":true,"href":"https:\/\/www.europesays.com\/fr\/wp-json\/wp\/v2\/media\/305188"}],"wp:attachment":[{"href":"https:\/\/www.europesays.com\/fr\/wp-json\/wp\/v2\/media?parent=305187"}],"wp:term":[{"taxonomy":"category","embeddable":true,"href":"https:\/\/www.europesays.com\/fr\/wp-json\/wp\/v2\/categories?post=305187"},{"taxonomy":"post_tag","embeddable":true,"href":"https:\/\/www.europesays.com\/fr\/wp-json\/wp\/v2\/tags?post=305187"}],"curies":[{"name":"wp","href":"https:\/\/api.w.org\/{rel}","templated":true}]}}