{"id":305189,"date":"2025-08-08T13:45:10","date_gmt":"2025-08-08T13:45:10","guid":{"rendered":"https:\/\/www.europesays.com\/fr\/305189\/"},"modified":"2025-08-08T13:45:10","modified_gmt":"2025-08-08T13:45:10","slug":"toi-moi-lete-jean-baptiste-marteau-quitte-paris-pour-soffrir-des-vacances-de-reve-avec-son-nouveau-cheri","status":"publish","type":"post","link":"https:\/\/www.europesays.com\/fr\/305189\/","title":{"rendered":"\u00ab\u00a0Toi, moi, l\u2019\u00e9t\u00e9\u00a0\u00bb : Jean-Baptiste Marteau quitte Paris pour s\u2019offrir des vacances de r\u00eave avec son nouveau ch\u00e9ri"},"content":{"rendered":"<p>      R\u00e9sum\u00e9<\/p>\n<p>Jean-Baptiste Marteau profite de vacances idylliques en Gr\u00e8ce avec son nouveau compagnon, apr\u00e8s une saison professionnelle riche en rebondissements.<\/p>\n<p>        Sommaire<\/p>\n<p><strong>Jean-Baptiste Marteau est un homme heureux<\/strong>. Le journaliste de France T\u00e9l\u00e9visions, ouvertement homosexuel <a href=\"https:\/\/www.public.fr\/telematin-4-ans-apres-son-coming-out-cet-animateur-annonce-une-heureuse-nouvelle-en-direct\" target=\"_blank\" rel=\"noopener\">depuis son coming-out fait le 11 octobre 2018<\/a>, a retrouv\u00e9 l&rsquo;amour depuis quelques mois. <a href=\"https:\/\/www.public.fr\/apres-douze-belles-annees-la-star-du-jt-jean-baptiste-marteau-confirme-son-divorce-avec-bruno-loup\" target=\"_blank\" rel=\"noopener\">Divorc\u00e9 de Bruno Fallot, PDG de Fremantle France<\/a> \u00e0 qui l&rsquo;on doit des \u00e9missions \u00e0 succ\u00e8s telles que L&rsquo;amour est dans le pr\u00e9, La France a un incroyable talent ou encore Questions pour un champion, <strong>le joker des JT de France 2 est depuis retomb\u00e9 amoureux<\/strong>.<\/p>\n<p>En effet, en couple avec Bruno Fallot depuis 2011, Jean-Baptiste Marteau l&rsquo;avait ensuite \u00e9pous\u00e9 en juillet 2019. Les deux ex avaient r\u00e9ussi, comme Christophe Beaugrand et Jarry, \u00e0 aller au bout de leur projet de gestation pour autrui. <a href=\"https:\/\/www.public.fr\/jean-baptiste-marteau-devoile-un-cliche-inedit-de-son-compagnon-et-de-sa-fille-qui-fete-ses-2-ans\" target=\"_blank\" rel=\"noopener\">Ils ont une fille, pr\u00e9nomm\u00e9e Colette<\/a>. <strong>Mais en ao\u00fbt 2023, le couple a mis fin \u00e0 douze ans d&rsquo;amour et a divorc\u00e9<\/strong>.<\/p>\n<p>Vacances, j&rsquo;oublie tout&#8230; Jean-Baptiste Marteau souffle enfin<\/p>\n<p>Depuis un an, le journaliste de France T\u00e9l\u00e9visions est de nouveau couple. <strong>Son nouveau ch\u00e9ri, Jean de Raynal, est discret<\/strong> mais appara\u00eet occasionnellement aux c\u00f4t\u00e9s de son \u00e9poux dans divers \u00e9v\u00e8nements comme notamment le Sidaction. Mais en ce mois d&rsquo;ao\u00fbt caniculaire, Jean-Baptiste Marteau et Jean de Raynal ont d\u00e9cid\u00e9 de quitter la chaleur \u00e9touffante de la capitale <strong>pour s&rsquo;offrir des vacances de r\u00eaves, \u00e0 deux, \u00e0 des milliers de kilom\u00e8tres<\/strong>.<\/p>\n<p>En effet, comme le r\u00e9v\u00e8lent les photos qu&rsquo;a post\u00e9es Jean-Baptiste Marteau sur Instagram, <strong>le journaliste et son ch\u00e9ri se sont envol\u00e9s pour la Gr\u00e8ce<\/strong>. C&rsquo;est plus particuli\u00e8rement la ville de Sifnos que les amoureux ont choisie. Villa de r\u00eave, piscine avec vue panoramique, les deux tourtereaux n&rsquo;ont pas l\u00e9sin\u00e9 sur les moyens.<\/p>\n<p>Des vacances m\u00e9rit\u00e9es pour Jean-Baptiste Marteau, apr\u00e8s une fin de saison charg\u00e9e en \u00e9motion. Pressenti pour r\u00e9cup\u00e9rer T\u00e9l\u00e9matin, <a href=\"https:\/\/vsd.fr\/83710-telematin-damien-thevenot-et-maya-lauque-remplacent-pour-de-bon-flavie-flament-et-julien-arnaud-fragilises-par-bonjour\/\" target=\"_blank\" rel=\"noopener\">il a finalement \u00e9t\u00e9 une fois encore mis sur la touche<\/a> par sa direction, au profit de Samuel Ollivier le weekend et Damien Th\u00e9venot la semaine. Il poursuivra donc sa carri\u00e8re sur Franceinfo, <strong>pour une nouvelle saison \u00e0 la matinale\u2026 faute de mieux<\/strong>.<\/p>\n<p>      Mentionn\u00e9s dans cet article<\/p>\n<p>      Sur le m\u00eame sujet<\/p>\n","protected":false},"excerpt":{"rendered":"R\u00e9sum\u00e9 Jean-Baptiste Marteau profite de vacances idylliques en Gr\u00e8ce avec son nouveau compagnon, apr\u00e8s une saison professionnelle riche&hellip;\n","protected":false},"author":2,"featured_media":305190,"comment_status":"","ping_status":"","sticky":false,"template":"","format":"standard","meta":{"footnotes":""},"categories":[1359],"tags":[1193,58,59,1011,27,22468,33116,973,12959,2528],"class_list":{"0":"post-305189","1":"post","2":"type-post","3":"status-publish","4":"format-standard","5":"has-post-thumbnail","7":"category-people","8":"tag-couple","9":"tag-divertissement","10":"tag-entertainment","11":"tag-fr","12":"tag-france","13":"tag-homosexualite","14":"tag-jean-baptiste-marteau","15":"tag-people","16":"tag-telematin","17":"tag-vacances"},"share_on_mastodon":{"url":"https:\/\/pubeurope.com\/@fr\/114993451741532352","error":""},"_links":{"self":[{"href":"https:\/\/www.europesays.com\/fr\/wp-json\/wp\/v2\/posts\/305189","targetHints":{"allow":["GET"]}}],"collection":[{"href":"https:\/\/www.europesays.com\/fr\/wp-json\/wp\/v2\/posts"}],"about":[{"href":"https:\/\/www.europesays.com\/fr\/wp-json\/wp\/v2\/types\/post"}],"author":[{"embeddable":true,"href":"https:\/\/www.europesays.com\/fr\/wp-json\/wp\/v2\/users\/2"}],"replies":[{"embeddable":true,"href":"https:\/\/www.europesays.com\/fr\/wp-json\/wp\/v2\/comments?post=305189"}],"version-history":[{"count":0,"href":"https:\/\/www.europesays.com\/fr\/wp-json\/wp\/v2\/posts\/305189\/revisions"}],"wp:featuredmedia":[{"embeddable":true,"href":"https:\/\/www.europesays.com\/fr\/wp-json\/wp\/v2\/media\/305190"}],"wp:attachment":[{"href":"https:\/\/www.europesays.com\/fr\/wp-json\/wp\/v2\/media?parent=305189"}],"wp:term":[{"taxonomy":"category","embeddable":true,"href":"https:\/\/www.europesays.com\/fr\/wp-json\/wp\/v2\/categories?post=305189"},{"taxonomy":"post_tag","embeddable":true,"href":"https:\/\/www.europesays.com\/fr\/wp-json\/wp\/v2\/tags?post=305189"}],"curies":[{"name":"wp","href":"https:\/\/api.w.org\/{rel}","templated":true}]}}