{"id":305191,"date":"2025-08-08T13:46:10","date_gmt":"2025-08-08T13:46:10","guid":{"rendered":"https:\/\/www.europesays.com\/fr\/305191\/"},"modified":"2025-08-08T13:46:10","modified_gmt":"2025-08-08T13:46:10","slug":"jackson-pollock-le-peintre-americain-qui-na-pas-choisi-entre-boire-ou-conduire-sa-decapotable","status":"publish","type":"post","link":"https:\/\/www.europesays.com\/fr\/305191\/","title":{"rendered":"Jackson Pollock, le peintre am\u00e9ricain qui n\u2019a pas choisi entre boire ou conduire sa d\u00e9capotable"},"content":{"rendered":"<p data-module=\"fig-standfirst-editorial-episode\" data-context=\"@media (min-width:48em)\">Chaque jour, Le Figaro raconte l\u2019accident de voiture fatal d\u2019une c\u00e9l\u00e9brit\u00e9. Aujourd\u2019hui, l\u2019histoire du peintre am\u00e9ricain fortement alcoolis\u00e9 dont l\u2019Oldsmobile\u00a088 d\u00e9capotable d\u00e9rape dans la nuit du 11\u00a0ao\u00fbt 1956 sur une route bucolique de Long Island.<\/p>\n<p class=\"fig-paragraph fig-paragraph--dropped\">Recroquevill\u00e9e sur le si\u00e8ge arri\u00e8re de l\u2019Oldsmobile\u00a088 verte capote baiss\u00e9e, Edith Metzger hurle \u00e0 tout rompre. \u00ab\u00a0Arr\u00eatez la voiture. Laissez-moi descendre.\u00a0\u00bb Ravissante brunette aux cheveux courts, l\u2019amie de Ruth Kligman, jeune ma\u00eetresse du peintre\u00a0<a href=\"https:\/\/www.lefigaro.fr\/arts-expositions\/2012\/11\/01\/03015-20121101ARTFIG00237-eugene-v-thaw-de-l-iliade-a-jackson-pollock.php\" data-fig-type=\"Article\" data-gtm-custom-categorie=\"navigation\" data-gtm-custom-action=\"crossclick\" data-gtm-custom-label=\"Contextuel\" data-gtm-event=\"customEventSPE\" data-fig-domain=\"LEFIGARO\" target=\"_blank\" rel=\"noopener\">Jackson Pollock<\/a>, est terroris\u00e9e par l\u2019\u00e9tat d\u2019\u00e9bri\u00e9t\u00e9 de l\u2019artiste. Ses puissantes mains sont cramponn\u00e9es au volant, son buste pench\u00e9 vers l\u2019avant comme s\u2019il allait faire d\u00e9coller l\u2019engin dans lequel les deux amies viennent de se rasseoir apr\u00e8s un bref arr\u00eat dans un bar pour t\u00e9l\u00e9phoner. Le trio \u00e9tait sur la route d\u2019East-Hampton (\u00c9tat de New York) pour se rendre \u00e0 un concert aux Creeks. Au bord de Georgica Pond (l\u2019\u00e9tang Georgica), la maison et son gigantesque parc appartiennent au collectionneur am\u00e9ricano-philippin Alfonso Ossorio (1916-1990) qui les a acquises en 1951 sur les conseils de son ami Jackson Pollock. La demeure est l\u2019\u00e9picentre de la communaut\u00e9 artistique new-yorkaise exil\u00e9e durant l\u2019\u00e9t\u00e9 ou \u00e0 l\u2019ann\u00e9e \u00e0\u00a0<a href=\"http:\/\/www.lefigaro.fr\/international\/a-long-island-argent-et-reve-americain-qui-ont-inspire-francis-scott-fitzgerald-pour-gatsby-le-magnifique-20250729\" data-fig-type=\"Article\" data-gtm-custom-categorie=\"navigation\" data-gtm-custom-action=\"crossclick\" data-gtm-custom-label=\"Contextuel\" data-gtm-event=\"customEventSPE\" data-fig-domain=\"LEFIGARO\" target=\"_blank\" rel=\"noopener\">Long Island<\/a>, poumon d\u2019air\u2026<\/p>\n<p class=\"fig-premium-paywall__infos\">\n        Cet article est r\u00e9serv\u00e9 aux abonn\u00e9s.        Il vous reste 89% \u00e0 d\u00e9couvrir.\n    <\/p>\n<p>                <img  data- alt=\"Le Figaro\" class=\"fig-img--complete fig-img\"\/><\/p>\n<p class=\"fig-premium-paywall__title\">Vous avez envie de lire la suite ?<\/p>\n<p class=\"fig-premium-paywall__subtitle\">D\u00e9bloquez tous les articles imm\u00e9diatement.<\/p>\n<p class=\"fig-premium-paywall__connect\">\n                D\u00e9j\u00e0 abonn\u00e9\u00a0?                <a class=\"fig-premium-paywall__connect-link\" href=\"https:\/\/connect.lefigaro.fr\/login?client=horizon_web&amp;type=main&amp;redirect_uri=https%3A%2F%2Fwww.lefigaro.fr%2Fautomobile%2Fjackson-pollock-le-peintre-americain-qui-n-a-pas-choisi-entre-boire-ou-conduire-sa-decapotable-20250808\" data-js-gtm=\"{&quot;customCategorie&quot;: &quot;conversion&quot;, &quot;customAction&quot;: &quot;before_Landing_Connexion_paywall_auto&quot;, &quot;customLabel&quot;: &quot;bGVmaWdhcm8uZnJfXzFmMDVkOWQ0LTgxOGQtNmIwZS1iZTg4LTU3YzRjYzNmMzBlOV9fQXJ0aWNsZQ==_Jackson Pollock, le peintre am\u00e9ricain qui n\u2019a pas choisi entre boire ou conduire sa d\u00e9capotable_1000&quot;, &quot;customIDSPE&quot;: &quot;bGVmaWdhcm8uZnJfXzFmMDVkOWQ0LTgxOGQtNmIwZS1iZTg4LTU3YzRjYzNmMzBlOV9fQXJ0aWNsZQ==&quot;, &quot;event&quot;: &quot;customEventSPE&quot;}\" target=\"_blank\" rel=\"noopener\"><br \/>\n                    Connectez-vous<br \/>\n                <\/a>\n            <\/p>\n","protected":false},"excerpt":{"rendered":"Chaque jour, Le Figaro raconte l\u2019accident de voiture fatal d\u2019une c\u00e9l\u00e9brit\u00e9. Aujourd\u2019hui, l\u2019histoire du peintre am\u00e9ricain fortement alcoolis\u00e9&hellip;\n","protected":false},"author":2,"featured_media":305192,"comment_status":"","ping_status":"","sticky":false,"template":"","format":"standard","meta":{"footnotes":""},"categories":[1358],"tags":[253,7204,2593,1348,1384,1385,4098,1386,58,59,1011,27,6027],"class_list":{"0":"post-305191","1":"post","2":"type-post","3":"status-publish","4":"format-standard","5":"has-post-thumbnail","7":"category-arts-et-design","8":"tag-acteur","9":"tag-americain","10":"tag-artiste","11":"tag-arts","12":"tag-arts-and-design","13":"tag-arts-et-design","14":"tag-crash","15":"tag-design","16":"tag-divertissement","17":"tag-entertainment","18":"tag-fr","19":"tag-france","20":"tag-porsche"},"share_on_mastodon":{"url":"https:\/\/pubeurope.com\/@fr\/114993455635411322","error":""},"_links":{"self":[{"href":"https:\/\/www.europesays.com\/fr\/wp-json\/wp\/v2\/posts\/305191","targetHints":{"allow":["GET"]}}],"collection":[{"href":"https:\/\/www.europesays.com\/fr\/wp-json\/wp\/v2\/posts"}],"about":[{"href":"https:\/\/www.europesays.com\/fr\/wp-json\/wp\/v2\/types\/post"}],"author":[{"embeddable":true,"href":"https:\/\/www.europesays.com\/fr\/wp-json\/wp\/v2\/users\/2"}],"replies":[{"embeddable":true,"href":"https:\/\/www.europesays.com\/fr\/wp-json\/wp\/v2\/comments?post=305191"}],"version-history":[{"count":0,"href":"https:\/\/www.europesays.com\/fr\/wp-json\/wp\/v2\/posts\/305191\/revisions"}],"wp:featuredmedia":[{"embeddable":true,"href":"https:\/\/www.europesays.com\/fr\/wp-json\/wp\/v2\/media\/305192"}],"wp:attachment":[{"href":"https:\/\/www.europesays.com\/fr\/wp-json\/wp\/v2\/media?parent=305191"}],"wp:term":[{"taxonomy":"category","embeddable":true,"href":"https:\/\/www.europesays.com\/fr\/wp-json\/wp\/v2\/categories?post=305191"},{"taxonomy":"post_tag","embeddable":true,"href":"https:\/\/www.europesays.com\/fr\/wp-json\/wp\/v2\/tags?post=305191"}],"curies":[{"name":"wp","href":"https:\/\/api.w.org\/{rel}","templated":true}]}}