{"id":305193,"date":"2025-08-08T13:47:11","date_gmt":"2025-08-08T13:47:11","guid":{"rendered":"https:\/\/www.europesays.com\/fr\/305193\/"},"modified":"2025-08-08T13:47:11","modified_gmt":"2025-08-08T13:47:11","slug":"vietnam-100-bibliotheques-construites-pour-les-enfants-des-regions-sinistrees","status":"publish","type":"post","link":"https:\/\/www.europesays.com\/fr\/305193\/","title":{"rendered":"Vietnam : 100 biblioth\u00e8ques construites pour les enfants des r\u00e9gions sinistr\u00e9es"},"content":{"rendered":"<p>\u00ab La Biblioth\u00e8que de la Joie n&rsquo;est pas seulement une activit\u00e9 b\u00e9n\u00e9vole, mais aussi un engagement \u00e0 long terme pour soutenir le d\u00e9veloppement de l&rsquo;\u00e9ducation dans les zones montagneuses\u00a0\u00bb, a d\u00e9clar\u00e9 un repr\u00e9sentant de la T\u00e9l\u00e9vision vietnamienne.\u00a0Celui-ci soutient une initiative, port\u00e9e par le pays sous le nom de \u00ab Joy Library \u00bb (ou \u00ab Biblioth\u00e8que de la Joie \u00bb), dont l\u2019objectif principal est de cr\u00e9er une centaine de biblioth\u00e8ques dans des r\u00e9gions du territoire particuli\u00e8rement expos\u00e9es aux catastrophes naturelles ou situ\u00e9es en zones montagneuses.<\/p>\n<p>Cette d\u00e9marche prend tout son sens au regard des r\u00e9cents \u00e9v\u00e9nements : en juillet dernier, le nord du Vietnam a \u00e9t\u00e9 frapp\u00e9 par de lourdes inondations ayant d\u00e9truit maisons et biens mat\u00e9riels, dont de nombreux livres et fournitures scolaires, plongeant ainsi les enfants dans un profond d\u00e9sarroi \u00e0 quelques semaines de la rentr\u00e9e.<\/p>\n<p><strong>\u00ab <\/strong><strong>Susciter la passion de l&rsquo;apprentissage <\/strong><strong>\u00bb<\/strong><\/p>\n<p>De surcro\u00eet, certains jeunes issus de r\u00e9gions relativement recul\u00e9es sont quotidiennement confront\u00e9s \u00e0 un manque d\u2019infrastructures scolaires, de biblioth\u00e8ques et de mat\u00e9riels p\u00e9dagogiques. Cela impacte leur acc\u00e8s \u00e0 la connaissance et, par cons\u00e9quent, leur d\u00e9veloppement intellectuel et social.\u00a0<\/p>\n<p>Face \u00e0 ces difficult\u00e9s multiples, le gouvernement a d\u00e9cid\u00e9 de r\u00e9agir en lan\u00e7ant un projet caritatif afin de \u00ab diffuser les connaissances, susciter la passion de l&rsquo;apprentissage et cr\u00e9er un environnement \u00e9ducatif durable pour des milliers d&rsquo;enfants vivant dans des r\u00e9gions d\u00e9favoris\u00e9es \u00bb. Celui-ci sera mis en avant \u00e0 l\u2019occasion de concerts donn\u00e9s pour les 80 ans de la F\u00eate nationale du pays le 2 septembre et du 55e anniversaire de la T\u00e9l\u00e9vision vietnamienne le 7 septembre.\u00a0<\/p>\n<p>Port\u00e9e par la mobilisation de b\u00e9n\u00e9voles, d\u2019organisations sociales et d\u2019artistes, cette initiative vise non seulement \u00e0 construire des biblioth\u00e8ques, mais aussi \u00e0 les am\u00e9nager de fa\u00e7on \u00e0 en faire de v\u00e9ritables espaces conviviaux. Chacune b\u00e9n\u00e9ficiera d\u2019un financement de 30 \u00e0 70 millions de d\u00f4ngs (soit environ 900 \u00e0 2 200 euros), destin\u00e9 notamment \u00e0 l\u2019achat d\u2019instruments de musique.<\/p>\n<p>Le montant des dons r\u00e9colt\u00e9s dans le cadre du projet s\u2019\u00e9levait d\u00e9j\u00e0 \u00e0 3,15 milliards de d\u00f4ngs et plus de 20 000 livres soit pr\u00e8s de 130 000 euros, le 6 ao\u00fbt dernier. Les autorit\u00e9s esp\u00e8rent que \u00ab Joy Library \u00bb continuera \u00e0 susciter\u00a0l\u2019engouement de la population.\u00a0<\/p>\n<p>Des initiatives similaires ont d\u00e9j\u00e0 vu le jour dans plusieurs r\u00e9gions du monde. Apr\u00e8s le s\u00e9isme en Ha\u00efti, par exemple, l\u2019ONG Biblioth\u00e8ques Sans Fronti\u00e8res a d\u00e9ploy\u00e9 des \u00ab Ideas Box \u00bb dans les zones sinistr\u00e9es, offrant \u00e0 la fois une biblioth\u00e8que, un centre multim\u00e9dia et un espace d\u2019activit\u00e9s \u00e9ducatives. \u00c0 Lombok, petite \u00eele indon\u00e9sienne frapp\u00e9e par un tremblement de terre en 2018, des biblioth\u00e8ques temporaires ont \u00e9t\u00e9 install\u00e9es dans des villages d\u00e9vast\u00e9s afin de soutenir les enfants et de leur offrir un lieu de rencontre et d\u2019\u00e9change.<\/p>\n","protected":false},"excerpt":{"rendered":"\u00ab La Biblioth\u00e8que de la Joie n&rsquo;est pas seulement une activit\u00e9 b\u00e9n\u00e9vole, mais aussi un engagement \u00e0 long&hellip;\n","protected":false},"author":2,"featured_media":305194,"comment_status":"","ping_status":"","sticky":false,"template":"","format":"standard","meta":{"footnotes":""},"categories":[1357],"tags":[1379,58,59,1011,27,1380],"class_list":{"0":"post-305193","1":"post","2":"type-post","3":"status-publish","4":"format-standard","5":"has-post-thumbnail","7":"category-livres","8":"tag-books","9":"tag-divertissement","10":"tag-entertainment","11":"tag-fr","12":"tag-france","13":"tag-livres"},"share_on_mastodon":{"url":"https:\/\/pubeurope.com\/@fr\/114993459659105431","error":""},"_links":{"self":[{"href":"https:\/\/www.europesays.com\/fr\/wp-json\/wp\/v2\/posts\/305193","targetHints":{"allow":["GET"]}}],"collection":[{"href":"https:\/\/www.europesays.com\/fr\/wp-json\/wp\/v2\/posts"}],"about":[{"href":"https:\/\/www.europesays.com\/fr\/wp-json\/wp\/v2\/types\/post"}],"author":[{"embeddable":true,"href":"https:\/\/www.europesays.com\/fr\/wp-json\/wp\/v2\/users\/2"}],"replies":[{"embeddable":true,"href":"https:\/\/www.europesays.com\/fr\/wp-json\/wp\/v2\/comments?post=305193"}],"version-history":[{"count":0,"href":"https:\/\/www.europesays.com\/fr\/wp-json\/wp\/v2\/posts\/305193\/revisions"}],"wp:featuredmedia":[{"embeddable":true,"href":"https:\/\/www.europesays.com\/fr\/wp-json\/wp\/v2\/media\/305194"}],"wp:attachment":[{"href":"https:\/\/www.europesays.com\/fr\/wp-json\/wp\/v2\/media?parent=305193"}],"wp:term":[{"taxonomy":"category","embeddable":true,"href":"https:\/\/www.europesays.com\/fr\/wp-json\/wp\/v2\/categories?post=305193"},{"taxonomy":"post_tag","embeddable":true,"href":"https:\/\/www.europesays.com\/fr\/wp-json\/wp\/v2\/tags?post=305193"}],"curies":[{"name":"wp","href":"https:\/\/api.w.org\/{rel}","templated":true}]}}