{"id":305197,"date":"2025-08-08T13:49:09","date_gmt":"2025-08-08T13:49:09","guid":{"rendered":"https:\/\/www.europesays.com\/fr\/305197\/"},"modified":"2025-08-08T13:49:09","modified_gmt":"2025-08-08T13:49:09","slug":"plus-metal-plus-moderne-et-presque-termine","status":"publish","type":"post","link":"https:\/\/www.europesays.com\/fr\/305197\/","title":{"rendered":"plus \u00ab\u00a0metal\u00a0\u00bb, plus \u00ab\u00a0moderne\u00a0\u00bb, et \u00ab\u00a0presque termin\u00e9\u00a0\u00bb"},"content":{"rendered":"<p><strong>Le prochain album de <a href=\"https:\/\/www.metalzone.fr\/gojira\/\" rel=\"nofollow noopener\" target=\"_blank\">Gojira<\/a> prend forme. Mario Duplantier explique que le groupe s\u2019oriente vers des riffs plus imposants et une approche plus <a href=\"https:\/\/www.metalzone.fr\/heavy-metal\/\" rel=\"nofollow noopener\" target=\"_blank\">metal<\/a>, tout en conservant une touche r\u00e9solument contemporaine.<\/strong><\/p>\n<p>Un huiti\u00e8me album presque achev\u00e9<\/p>\n<p>Interrog\u00e9 par <a href=\"https:\/\/www.leparisien.fr\/culture-loisirs\/musique\/metallica-nous-a-felicites-le-retour-triomphal-du-groupe-de-metal-gojira-un-an-apres-les-jo-de-paris-30-07-2025-6TNELEIEJ5BKJEWGRT6S3VPD2U.php\" target=\"_blank\" rel=\"nofollow noopener\">Le Parisien<\/a>, le batteur explique que ce nouveau disque est quasiment finalis\u00e9, ne n\u00e9cessitant plus que quelques ajustements sur deux morceaux. Il confie que l\u2019objectif initial \u00e9tait d\u2019avancer rapidement, mais que la volont\u00e9 de pousser chaque id\u00e9e \u00e0 son maximum a rallong\u00e9 le processus. Selon lui, il est d\u00e9sormais plus complexe de mettre tout le monde d\u2019accord sur une direction artistique qu\u2019au d\u00e9but de leur carri\u00e8re, ce qui t\u00e9moigne aussi de l\u2019\u00e9volution de leurs go\u00fbts et de leur exigence collective.<\/p>\n<p>Mario pr\u00e9cise que ce huiti\u00e8me album marquera un retour assum\u00e9 \u00e0 des riffs de guitare massifs et \u00e0 une \u00e9nergie metal plus affirm\u00e9e, tout en int\u00e9grant des sonorit\u00e9s et des structures actuelles. Ce projet prendra la rel\u00e8ve de Fortitude (2021), apr\u00e8s une p\u00e9riode particuli\u00e8rement intense ponctu\u00e9e par leur prestation \u00e0 la c\u00e9r\u00e9monie d\u2019ouverture des Jeux olympiques de Paris 2024 et leur participation au concert d\u2019adieu de <a href=\"https:\/\/www.metalzone.fr\/black-sabbath\/\" rel=\"nofollow noopener\" target=\"_blank\">Black Sabbath<\/a>, o\u00f9 ils avaient interpr\u00e9t\u00e9 <a href=\"https:\/\/www.metalzone.fr\/news\/217123-gojira-mea-culpa-marina-viotti-concert-adieu-black-sabbath\/\" target=\"_blank\" rel=\"noopener nofollow\">Mea Culpa avec Marina Viotti<\/a>.<\/p>\n<p>Une tourn\u00e9e fran\u00e7aise d\u2019ampleur<\/p>\n<p>En attendant cette sortie, le groupe se pr\u00e9pare pour une s\u00e9rie de douze concerts dans les plus grandes salles de l\u2019Hexagone, une configuration que Mario Duplantier avait d\u00e9crite comme <a href=\"https:\/\/www.metalzone.fr\/news\/216867-mario-duplantier-influences-avenir-gojira\/\" target=\"_blank\" rel=\"noopener nofollow\">la tourn\u00e9e fran\u00e7aise la plus ambitieuse<\/a> de leur carri\u00e8re. Cette tourn\u00e9e passera notamment par l\u2019Accor Arena de Paris, en plus de nombreuses autres villes :<\/p>\n<ul>\n<li>27 novembre \u2013 Reims, Reims Arena<\/li>\n<li>28 novembre \u2013 Lille, Z\u00e9nith<\/li>\n<li>30 novembre \u2013 Paris, Accor Arena<\/li>\n<li>1er d\u00e9cembre \u2013 Rouen, Z\u00e9nith<\/li>\n<li>2 d\u00e9cembre \u2013 Saint-Herblain, Z\u00e9nith Nantes M\u00e9tropole<\/li>\n<li>4 d\u00e9cembre \u2013 Toulouse, Z\u00e9nith<\/li>\n<li>5 d\u00e9cembre \u2013 Clermont-Ferrand, Z\u00e9nith<\/li>\n<li>6 d\u00e9cembre \u2013 Marseille, D\u00f4me<\/li>\n<li>8 d\u00e9cembre \u2013 Nice, Palais Nika\u00efa<\/li>\n<li>9 d\u00e9cembre \u2013 Bordeaux, Arkea Arena<\/li>\n<li>10 d\u00e9cembre \u2013 Lyon, LDLC Arena<\/li>\n<li>12 d\u00e9cembre \u2013 Strasbourg, Z\u00e9nith<\/li>\n<\/ul>\n<p>Perspectives pour 2026<\/p>\n<p>Apr\u00e8s cette tourn\u00e9e, Gojira rejoindra <a href=\"https:\/\/www.metalzone.fr\/metallica\/\" rel=\"nofollow noopener\" target=\"_blank\">Metallica<\/a> et <a href=\"https:\/\/www.metalzone.fr\/knocked-loose\/\" rel=\"nofollow noopener\" target=\"_blank\">Knocked Loose<\/a> pour une s\u00e9rie de concerts europ\u00e9ens, dont une date unique en Suisse le 27 mai 2026 au Stadion Letzigrund de Zurich, comme annonc\u00e9 <a href=\"https:\/\/www.metalzone.fr\/news\/214970-metallica-nouvelle-tournee-europeenne-2026\/\" target=\"_blank\" rel=\"noopener nofollow\">ici<\/a>. Une ann\u00e9e 2026 qui s\u2019annonce d\u00e9cisive, avec un album attendu et des collaborations prestigieuses.<\/p>\n","protected":false},"excerpt":{"rendered":"Le prochain album de Gojira prend forme. Mario Duplantier explique que le groupe s\u2019oriente vers des riffs plus&hellip;\n","protected":false},"author":2,"featured_media":305198,"comment_status":"","ping_status":"","sticky":false,"template":"","format":"standard","meta":{"footnotes":""},"categories":[1355],"tags":[58,59,1011,27,1361,873],"class_list":{"0":"post-305197","1":"post","2":"type-post","3":"status-publish","4":"format-standard","5":"has-post-thumbnail","7":"category-musique","8":"tag-divertissement","9":"tag-entertainment","10":"tag-fr","11":"tag-france","12":"tag-music","13":"tag-musique"},"share_on_mastodon":{"url":"https:\/\/pubeurope.com\/@fr\/114993467470867334","error":""},"_links":{"self":[{"href":"https:\/\/www.europesays.com\/fr\/wp-json\/wp\/v2\/posts\/305197","targetHints":{"allow":["GET"]}}],"collection":[{"href":"https:\/\/www.europesays.com\/fr\/wp-json\/wp\/v2\/posts"}],"about":[{"href":"https:\/\/www.europesays.com\/fr\/wp-json\/wp\/v2\/types\/post"}],"author":[{"embeddable":true,"href":"https:\/\/www.europesays.com\/fr\/wp-json\/wp\/v2\/users\/2"}],"replies":[{"embeddable":true,"href":"https:\/\/www.europesays.com\/fr\/wp-json\/wp\/v2\/comments?post=305197"}],"version-history":[{"count":0,"href":"https:\/\/www.europesays.com\/fr\/wp-json\/wp\/v2\/posts\/305197\/revisions"}],"wp:featuredmedia":[{"embeddable":true,"href":"https:\/\/www.europesays.com\/fr\/wp-json\/wp\/v2\/media\/305198"}],"wp:attachment":[{"href":"https:\/\/www.europesays.com\/fr\/wp-json\/wp\/v2\/media?parent=305197"}],"wp:term":[{"taxonomy":"category","embeddable":true,"href":"https:\/\/www.europesays.com\/fr\/wp-json\/wp\/v2\/categories?post=305197"},{"taxonomy":"post_tag","embeddable":true,"href":"https:\/\/www.europesays.com\/fr\/wp-json\/wp\/v2\/tags?post=305197"}],"curies":[{"name":"wp","href":"https:\/\/api.w.org\/{rel}","templated":true}]}}