{"id":305199,"date":"2025-08-08T13:50:11","date_gmt":"2025-08-08T13:50:11","guid":{"rendered":"https:\/\/www.europesays.com\/fr\/305199\/"},"modified":"2025-08-08T13:50:11","modified_gmt":"2025-08-08T13:50:11","slug":"la-bande-du-splendid-cultissime","status":"publish","type":"post","link":"https:\/\/www.europesays.com\/fr\/305199\/","title":{"rendered":"la bande du Splendid, cultissime"},"content":{"rendered":"<p data-module=\"fig-standfirst-editorial-episode\" data-context=\"@media (min-width:48em)\">R\u00e9pliques inoubliables, reparties l\u00e9gendaires, expressions m\u00e9morables\u00a0: le Splendid a marqu\u00e9 l\u2019histoire du cin\u00e9ma fran\u00e7ais.<\/p>\n<p class=\"fig-paragraph fig-paragraph--dropped\">Dans les ann\u00e9es 1960 et 1970, les films qui faisaient rire les Fran\u00e7ais relevaient du comique de situation. C\u2019\u00e9tait l\u2019\u00e9poque de G\u00e9rard Oury, Claude Zidi, Yves Robert. Les stars s\u2019appelaient Bourvil, Louis de Fun\u00e8s,\u00a0<a href=\"http:\/\/www.lefigaro.fr\/culture\/pierre-richard-celebre-en-majeste-au-festival-de-cannes-20250524\" data-fig-type=\"Article\" data-gtm-custom-categorie=\"navigation\" data-gtm-custom-action=\"crossclick\" data-gtm-custom-label=\"Contextuel\" data-gtm-event=\"customEventSPE\" data-fig-domain=\"LEFIGARO\" target=\"_blank\" rel=\"noopener\">Pierre Richard<\/a>. Leurs films, que l\u2019on pouvait regarder en famille, g\u00e9n\u00e9raient des millions d\u2019entr\u00e9es.<\/p>\n<p class=\"fig-paragraph fig-paragraph--dropped\">Tout cela a chang\u00e9 avec la bande du Splendid\u00a0:\u00a0<a href=\"http:\/\/www.lefigaro.fr\/cinema\/il-pouvait-etre-odieux-patrice-leconte-revient-sur-son-tournage-difficile-avec-michel-blanc-20250613\" data-fig-type=\"Article\" data-gtm-custom-categorie=\"navigation\" data-gtm-custom-action=\"crossclick\" data-gtm-custom-label=\"Contextuel\" data-gtm-event=\"customEventSPE\" data-fig-domain=\"LEFIGARO\" target=\"_blank\" rel=\"noopener\">Michel Blanc<\/a>, G\u00e9rard Jugnot, Marie-Anne Chazel, Josiane Balasko,\u00a0<a href=\"https:\/\/www.lefigaro.fr\/theatre\/thierry-lhermitte-le-grand-ecart-permanent-20200112\" data-fig-type=\"Article\" data-gtm-custom-categorie=\"navigation\" data-gtm-custom-action=\"crossclick\" data-gtm-custom-label=\"Contextuel\" data-gtm-event=\"customEventSPE\" data-fig-domain=\"LEFIGARO\" target=\"_blank\" rel=\"noopener\">Thierry Lhermitte<\/a>, Christian Clavier et Bruno Moynot (inoubliable Monsieur Prescovitch). Avec eux, il y avait des situations hilarantes, mais aussi des dialogues tellement grandioses qu\u2019aujourd\u2019hui encore, plusieurs g\u00e9n\u00e9rations les connaissent par c\u0153ur.<\/p>\n<p class=\"fig-body-link\">\n            \u00c0 lire aussi<br \/>\n        <a class=\"fig-body-link__link fig-premium-mark\" href=\"https:\/\/www.lefigaro.fr\/cinema\/il-est-le-vrai-patron-de-la-comedie-populaire-a-la-francaise-christian-clavier-faire-rire-est-son-metier-20240316\" data-fig-type=\"Article\" data-gtm-custom-categorie=\"navigation\" data-gtm-custom-action=\"crossclick\" data-gtm-custom-label=\"Contextuel\" data-gtm-event=\"customEventSPE\" data-fig-domain=\"LEFIGARO\" target=\"_blank\" rel=\"noopener\">\u00abIl est le vrai patron de la com\u00e9die populaire \u00e0 la fran\u00e7aise\u00bb: Christian Clavier, faire rire est son m\u00e9tier<br \/>\n    <\/a>\n<\/p>\n<p class=\"fig-paragraph fig-paragraph--dropped\">Une bonne partie de la bande s\u2019\u00e9tait rencontr\u00e9e au lyc\u00e9e Pasteur de Neuilly. Plus tard, les apprentis com\u00e9diens ont pris des cours avec Tsilla Chelton \u2013 future Tatie Danielle \u2013, qui les avait pris sous son aile et qu\u2019ils adoraient. De fil en aiguille, les copains ont commenc\u00e9 \u00e0 \u00e9crire des pi\u00e8ces mont\u00e9es au petit th\u00e9\u00e2tre\u2026<\/p>\n<p class=\"fig-premium-paywall__infos\">\n        Cet article est r\u00e9serv\u00e9 aux abonn\u00e9s.        Il vous reste 74% \u00e0 d\u00e9couvrir.\n    <\/p>\n<p>                <img  data- alt=\"Le Figaro\" class=\"fig-img--complete fig-img\"\/><\/p>\n<p class=\"fig-premium-paywall__title\">Vous avez envie de lire la suite ?<\/p>\n<p class=\"fig-premium-paywall__subtitle\">D\u00e9bloquez tous les articles imm\u00e9diatement.<\/p>\n<p class=\"fig-premium-paywall__connect\">\n                D\u00e9j\u00e0 abonn\u00e9\u00a0?                <a class=\"fig-premium-paywall__connect-link\" href=\"https:\/\/connect.lefigaro.fr\/login?client=horizon_web&amp;type=main&amp;redirect_uri=https%3A%2F%2Fwww.lefigaro.fr%2Fcinema%2Foublie-que-t-as-aucune-chance-vas-y-fonce-on-sait-jamais-sur-un-malentendu-ca-peut-marcher-la-bande-du-splendid-cultissime-20250808\" data-js-gtm=\"{&quot;customCategorie&quot;: &quot;conversion&quot;, &quot;customAction&quot;: &quot;before_Landing_Connexion_paywall_auto&quot;, &quot;customLabel&quot;: &quot;bGVmaWdhcm8uZnJfXzFmMDcyYTgxLTc5ODAtNjU2Ni05Y2Y0LTAxY2ViOTFjY2JlMF9fQXJ0aWNsZQ==_\u00abOublie que t\u2019as aucune chance, vas-y, fonce\u2026 On sait jamais, sur un malentendu, \u00e7a peut marcher\u2026\u00bb: la bande du Splendid, cultissime_314&quot;, &quot;customIDSPE&quot;: &quot;bGVmaWdhcm8uZnJfXzFmMDcyYTgxLTc5ODAtNjU2Ni05Y2Y0LTAxY2ViOTFjY2JlMF9fQXJ0aWNsZQ==&quot;, &quot;event&quot;: &quot;customEventSPE&quot;}\" target=\"_blank\" rel=\"noopener\"><br \/>\n                    Connectez-vous<br \/>\n                <\/a>\n            <\/p>\n","protected":false},"excerpt":{"rendered":"R\u00e9pliques inoubliables, reparties l\u00e9gendaires, expressions m\u00e9morables\u00a0: le Splendid a marqu\u00e9 l\u2019histoire du cin\u00e9ma fran\u00e7ais. Dans les ann\u00e9es 1960&hellip;\n","protected":false},"author":2,"featured_media":305200,"comment_status":"","ping_status":"","sticky":false,"template":"","format":"standard","meta":{"footnotes":""},"categories":[1354],"tags":[650,58,59,1346,1011,27,44506,44505,1360,41407],"class_list":{"0":"post-305199","1":"post","2":"type-post","3":"status-publish","4":"format-standard","5":"has-post-thumbnail","7":"category-films","8":"tag-cinema","9":"tag-divertissement","10":"tag-entertainment","11":"tag-films","12":"tag-fr","13":"tag-france","14":"tag-jean-pierre-bacri","15":"tag-michel-audiard","16":"tag-movies","17":"tag-serie-dete"},"share_on_mastodon":{"url":"https:\/\/pubeurope.com\/@fr\/114993471710561875","error":""},"_links":{"self":[{"href":"https:\/\/www.europesays.com\/fr\/wp-json\/wp\/v2\/posts\/305199","targetHints":{"allow":["GET"]}}],"collection":[{"href":"https:\/\/www.europesays.com\/fr\/wp-json\/wp\/v2\/posts"}],"about":[{"href":"https:\/\/www.europesays.com\/fr\/wp-json\/wp\/v2\/types\/post"}],"author":[{"embeddable":true,"href":"https:\/\/www.europesays.com\/fr\/wp-json\/wp\/v2\/users\/2"}],"replies":[{"embeddable":true,"href":"https:\/\/www.europesays.com\/fr\/wp-json\/wp\/v2\/comments?post=305199"}],"version-history":[{"count":0,"href":"https:\/\/www.europesays.com\/fr\/wp-json\/wp\/v2\/posts\/305199\/revisions"}],"wp:featuredmedia":[{"embeddable":true,"href":"https:\/\/www.europesays.com\/fr\/wp-json\/wp\/v2\/media\/305200"}],"wp:attachment":[{"href":"https:\/\/www.europesays.com\/fr\/wp-json\/wp\/v2\/media?parent=305199"}],"wp:term":[{"taxonomy":"category","embeddable":true,"href":"https:\/\/www.europesays.com\/fr\/wp-json\/wp\/v2\/categories?post=305199"},{"taxonomy":"post_tag","embeddable":true,"href":"https:\/\/www.europesays.com\/fr\/wp-json\/wp\/v2\/tags?post=305199"}],"curies":[{"name":"wp","href":"https:\/\/api.w.org\/{rel}","templated":true}]}}