{"id":305205,"date":"2025-08-08T13:53:13","date_gmt":"2025-08-08T13:53:13","guid":{"rendered":"https:\/\/www.europesays.com\/fr\/305205\/"},"modified":"2025-08-08T13:53:13","modified_gmt":"2025-08-08T13:53:13","slug":"pour-100-000-euros-a-quoi-auront-droit-les-invites-du-diner-dexception-organise-par-george-et-amal-clooney-au-lac-de-come","status":"publish","type":"post","link":"https:\/\/www.europesays.com\/fr\/305205\/","title":{"rendered":"Pour 100.000 euros, \u00e0 quoi auront droit les invit\u00e9s du d\u00eener d\u2019exception organis\u00e9 par George et Amal Clooney au lac de C\u00f4me?"},"content":{"rendered":"<p>Seize invit\u00e9s tri\u00e9s sur le volet ont d\u00e9pens\u00e9 une coquette somme d\u2019argent pour participer \u00e0 cet \u00e9v\u00e9nement mondain, organis\u00e9 ce mois d\u2019ao\u00fbt par les Clooney \u00e0 proximit\u00e9 de leur villa de Laglio.<\/p>\n<p class=\"fig-paragraph\">Garden party, d\u00e9gustation de plats gastronomiques au soleil couchant avec vue sur le lac de C\u00f4me, concerts&#8230; Dans quelques jours, seize personnes vivront une exp\u00e9rience magique en compagnie de<a href=\"https:\/\/madame.lefigaro.fr\/tag\/george-clooney\" target=\"_blank\" data-fig-type=\"Keyword\" rel=\"sponsored noopener\" data-gtm-custom-categorie=\"navigation\" data-gtm-custom-action=\"crossclick\" data-gtm-custom-label=\"Contextuel\" data-gtm-event=\"customEventSPE\" data-fig-domain=\"MADAME\">\u00a0George<\/a>\u00a0et Amal Clooney, \u00e0 quelques pas de leur somptueuse villa Oleandra, situ\u00e9e \u00e0 Laglio, en Lombardie. Aucune raison pourtant de jalouser ces chanceux\u00a0: ils auraient, selon les informations du\u00a0<a href=\"https:\/\/www.dailymail.co.uk\/tvshowbiz\/article-14972753\/Amal-Clooney-47-wows-white-stunning-fringed-gown-joins-suave-husband-George-64-pals-dinner-boat-Lake-Como.html\" target=\"_blank\" rel=\"sponsored noopener\" data-gtm-custom-categorie=\"navigation\" data-gtm-custom-action=\"crossclick\" data-gtm-custom-label=\"Contextuel\" data-gtm-event=\"customEventSPE\">Daily Mail<\/a> , d\u00e9bours\u00e9 la somme astronomique de 100.000 euros par personne pour recevoir leur invitation \u00e0 cet \u00e9v\u00e9nement mondain qui s\u2019\u00e9talera sur quatre jours.<\/p>\n<p>Une somme directement revers\u00e9e \u00e0 la fondation des Clooney<\/p>\n<p class=\"fig-paragraph\">L\u2019acteur et son \u00e9pouse ne toucheront pas cet argent, qui sera directement revers\u00e9 \u00e0 la Clooney Foundation for Justice (CFJ). Cr\u00e9\u00e9e en 2016 par le couple, cette fondation \u0153uvre pour la justice, l\u2019\u00e9galit\u00e9 et le respect des droits de l\u2019homme dans le monde. Elle fournit notamment une aide juridique gratuite aux journalistes injustement emprisonn\u00e9s, ainsi qu\u2019aux femmes victimes de violences et de discriminations.<\/p>\n<p class=\"fig-body-link&#10;    \">\n            \u00c0 lire aussi<br \/>\n        <a class=\"fig-body-link__link\" href=\"http:\/\/madame.lefigaro.fr\/cuisine\/actu-cuisine\/tres-gentil-et-accessible-george-clooney-apercu-dans-un-restaurant-a-la-ciotat-avec-son-epouse-amal-et-leurs-jumeaux-20250711\" data-fig-type=\"Article\" data-gtm-custom-categorie=\"navigation\" data-gtm-custom-action=\"crossclick\" data-gtm-custom-label=\"Contextuel\" data-gtm-event=\"customEventSPE\" data-fig-domain=\"MADAME\" target=\"_blank\" rel=\"noopener\">\u00abTr\u00e8s gentil et accessible\u00bb\u00a0: George Clooney aper\u00e7u dans un restaurant \u00e0 La Ciotat avec son \u00e9pouse Amal et leurs jumeaux<\/a>\n<\/p>\n<p>                                    <a class=\"fig-a11y-skip a11y-hidden\" href=\"#fig-a11y-skip-main-inarticle\"><br \/>\n        Passer la publicit\u00e9<br \/>\n    <\/a><\/p>\n<p class=\"fig-paragraph\">L\u2019\u00e9v\u00e9nement organis\u00e9 par les Clooney est ainsi pr\u00e9sent\u00e9 comme une \u00abexp\u00e9rience de voyage philanthropique\u00bb pendant laquelle les convives rejoindront la \u00abqu\u00eate du couple pour changer le monde\u00bb, peut-on lire dans le Daily Mail.<\/p>\n<p class=\"fig-paragraph\">Mais alors, quel est le programme de ces quatre jours de festivit\u00e9s\u00a0? George et Amal Clooney accueilleront d\u2019abord leurs seize invit\u00e9s lors d\u2019une r\u00e9ception de bienvenue, avant de les retrouver pour une garden party organis\u00e9e \u00e0 proximit\u00e9 de leur villa de Laglio. Selon le Daily Mail, un d\u00eener aura \u00e9galement lieu \u00e0 l\u2019historique Villa del Balbianello, o\u00f9 les films Star Wars Episode II\u00a0: L\u2019Attaque des Clones et Casino Royale ont tous deux \u00e9t\u00e9 tourn\u00e9s. Le couple a aussi pr\u00e9vu de parler business et philanthropie lors d\u2019une \u00absoir\u00e9e enchanteresse au Teatro Sociale di Como\u00bb. Chaque soir, les convives regagneront leur luxueuse suite \u00e0 Passalacqua, un somptueux h\u00f4tel cinq \u00e9toiles situ\u00e9 au bord du lac de C\u00f4me, dont les chambres les plus prestigieuses co\u00fbtent 12.000 euros la nuit.<\/p>\n<p class=\"fig-paragraph\">Tradition oblige, George et Amal Clooney passent une partie de leur \u00e9t\u00e9 dans leur villa italienne, accompagn\u00e9s de leurs jumeaux Ella et Alexander, qui ont f\u00eat\u00e9 leurs 8 ans le 6 juin dernier. Selon la version am\u00e9ricaine de\u00a0<a href=\"https:\/\/www.vogue.com\/article\/amal-clooney-brings-the-disco-to-lake-como\" target=\"_blank\" rel=\"sponsored noopener\" data-gtm-custom-categorie=\"navigation\" data-gtm-custom-action=\"crossclick\" data-gtm-custom-label=\"Contextuel\" data-gtm-event=\"customEventSPE\">Vogue<\/a>, la petite famille serait arriv\u00e9e au lac de C\u00f4me en d\u00e9but de semaine. L\u2019acteur et l\u2019avocate ont d\u2019ailleurs d\u2019ores et d\u00e9j\u00e0 profit\u00e9 d\u2019un d\u00eener en amoureux dans un endroit qu\u2019ils ch\u00e9rissent particuli\u00e8rement\u00a0: le Grand Hotel Tremezzo, o\u00f9 ils sont arriv\u00e9s en bateau-taxi.\u00a0<a href=\"http:\/\/madame.lefigaro.fr\/style\/news\/amal-clooney-scintillante-dans-une-robe-a-sequins-sur-les-rives-du-lac-de-come-20250804\" data-fig-type=\"Article\" data-gtm-custom-categorie=\"navigation\" data-gtm-custom-action=\"crossclick\" data-gtm-custom-label=\"Contextuel\" data-gtm-event=\"customEventSPE\" data-fig-domain=\"MADAME\" target=\"_blank\" rel=\"noopener\">Amal Clooney a attir\u00e9 tous les regards dans une robe \u00e0 franges orn\u00e9e de paillettes argent\u00e9es<\/a>, sign\u00e9e Badgley Mischka. Son \u00e9poux \u00e9tait quant \u00e0 lui v\u00eatu d\u2019un simple ensemble de costume bleu marine, sans cravate ni n\u0153ud papillon.<\/p>\n<p class=\"fig-paragraph\">Avant leur escapade italienne,\u00a0<a href=\"http:\/\/madame.lefigaro.fr\/cuisine\/actu-cuisine\/tres-gentil-et-accessible-george-clooney-apercu-dans-un-restaurant-a-la-ciotat-avec-son-epouse-amal-et-leurs-jumeaux-20250711\" data-fig-type=\"Article\" data-gtm-custom-categorie=\"navigation\" data-gtm-custom-action=\"crossclick\" data-gtm-custom-label=\"Contextuel\" data-gtm-event=\"customEventSPE\" data-fig-domain=\"MADAME\" target=\"_blank\" rel=\"noopener\">George et Amal Clooney ont profit\u00e9 de plusieurs jours de vacances avec leurs jumeaux en France,<\/a>\u00a0plus pr\u00e9cis\u00e9ment \u00e0 Brignoles, dans le Var, o\u00f9 ils poss\u00e8dent une somptueuse bastide entour\u00e9e d\u2019un domaine de 172 hectares comprenant une oliveraie, cinq hectares de vignes, un lac priv\u00e9, ainsi qu\u2019une piscine et un court de tennis.<\/p>\n","protected":false},"excerpt":{"rendered":"Seize invit\u00e9s tri\u00e9s sur le volet ont d\u00e9pens\u00e9 une coquette somme d\u2019argent pour participer \u00e0 cet \u00e9v\u00e9nement mondain,&hellip;\n","protected":false},"author":2,"featured_media":305206,"comment_status":"","ping_status":"","sticky":false,"template":"","format":"standard","meta":{"footnotes":""},"categories":[8],"tags":[976,972,58,59,638,1011,27,6054,452,44508,977,973,975,974],"class_list":{"0":"post-305205","1":"post","2":"type-post","3":"status-publish","4":"format-standard","5":"has-post-thumbnail","7":"category-divertissement","8":"tag-actu-people","9":"tag-celebrite","10":"tag-divertissement","11":"tag-entertainment","12":"tag-figaro","13":"tag-fr","14":"tag-france","15":"tag-george-clooney","16":"tag-italie","17":"tag-lac-de-come","18":"tag-madame","19":"tag-people","20":"tag-potain-de-stars","21":"tag-star"},"share_on_mastodon":{"url":"https:\/\/pubeurope.com\/@fr\/114993483174046026","error":""},"_links":{"self":[{"href":"https:\/\/www.europesays.com\/fr\/wp-json\/wp\/v2\/posts\/305205","targetHints":{"allow":["GET"]}}],"collection":[{"href":"https:\/\/www.europesays.com\/fr\/wp-json\/wp\/v2\/posts"}],"about":[{"href":"https:\/\/www.europesays.com\/fr\/wp-json\/wp\/v2\/types\/post"}],"author":[{"embeddable":true,"href":"https:\/\/www.europesays.com\/fr\/wp-json\/wp\/v2\/users\/2"}],"replies":[{"embeddable":true,"href":"https:\/\/www.europesays.com\/fr\/wp-json\/wp\/v2\/comments?post=305205"}],"version-history":[{"count":0,"href":"https:\/\/www.europesays.com\/fr\/wp-json\/wp\/v2\/posts\/305205\/revisions"}],"wp:featuredmedia":[{"embeddable":true,"href":"https:\/\/www.europesays.com\/fr\/wp-json\/wp\/v2\/media\/305206"}],"wp:attachment":[{"href":"https:\/\/www.europesays.com\/fr\/wp-json\/wp\/v2\/media?parent=305205"}],"wp:term":[{"taxonomy":"category","embeddable":true,"href":"https:\/\/www.europesays.com\/fr\/wp-json\/wp\/v2\/categories?post=305205"},{"taxonomy":"post_tag","embeddable":true,"href":"https:\/\/www.europesays.com\/fr\/wp-json\/wp\/v2\/tags?post=305205"}],"curies":[{"name":"wp","href":"https:\/\/api.w.org\/{rel}","templated":true}]}}