{"id":305207,"date":"2025-08-08T13:54:08","date_gmt":"2025-08-08T13:54:08","guid":{"rendered":"https:\/\/www.europesays.com\/fr\/305207\/"},"modified":"2025-08-08T13:54:08","modified_gmt":"2025-08-08T13:54:08","slug":"la-chine-continue-de-marquer-des-points-face-a-loccident-dans-sa-course-a-la-lune-avec-toujours-en-objectif-dy-poser-un-module-avant-2030-media24-fr","status":"publish","type":"post","link":"https:\/\/www.europesays.com\/fr\/305207\/","title":{"rendered":"La Chine continue de marquer des points face \u00e0 l&#039;occident dans sa course \u00e0 la Lune avec toujours en objectif d&#039;y poser un module avant 2030 &#8211; Media24.fr"},"content":{"rendered":"<ol>\n<li><a href=\"https:\/\/news.google.com\/rss\/articles\/CBMi_AFBVV95cUxNWXVTNGFxaWhSaHo0ekJ3QWZ4YUxNUHlDa3ZZanpucmpQb3dGT0V2dTJjVE43bXRrLUpKZUVaWWZfY2U3bjNGNlJyVnVEbW1rc0ZrQjdaV3dGcmhfVDZ1Rkd3Q196RHI1RmZCeVo3S2ZRNGFQNDVRSGpRRHI5cHVPZTBYV25TajBUVktvU2w0RldPXzd6ZXFMdHI5OHlfcEF5d3ZhRU1aUnR1TWlzWkR6QnVRT2lKbTFOQWZuTXVoLUFPSThlc3dLX19JVC1OMi04MFFCNGVRYjRCOVloSlM4bFpBY0p3ODNGd3ZKZDRkeEVZSWVzWDhWSXhHd0c?oc=5\" target=\"_blank\" rel=\"nofollow noopener\">La Chine continue de marquer des points face \u00e0 l&rsquo;occident dans sa course \u00e0 la Lune avec toujours en objectif d&rsquo;y poser un module avant 2030<\/a>&nbsp;&nbsp;Media24.fr<\/li>\n<li><a href=\"https:\/\/news.google.com\/rss\/articles\/CBMihAFBVV95cUxPVHVGR0dMUnotMzZtbFdFbVliNF93akhaVDFYR0R2X1lScEFONGotbzNKeGlMSm9pR1lQVzJXbHpScFQ1My1rVE11MmZOdkRReFBGM2NpdlNkWExRODBVLU1QV2ZmZlM1UWNZTFl0MGltbjhSMVlGWGcyV2NUQ081eHJOeEo?oc=5\" target=\"_blank\" rel=\"nofollow noopener\">La Chine se pr\u00e9pare \u00e0 \u00ab \u00e9treindre la Lune \u00bb<\/a>&nbsp;&nbsp;www.cieletespace.fr<\/li>\n<li><a href=\"https:\/\/news.google.com\/rss\/articles\/CBMioAFBVV95cUxQeEx4M21NSDBGV2NiNjU0SUJMUGdiYzRtOVRxc1MwWjlLUlpHZ3Y2ak00cGIzRllKV3hQWElSNC1yUXhsMTdrOGZiRGtteU9pNklEVmtSYmppRUUzZTBiTXVZbWs0UXF0ajlMNFU5Mmxmc0ZoTkJINjhTUW1Fbzl0eE1XdnR5elhZQ1A5YlFnQWlYRkZuLWtLMGhqcDJzbjNG?oc=5\" target=\"_blank\" rel=\"nofollow noopener\">La Chine teste avec succ\u00e8s son premier atterrisseur lunaire habit\u00e9<\/a>&nbsp;&nbsp;Vietnam.vn<\/li>\n<li><a href=\"https:\/\/news.google.com\/rss\/articles\/CBMi0wFBVV95cUxQUnU1UTd2ZFhndEhfX0dZWUxBeUtJLUVXVTk4OWZIVkhVTndCYmJSakhBb3J2Tkl4eTduekxXbWszaEY2djRJZndEY0JVVVd3ei1BaC13WE5ZWkMzRExxWTdFSV9zV2Y5TFZWdjFBeWVUcjlaZWJsMGZ4dkIzdHh6Z2NqQnJETmJlQUlNZHpwa2huNnZmaE1JbVFMQkNCdVBnbUdYQUZ2d1p1MkRwUTFsYVV5eUVUX1BzekpwR2RBcVJWV0hHdHpDVnVzc1NWUGxxNlF3?oc=5\" target=\"_blank\" rel=\"nofollow noopener\">VID\u00c9O | La Chine a test\u00e9 un vaisseau spatial avec lequel elle esp\u00e8re envoyer le premier Chinois sur la Lune<\/a>&nbsp;&nbsp;\u0421\u043b\u043e\u0431\u043e\u0434\u0435\u043d \u043f\u0435\u0447\u0430\u0442<\/li>\n<li><a href=\"https:\/\/news.google.com\/rss\/articles\/CBMiXEFVX3lxTFBsdFo3VWR5YU5HZm43RGpOeFc5d1lxU3VXbElaYTRCQTRoNkxYVmk0clNhbW9JUzdXMzMycjJzR1M5YUJZb2tkREJyMi1fQnlnWkotVmw2dXlocTNV?oc=5\" target=\"_blank\" rel=\"nofollow noopener\">Course \u00e0 la Lune: La Chine teste son alunisseur habit\u00e9<\/a>&nbsp;&nbsp;Medi1 News<\/li>\n<\/ol>\n","protected":false},"excerpt":{"rendered":"La Chine continue de marquer des points face \u00e0 l&rsquo;occident dans sa course \u00e0 la Lune avec toujours&hellip;\n","protected":false},"author":2,"featured_media":1445,"comment_status":"","ping_status":"","sticky":false,"template":"","format":"standard","meta":{"footnotes":""},"categories":[7],"tags":[1011,27,43,40,41,39,42,44],"class_list":{"0":"post-305207","1":"post","2":"type-post","3":"status-publish","4":"format-standard","5":"has-post-thumbnail","7":"category-sciences-et-technologies","8":"tag-fr","9":"tag-france","10":"tag-science","11":"tag-science-and-technology","12":"tag-sciences","13":"tag-sciences-et-technologies","14":"tag-technologies","15":"tag-technology"},"share_on_mastodon":{"url":"https:\/\/pubeurope.com\/@fr\/114993487384054117","error":""},"_links":{"self":[{"href":"https:\/\/www.europesays.com\/fr\/wp-json\/wp\/v2\/posts\/305207","targetHints":{"allow":["GET"]}}],"collection":[{"href":"https:\/\/www.europesays.com\/fr\/wp-json\/wp\/v2\/posts"}],"about":[{"href":"https:\/\/www.europesays.com\/fr\/wp-json\/wp\/v2\/types\/post"}],"author":[{"embeddable":true,"href":"https:\/\/www.europesays.com\/fr\/wp-json\/wp\/v2\/users\/2"}],"replies":[{"embeddable":true,"href":"https:\/\/www.europesays.com\/fr\/wp-json\/wp\/v2\/comments?post=305207"}],"version-history":[{"count":0,"href":"https:\/\/www.europesays.com\/fr\/wp-json\/wp\/v2\/posts\/305207\/revisions"}],"wp:featuredmedia":[{"embeddable":true,"href":"https:\/\/www.europesays.com\/fr\/wp-json\/wp\/v2\/media\/1445"}],"wp:attachment":[{"href":"https:\/\/www.europesays.com\/fr\/wp-json\/wp\/v2\/media?parent=305207"}],"wp:term":[{"taxonomy":"category","embeddable":true,"href":"https:\/\/www.europesays.com\/fr\/wp-json\/wp\/v2\/categories?post=305207"},{"taxonomy":"post_tag","embeddable":true,"href":"https:\/\/www.europesays.com\/fr\/wp-json\/wp\/v2\/tags?post=305207"}],"curies":[{"name":"wp","href":"https:\/\/api.w.org\/{rel}","templated":true}]}}