{"id":305208,"date":"2025-08-08T13:55:15","date_gmt":"2025-08-08T13:55:15","guid":{"rendered":"https:\/\/www.europesays.com\/fr\/305208\/"},"modified":"2025-08-08T13:55:15","modified_gmt":"2025-08-08T13:55:15","slug":"pourquoi-cest-une-petite-deception","status":"publish","type":"post","link":"https:\/\/www.europesays.com\/fr\/305208\/","title":{"rendered":"pourquoi c\u2019est une petite d\u00e9ception"},"content":{"rendered":"<p>Tesla pr\u00e9pare une nouvelle version de sa Model 3 en Chine. Reprenant une configuration d\u00e9j\u00e0 disponible en Europe, la voiture \u00e9lectrique affiche une autonomie plus que confortable. Reste \u00e0 savoir si elle sera suffisante face \u00e0 une concurrence f\u00e9roce.<\/p>\n<p><a target=\"_blank\" href=\"https:\/\/images.frandroid.com\/wp-content\/uploads\/2024\/07\/model3-52.jpg\" class=\"article-content__figure\" rel=\"noopener\"><img fetchpriority=\"high\" decoding=\"async\" loading=\"eager\" width=\"1200\" height=\"800\" src=\"https:\/\/www.europesays.com\/fr\/wp-content\/uploads\/2025\/08\/model3-52.jpg\" alt=\"\" class=\"wp-image-2070072 wp-image wp-image\"  \/><\/a>Tesla Model 3 \/\/ Source : Tesla<\/p>\n<p>Autrefois au z\u00e9nith des ventes, les voitures \u00e9lectriques de <a href=\"https:\/\/www.frandroid.com\/produits\/tesla\" target=\"_blank\" rel=\"noopener\">Tesla<\/a> sont dans <a href=\"https:\/\/www.frandroid.com\/marques\/tesla\/2725349_pourquoi-la-descente-aux-enfers-commence-a-peine-pour-tesla\" target=\"_blank\" rel=\"noopener\">le creux de la vague<\/a> un peu partout dans le monde, y compris en Chine.<\/p>\n<p>C\u2019est d\u2019ailleurs l\u00e0-bas que le constructeur se retrousse les manches avec de nouvelles versions : en parall\u00e8le de l\u2019annonce d\u2019un <a href=\"https:\/\/www.frandroid.com\/marques\/tesla\/2735005_tesla-officialise-enfin-la-model-yl-pourquoi-elle-est-encore-plus-pratique-que-la-model-y\" target=\"_blank\" rel=\"noopener\">Model YL rallong\u00e9 \u00e0 six places<\/a>, Tesla pr\u00e9pare une <a href=\"https:\/\/www.frandroid.com\/produits\/voitures\/tesla\/1782731-tesla-model-3-2023\" target=\"_blank\" rel=\"noopener\">Model 3<\/a> \u00e0 grande autonomie : la Model 3+.<\/p>\n<p>Une configuration pas si in\u00e9dite<\/p>\n<p>Comme toujours, c\u2019est le minist\u00e8re chinois de l\u2019Industrie et des Technologies de l\u2019Information (MIIT) qui g\u00e2che la surprise. <a href=\"https:\/\/www.frandroid.com\/marques\/tesla\/2739663_tesla-model-3-quelle-est-cette-version-a-800-km-dautonomie-bientot-vendue-en-chine\" target=\"_blank\" rel=\"noopener\">Apr\u00e8s avoir \u00e9vent\u00e9 cette Model 3+<\/a> et en parall\u00e8le de <a href=\"https:\/\/www.frandroid.com\/marques\/tesla\/2756393_voici-lautonomie-du-nouveau-tesla-model-y-6-places-plutot-une-bonne-surprise\" target=\"_blank\" rel=\"noopener\">l\u2019annonce de l\u2019autonomie du Model YL<\/a>, le MIIT d\u00e9voile les caract\u00e9ristiques de la batterie de la berline, repris par <a target=\"_blank\" href=\"https:\/\/cnevpost.com\/2025\/08\/08\/tesla-new-model-3-830-km-range-y-l-751-km\/\" rel=\"noopener\">CnEVPost<\/a>.<\/p>\n<p><a target=\"_blank\" href=\"https:\/\/images.frandroid.com\/wp-content\/uploads\/2025\/08\/2025071613004616.jpg\" class=\"article-content__figure\" rel=\"noopener\"><img loading=\"lazy\" decoding=\"async\" width=\"1200\" height=\"800\" src=\"https:\/\/www.europesays.com\/fr\/wp-content\/uploads\/2025\/08\/2025071613004616-1200x800.jpg\" alt=\"\" class=\"wp-image-2756779 wp-image\"  \/><\/a>Tesla Model 3+ \/\/ Source : MIIT<\/p>\n<p>Cette Tesla Model 3+ (puisque cela semble \u00eatre son nom) sera donc aliment\u00e9e par une batterie NMC (nickel \u2013 mangan\u00e8se \u2013 cobalt) de 78,4 kWh fournie par LG Energy Solution. Une capacit\u00e9 quasi-identique au pack \u00ab\u00a0Long Range\u00a0\u00bb des Model 3 d\u00e9j\u00e0 dans nos rues, mais qui devrait \u00eatre <a href=\"https:\/\/www.frandroid.com\/marques\/tesla\/2739367_tesla-prepare-larrivee-dune-nouvelle-batterie-pour-ses-model-3-et-model-y-jusqua-750-km-dautonomie\" target=\"_blank\" rel=\"noopener\">bient\u00f4t remplac\u00e9e par une batterie plus performante<\/a>.<\/p>\n<p>Mais comme cette Model 3+ n\u2019est propuls\u00e9e que par un moteur arri\u00e8re de 225 kW et non par deux moteurs (un \u00e0 l\u2019avant, un \u00e0 l\u2019arri\u00e8re), comme c\u2019est actuellement le cas en Chine, cette version dispose d\u2019une autonomie en franche progression : 830 km, certes selon <a href=\"https:\/\/www.frandroid.com\/comment-faire\/652748_wltp-nedc-epa-comment-mesure-t-on-lautonomie-des-voitures-electriques\" target=\"_blank\" rel=\"noopener\">l\u2019optimiste norme chinoise CLTC<\/a>, contre 753 km CLTC actuellement propos\u00e9s par la plus endurante des Model 3 en vente en Chine.<\/p>\n<p>Une concurrence intense<\/p>\n<p>Notons tout de m\u00eame que cette version \u00ab\u00a0grande batterie \/ propulsion\u00a0\u00bb existe d\u00e9j\u00e0 en Europe, avec une autonomie certifi\u00e9e \u00e0 702 km selon la plus r\u00e9aliste norme WLTP.<\/p>\n<p>Tesla n\u2019innove donc pas beaucoup, et cette Model 3+ ne pourrait appara\u00eetre que comme un coup marketing plut\u00f4t qu\u2019\u00e0 une version en rupture : manifestement, aucune \u00e9volution du c\u00f4t\u00e9 de la recharge n\u2019est \u00e0 attendre, un des points faibles de la Model 3.<\/p>\n<p><a target=\"_blank\" href=\"https:\/\/images.frandroid.com\/wp-content\/uploads\/2023\/09\/tesla-model-3-highland-00001.jpeg\" class=\"article-content__figure\" rel=\"noopener\"><img loading=\"lazy\" decoding=\"async\" width=\"1200\" height=\"675\" src=\"https:\/\/www.europesays.com\/fr\/wp-content\/uploads\/2025\/08\/tesla-model-3-highland-00001-1200x675.jpeg\" alt=\"\" class=\"wp-image-1783331 wp-image\"  \/><\/a>Tesla Model 3 \/\/ Source : Tesla<\/p>\n<p>Face \u00e0 elle, la concurrence ne l\u2019attendra pas. Le march\u00e9 chinois d\u00e9borde de berlines \u00e9lectriques bon march\u00e9 \u00e0 la pointe de la technologie, comme l\u2019in\u00e9vitable <a href=\"https:\/\/www.frandroid.com\/produits\/voitures\/xiaomi\/1898303-xiaomi-su7\" target=\"_blank\" rel=\"noopener\">Xiaomi SU7<\/a> (jusqu\u2019\u00e0 830 km d\u2019autonomie CLTC \u00e9galement), mais aussi la <a href=\"https:\/\/www.frandroid.com\/produits\/voitures\/zeekr\/2307834-zeekr-007\" target=\"_blank\" rel=\"noopener\">Zeekr 007<\/a> (870 km CLTC, recharge en 15 minutes) ou l\u2019IM L6 (850 km, recharge en 12 minutes), qui vient d\u2019arriver en Europe.<\/p>\n<p>D\u2019autres mod\u00e8les, comme l\u2019Avatr 06 ou la <a href=\"https:\/\/www.frandroid.com\/produits\/voitures\/xpeng\/2364966-xpeng-p7-plus\" target=\"_blank\" rel=\"noopener\">Xpeng P7+<\/a>, ne peuvent proposer autant d\u2019autonomie (jusqu\u2019\u00e0 725 km CLTC pour la Xpeng), mais s\u2019affichent \u00e0 des tarifs d\u00e9fiant toute concurrence avec des temps de recharge sous les 20 minutes. Cette Model 3+ permettra-t-elle d\u2019enrayer la chute des ventes de la berline en Chine, que <a target=\"_blank\" href=\"https:\/\/cnevpost.com\/2025\/08\/08\/tesla-sells-40617-cars-china-jul-2025\/\" rel=\"noopener\">CnEVPost<\/a> annonce \u00e0 -14,8 % depuis le d\u00e9but de l\u2019ann\u00e9e ?<\/p>\n","protected":false},"excerpt":{"rendered":"Tesla pr\u00e9pare une nouvelle version de sa Model 3 en Chine. Reprenant une configuration d\u00e9j\u00e0 disponible en Europe,&hellip;\n","protected":false},"author":2,"featured_media":305209,"comment_status":"","ping_status":"","sticky":false,"template":"","format":"standard","meta":{"footnotes":""},"categories":[6],"tags":[35,33,34,1011,27,44509,44510],"class_list":{"0":"post-305208","1":"post","2":"type-post","3":"status-publish","4":"format-standard","5":"has-post-thumbnail","7":"category-economie","8":"tag-business","9":"tag-economie","10":"tag-economy","11":"tag-fr","12":"tag-france","13":"tag-tesla-model-3","14":"tag-tesla-model-3-2024"},"share_on_mastodon":{"url":"https:\/\/pubeurope.com\/@fr\/114993491176120495","error":""},"_links":{"self":[{"href":"https:\/\/www.europesays.com\/fr\/wp-json\/wp\/v2\/posts\/305208","targetHints":{"allow":["GET"]}}],"collection":[{"href":"https:\/\/www.europesays.com\/fr\/wp-json\/wp\/v2\/posts"}],"about":[{"href":"https:\/\/www.europesays.com\/fr\/wp-json\/wp\/v2\/types\/post"}],"author":[{"embeddable":true,"href":"https:\/\/www.europesays.com\/fr\/wp-json\/wp\/v2\/users\/2"}],"replies":[{"embeddable":true,"href":"https:\/\/www.europesays.com\/fr\/wp-json\/wp\/v2\/comments?post=305208"}],"version-history":[{"count":0,"href":"https:\/\/www.europesays.com\/fr\/wp-json\/wp\/v2\/posts\/305208\/revisions"}],"wp:featuredmedia":[{"embeddable":true,"href":"https:\/\/www.europesays.com\/fr\/wp-json\/wp\/v2\/media\/305209"}],"wp:attachment":[{"href":"https:\/\/www.europesays.com\/fr\/wp-json\/wp\/v2\/media?parent=305208"}],"wp:term":[{"taxonomy":"category","embeddable":true,"href":"https:\/\/www.europesays.com\/fr\/wp-json\/wp\/v2\/categories?post=305208"},{"taxonomy":"post_tag","embeddable":true,"href":"https:\/\/www.europesays.com\/fr\/wp-json\/wp\/v2\/tags?post=305208"}],"curies":[{"name":"wp","href":"https:\/\/api.w.org\/{rel}","templated":true}]}}