{"id":305222,"date":"2025-08-08T14:02:19","date_gmt":"2025-08-08T14:02:19","guid":{"rendered":"https:\/\/www.europesays.com\/fr\/305222\/"},"modified":"2025-08-08T14:02:19","modified_gmt":"2025-08-08T14:02:19","slug":"la-circulation-des-voitures-et-des-bus-perturbee-jusqua-nouvel-an","status":"publish","type":"post","link":"https:\/\/www.europesays.com\/fr\/305222\/","title":{"rendered":"la circulation des voitures et des bus perturb\u00e9e jusqu&rsquo;\u00e0 Nouvel an"},"content":{"rendered":"<p>            Par<br \/>\n        <strong><br \/>\n            <a href=\"https:\/\/actu.fr\/auteur\/pierre-emile-bouchy-actu-fr\" title=\"Consulter tous les articles de Paul-Emile Bouchy\" target=\"_blank\" rel=\"noopener\">Paul-Emile Bouchy<\/a><br \/>\n        <\/strong><\/p>\n<p>        Publi\u00e9 le<\/p>\n<p>            8 ao\u00fbt 2025 \u00e0 14h53        <\/p>\n<p>Pour am\u00e9liorer le cadre de vie des habitants en rendant le quartier plus accessible et agr\u00e9able, la M\u00e9tropole du <a href=\"https:\/\/actu.fr\/tag\/grand-nancy\" target=\"_blank\" rel=\"noopener\">Grand Nancy<\/a> et la Ville de Laxou engagent d\u2019importants <a href=\"https:\/\/actu.fr\/tag\/travaux\" target=\"_blank\" rel=\"noopener\">travaux<\/a> dans le <strong>quartier des Provinces<\/strong>, notamment dans le secteur du haut de l\u2019avenue de l\u2019Europe avec la cr\u00e9ation d\u2019une future maison de sant\u00e9.<\/p>\n<p class=\" wall-content\">Avec sa construction au c\u0153ur du quartier,<strong> le r\u00e9seau de mobilit\u00e9 va \u00eatre profond\u00e9ment modifi\u00e9<\/strong> avec de nombreux am\u00e9nagements de l\u2019espace public. Pour les r\u00e9aliser, <strong>une portion de l\u2019avenue va \u00eatre ferm\u00e9e de la mi-ao\u00fbt jusqu\u2019\u00e0 la fin de l\u2019ann\u00e9e 2025.<\/strong><\/p>\n<p class=\" wall-content\">On fait le point sur les perturbations et les impacts sur la <a href=\"https:\/\/actu.fr\/tag\/circulation\" target=\"_blank\" rel=\"noopener\">circulation<\/a>.<\/p>\n<p>Des rues interdites aux automobilistes jusqu\u2019\u00e0 Nouvel an<\/p>\n<p class=\" wall-content\">\u00c0 partir du 15\u00a0ao\u00fbt, la circulation sera<strong> ferm\u00e9e avenue de l\u2019Europe, au niveau de l\u2019ancien centre commercial<\/strong>, entre la rue Auguste Desch et la rue d\u2019Heubach.<\/p>\n<p class=\" wall-content\">Les rues suivantes seront aussi ferm\u00e9es\u2009:<\/p>\n<ul class=\" wall-content\">\n<li>rue Victor Hugo<\/li>\n<li>rue L\u00e9on Husson<\/li>\n<li>rue longeant le parking du supermarch\u00e9 Intermarch\u00e9<\/li>\n<\/ul>\n<p class=\" wall-content\">La M\u00e9tropole pr\u00e9cise n\u00e9anmoins que <strong>le parking du supermarch\u00e9 restera accessible<\/strong> aux automobilistes, v\u00e9los et pi\u00e9tons et que \u00ab\u2009des am\u00e9nagements seront mis en place pour permettre aux pi\u00e9tons et cyclistes de circuler\u2009\u00bb.<\/p>\n<p>Une d\u00e9viation conseill\u00e9e pour les automobilistes<\/p>\n<p class=\" wall-content\">Cette coupure va obliger les automobilistes \u00e0 emprunter un autre itin\u00e9raire. Il est conseill\u00e9 de <strong>suivre la d\u00e9viation via le boulevard de Hardeval et de la rue de Mar\u00e9ville<\/strong>.<\/p>\n<p>    <img   decoding=\"async\" loading=\"lazy\" src=\"https:\/\/www.europesays.com\/fr\/wp-content\/uploads\/2025\/08\/plan-automobilistes-voitures-grand-nancy-travaux-laxou-960x640.jpg\" alt=\"Le plan de circulation automobile durant les travaux avenue de l'Europe \u00e0 Laxou.\" width=\"960\" height=\"640\"\/><br \/>\n    Le plan de circulation automobile durant les travaux avenue de l\u2019Europe \u00e0 Laxou. (\u00a9M\u00e9tropole du Grand Nancy)<\/p>\n<p class=\" wall-content\">\u00ab\u00a0L\u2019acc\u00e8s aux riverains en voiture, notamment ceux de la rue Auguste Desch, restera possible<br \/>pendant toute la dur\u00e9e des travaux, sauf en cas d\u2019interruption ponctuelle d\u2019une journ\u00e9e dont ils seront pr\u00e9venus \u00e0 l\u2019avance\u00a0\u00bb, indique la M\u00e9tropole.<\/p>\n<p>Deux lignes du r\u00e9seau Stan d\u00e9vi\u00e9es<\/p>\n<p class=\" wall-content\">La circulation des bus du <a href=\"https:\/\/actu.fr\/tag\/reseau-stan\" target=\"_blank\" rel=\"noopener\">r\u00e9seau Stan<\/a> va aussi \u00eatre impact\u00e9e. Deux lignes sont concern\u00e9es\u2009: <strong>Corol et Tempo 3<\/strong>.<\/p>\n<p class=\" wall-content\">Comme vous pouvez le voir sur les plans ci-dessous, plusieurs arr\u00eats ne seront plus desservis\u2009:<\/p>\n<p class=\" wall-content\">\n    <img   decoding=\"async\" loading=\"lazy\" src=\"https:\/\/www.europesays.com\/fr\/wp-content\/uploads\/2025\/08\/plan-corol-travaux-grand-nancy-960x640.jpg\" alt=\"L'itin\u00e9raire de la ligne Corol durant les travaux avenue de l'Europe \u00e0 Laxou.\" width=\"960\" height=\"640\"\/><br \/>\n    L\u2019itin\u00e9raire de la ligne Corol durant les travaux avenue de l\u2019Europe \u00e0 Laxou. (\u00a9M\u00e9tropole du Grand Nancy)<br \/>\n    <img   decoding=\"async\" loading=\"lazy\" src=\"https:\/\/www.europesays.com\/fr\/wp-content\/uploads\/2025\/08\/plan-t3-reseau-stan-grand-nancy-travaux-960x640.jpg\" alt=\"L'itin\u00e9raire de la ligne T3 durant les travaux avenue de l'Europe \u00e0 Laxou.\" width=\"960\" height=\"640\"\/><br \/>\n    L\u2019itin\u00e9raire de la ligne T3 durant les travaux avenue de l\u2019Europe \u00e0 Laxou. (\u00a9M\u00e9tropole du Grand Nancy)<\/p>\n<p class=\" wall-content\">Enfin, la M\u00e9tropole conclut en indiquant que \u00ab\u2009les entreprises limiteront les travaux aux jours de semaine pendant les horaires habituels de journ\u00e9e\u2009\u00bb pour r\u00e9duire les nuisances sonores.<\/p>\n<p class=\" wall-content\">Suivez toute l\u2019actualit\u00e9 de vos villes et m\u00e9dias favoris en vous inscrivant \u00e0 <a href=\"https:\/\/moncompte.actu.fr\" title=\"D\u00e9couvez Mon Actu\" rel=\"nofollow noopener\" data-trk=\"{&quot;cta&quot;:{&quot;action&quot;:&quot;https:\\\/\\\/moncompte.actu.fr&quot;,&quot;category&quot;:&quot;mon compte&quot;,&quot;from&quot;:&quot;article footer&quot;,&quot;name&quot;:&quot;Mon actu&quot;,&quot;type&quot;:&quot;cta&quot;}}\" target=\"_blank\">Mon Actu<\/a>.<\/p>\n","protected":false},"excerpt":{"rendered":"Par Paul-Emile Bouchy Publi\u00e9 le 8 ao\u00fbt 2025 \u00e0 14h53 Pour am\u00e9liorer le cadre de vie des habitants&hellip;\n","protected":false},"author":2,"featured_media":305223,"comment_status":"","ping_status":"","sticky":false,"template":"","format":"standard","meta":{"footnotes":""},"categories":[9635],"tags":[1111,11,3542,1777,674,1011,27,775,1702,12,25,9849,104,2086],"class_list":{"0":"post-305222","1":"post","2":"type-post","3":"status-publish","4":"format-standard","5":"has-post-thumbnail","7":"category-nancy","8":"tag-actu","9":"tag-actualites","10":"tag-circulation","11":"tag-eu","12":"tag-europe","13":"tag-fr","14":"tag-france","15":"tag-grand-est","16":"tag-nancy","17":"tag-news","18":"tag-republique-francaise","19":"tag-reseau-stan","20":"tag-societe","21":"tag-travaux"},"share_on_mastodon":{"url":"https:\/\/pubeurope.com\/@fr\/114993518690133755","error":""},"_links":{"self":[{"href":"https:\/\/www.europesays.com\/fr\/wp-json\/wp\/v2\/posts\/305222","targetHints":{"allow":["GET"]}}],"collection":[{"href":"https:\/\/www.europesays.com\/fr\/wp-json\/wp\/v2\/posts"}],"about":[{"href":"https:\/\/www.europesays.com\/fr\/wp-json\/wp\/v2\/types\/post"}],"author":[{"embeddable":true,"href":"https:\/\/www.europesays.com\/fr\/wp-json\/wp\/v2\/users\/2"}],"replies":[{"embeddable":true,"href":"https:\/\/www.europesays.com\/fr\/wp-json\/wp\/v2\/comments?post=305222"}],"version-history":[{"count":0,"href":"https:\/\/www.europesays.com\/fr\/wp-json\/wp\/v2\/posts\/305222\/revisions"}],"wp:featuredmedia":[{"embeddable":true,"href":"https:\/\/www.europesays.com\/fr\/wp-json\/wp\/v2\/media\/305223"}],"wp:attachment":[{"href":"https:\/\/www.europesays.com\/fr\/wp-json\/wp\/v2\/media?parent=305222"}],"wp:term":[{"taxonomy":"category","embeddable":true,"href":"https:\/\/www.europesays.com\/fr\/wp-json\/wp\/v2\/categories?post=305222"},{"taxonomy":"post_tag","embeddable":true,"href":"https:\/\/www.europesays.com\/fr\/wp-json\/wp\/v2\/tags?post=305222"}],"curies":[{"name":"wp","href":"https:\/\/api.w.org\/{rel}","templated":true}]}}