{"id":305224,"date":"2025-08-08T14:03:10","date_gmt":"2025-08-08T14:03:10","guid":{"rendered":"https:\/\/www.europesays.com\/fr\/305224\/"},"modified":"2025-08-08T14:03:10","modified_gmt":"2025-08-08T14:03:10","slug":"jeux-denquete-createurs-locaux-et-musique-que-faire-ce-week-end-dans-la-metropole-toulonnaise","status":"publish","type":"post","link":"https:\/\/www.europesays.com\/fr\/305224\/","title":{"rendered":"Jeux d\u2019enqu\u00eate, cr\u00e9ateurs locaux et musique: que faire ce week-end dans la m\u00e9tropole toulonnaise?"},"content":{"rendered":"<p>                                On joue les apprentis d\u00e9tectives au Mus\u00e9um <\/p>\n<p>Vous aimez les jeux d\u2019enqu\u00eate, escape game ou encore les chasses au tr\u00e9sor? Cette journ\u00e9e est faite pour vous! Des \u00e9tudiants de l\u2019universit\u00e9 de Toulon ont imagin\u00e9 un jeu d\u2019enqu\u00eate baptis\u00e9 \u00ab\u00a0Mission Mus\u00e9um\u00a0\u00bb afin de permettre de d\u00e9couvrir le Mus\u00e9um et son jardin, en famille ou entre amis!<\/p>\n<p><strong>Savoir+<\/strong><br \/>&#13;<br \/>\n\u00a0Dimanche 10 ao\u00fbt, de 10h \u00e0 12h. Mus\u00e9um d\u00e9partemental du Var, jardin du Las, 737 chemin du Jonquet. Gratuit<\/p>\n<p>On soutient les petits cr\u00e9ateurs \u00e0 Six-Fours <\/p>\n<p>Dans un cadre magnifique, face \u00e0 l\u2019\u00eele des Embiez, venez \u00e0 la rencontre des cr\u00e9ateurs et producteurs locaux. L\u2019occasion de d\u00e9couvrir des cr\u00e9ations uniques et soutenir l\u2019artisanat de notre territoire.<\/p>\n<p><strong>Savoir+<br \/>&#13;<br \/>\n<\/strong>8 et 9 ao\u00fbt, de 18 h \u00e0 minuit. Port du Brusc. Gratuit<\/p>\n<p>On participe au dernier rendez-vous des Escales toulonnaises <\/p>\n<p>Cet \u00e9t\u00e9, les Escales toulonnaises ont donn\u00e9 rendez-vous aux vacanciers sur le port de Toulon, quatre vendredis de la saison. Le dernier, ce 8 ao\u00fbt, est l\u2019occasion de profiter d\u2019une parenth\u00e8se musicale, d\u00e9couvrir de nouvelles saveurs et fl\u00e2ner au milieu d\u2019un march\u00e9 de cr\u00e9ateurs sur le port.<\/p>\n<p><strong>Savoir+<\/strong><br \/>&#13;<br \/>\nLe 8 ao\u00fbt, d\u00e8s 19 h. Port de Toulon.<\/p>\n","protected":false},"excerpt":{"rendered":"On joue les apprentis d\u00e9tectives au Mus\u00e9um Vous aimez les jeux d\u2019enqu\u00eate, escape game ou encore les chasses&hellip;\n","protected":false},"author":2,"featured_media":305225,"comment_status":"","ping_status":"","sticky":false,"template":"","format":"standard","meta":{"footnotes":""},"categories":[9619],"tags":[1111,11,1777,674,1011,27,1393,12,882,25,2310],"class_list":{"0":"post-305224","1":"post","2":"type-post","3":"status-publish","4":"format-standard","5":"has-post-thumbnail","7":"category-toulon","8":"tag-actu","9":"tag-actualites","10":"tag-eu","11":"tag-europe","12":"tag-fr","13":"tag-france","14":"tag-loisirs","15":"tag-news","16":"tag-provence-alpes-cote-dazur","17":"tag-republique-francaise","18":"tag-toulon"},"share_on_mastodon":{"url":"https:\/\/pubeurope.com\/@fr\/114993522559366815","error":""},"_links":{"self":[{"href":"https:\/\/www.europesays.com\/fr\/wp-json\/wp\/v2\/posts\/305224","targetHints":{"allow":["GET"]}}],"collection":[{"href":"https:\/\/www.europesays.com\/fr\/wp-json\/wp\/v2\/posts"}],"about":[{"href":"https:\/\/www.europesays.com\/fr\/wp-json\/wp\/v2\/types\/post"}],"author":[{"embeddable":true,"href":"https:\/\/www.europesays.com\/fr\/wp-json\/wp\/v2\/users\/2"}],"replies":[{"embeddable":true,"href":"https:\/\/www.europesays.com\/fr\/wp-json\/wp\/v2\/comments?post=305224"}],"version-history":[{"count":0,"href":"https:\/\/www.europesays.com\/fr\/wp-json\/wp\/v2\/posts\/305224\/revisions"}],"wp:featuredmedia":[{"embeddable":true,"href":"https:\/\/www.europesays.com\/fr\/wp-json\/wp\/v2\/media\/305225"}],"wp:attachment":[{"href":"https:\/\/www.europesays.com\/fr\/wp-json\/wp\/v2\/media?parent=305224"}],"wp:term":[{"taxonomy":"category","embeddable":true,"href":"https:\/\/www.europesays.com\/fr\/wp-json\/wp\/v2\/categories?post=305224"},{"taxonomy":"post_tag","embeddable":true,"href":"https:\/\/www.europesays.com\/fr\/wp-json\/wp\/v2\/tags?post=305224"}],"curies":[{"name":"wp","href":"https:\/\/api.w.org\/{rel}","templated":true}]}}