{"id":305226,"date":"2025-08-08T14:04:23","date_gmt":"2025-08-08T14:04:23","guid":{"rendered":"https:\/\/www.europesays.com\/fr\/305226\/"},"modified":"2025-08-08T14:04:23","modified_gmt":"2025-08-08T14:04:23","slug":"198-logements-sociaux-rehabilites-a-sainte-musse","status":"publish","type":"post","link":"https:\/\/www.europesays.com\/fr\/305226\/","title":{"rendered":"198 logements sociaux r\u00e9habilit\u00e9s \u00e0 Sainte Musse"},"content":{"rendered":"\n<p>Lanc\u00e9 il y a 18\u00a0mois, ce programme ambitieux de r\u00e9habilitation de 198\u00a0logements, six b\u00e2timents et 21\u00a0entr\u00e9es est arriv\u00e9 \u00e0 son terme et permet aux habitants de ce quartier populaire de profiter de ses bienfaits.<\/p>\n<p>L\u2019objectif affich\u00e9 tr\u00e8s clairement d\u00e8s la pr\u00e9sentation de projet par le pr\u00e9sident de Toulon Habitat M\u00e9diterran\u00e9e, Mohamed Mahali \u00e9tait d\u2019\u00ab\u00a0am\u00e9liorer durablement le cadre de vie des habitants, sans hausse de loyers\u00a0\u00bb. Pari, semble-t-il, plus que r\u00e9ussi.<\/p>\n<p> Un investissement<br \/>\n               <br \/>de 5,5\u00a0millions d\u2019euros\n              <\/p>\n<p>Ce chantier de 5,5\u00a0millions d\u2019euros a permis entre autres d\u2019assurer l\u2019isolation thermique des logements en intervenant par l\u2019ext\u00e9rieur, sur les fa\u00e7ades. \u00ab\u00a0C\u2019est plus cher mais plus efficace et cela a entra\u00een\u00e9 moins de d\u00e9sagr\u00e9ments pour les locataires\u00a0\u00bb, rappelle l\u2019adjoint au maire. Les chaudi\u00e8res individuelles ont \u00e9galement \u00e9t\u00e9 remplac\u00e9es, les parties communes et les halls s\u00e9curis\u00e9s ont \u00e9t\u00e9 \u00e9galement repeints.<\/p>\n<p>Les minots n\u2019ont pas non plus \u00e9t\u00e9 oubli\u00e9s, avec un nouveau parc de jeux install\u00e9 \u00e0 l\u2019entr\u00e9e du quartier. Les plus grands se retrouvent, eux, sur le city-stade modernis\u00e9. \u00ab\u00a0Cet investissement de 5,5\u00a0millions d\u2019euros, port\u00e9 par Toulon Habitat M\u00e9diterran\u00e9e, est une r\u00e9ussite. Il montre ce que nous savons faire de mieux lorsque la volont\u00e9, l\u2019\u00e9coute et l\u2019action convergent\u00a0\u00bb, d\u00e9clare la maire de Toulon Jos\u00e9e Massi (SE). Et de conclure\u00a0: \u00ab\u00a0\u00c0 Toulon, chaque quartier compte. Et chaque habitant m\u00e9rite de vivre dans un environnement digne, serein et respectueux.\u00a0\u00bb<\/p>\n<p>Prochainement ce sont ceux de La\u00a0Closerie qui vont conna\u00eetre des am\u00e9liorations de leur cadre de vie, avec dix millions d\u2019euros vot\u00e9s en conseil municipal. Le lancement des travaux de r\u00e9habilitation devrait d\u00e9marrer les mois qui viennent.<\/p>\n<p>\u00c0 suivre.<\/p>\n","protected":false},"excerpt":{"rendered":"Lanc\u00e9 il y a 18\u00a0mois, ce programme ambitieux de r\u00e9habilitation de 198\u00a0logements, six b\u00e2timents et 21\u00a0entr\u00e9es est arriv\u00e9&hellip;\n","protected":false},"author":2,"featured_media":305227,"comment_status":"","ping_status":"","sticky":false,"template":"","format":"standard","meta":{"footnotes":""},"categories":[9619],"tags":[1111,11,1777,674,1011,27,6459,12,882,25,2310],"class_list":{"0":"post-305226","1":"post","2":"type-post","3":"status-publish","4":"format-standard","5":"has-post-thumbnail","7":"category-toulon","8":"tag-actu","9":"tag-actualites","10":"tag-eu","11":"tag-europe","12":"tag-fr","13":"tag-france","14":"tag-logements-sociaux","15":"tag-news","16":"tag-provence-alpes-cote-dazur","17":"tag-republique-francaise","18":"tag-toulon"},"share_on_mastodon":{"url":"https:\/\/pubeurope.com\/@fr\/114993526458604298","error":""},"_links":{"self":[{"href":"https:\/\/www.europesays.com\/fr\/wp-json\/wp\/v2\/posts\/305226","targetHints":{"allow":["GET"]}}],"collection":[{"href":"https:\/\/www.europesays.com\/fr\/wp-json\/wp\/v2\/posts"}],"about":[{"href":"https:\/\/www.europesays.com\/fr\/wp-json\/wp\/v2\/types\/post"}],"author":[{"embeddable":true,"href":"https:\/\/www.europesays.com\/fr\/wp-json\/wp\/v2\/users\/2"}],"replies":[{"embeddable":true,"href":"https:\/\/www.europesays.com\/fr\/wp-json\/wp\/v2\/comments?post=305226"}],"version-history":[{"count":0,"href":"https:\/\/www.europesays.com\/fr\/wp-json\/wp\/v2\/posts\/305226\/revisions"}],"wp:featuredmedia":[{"embeddable":true,"href":"https:\/\/www.europesays.com\/fr\/wp-json\/wp\/v2\/media\/305227"}],"wp:attachment":[{"href":"https:\/\/www.europesays.com\/fr\/wp-json\/wp\/v2\/media?parent=305226"}],"wp:term":[{"taxonomy":"category","embeddable":true,"href":"https:\/\/www.europesays.com\/fr\/wp-json\/wp\/v2\/categories?post=305226"},{"taxonomy":"post_tag","embeddable":true,"href":"https:\/\/www.europesays.com\/fr\/wp-json\/wp\/v2\/tags?post=305226"}],"curies":[{"name":"wp","href":"https:\/\/api.w.org\/{rel}","templated":true}]}}