{"id":305234,"date":"2025-08-08T14:10:12","date_gmt":"2025-08-08T14:10:12","guid":{"rendered":"https:\/\/www.europesays.com\/fr\/305234\/"},"modified":"2025-08-08T14:10:12","modified_gmt":"2025-08-08T14:10:12","slug":"le-suspect-interpelle-le-parquet-de-grenoble-saisi-de-laffaire","status":"publish","type":"post","link":"https:\/\/www.europesays.com\/fr\/305234\/","title":{"rendered":"le suspect interpell\u00e9, le parquet de Grenoble saisi de l&rsquo;affaire"},"content":{"rendered":"<p itemprop=\"description\"><strong>Fin de la cavale pour l\u2019agresseur du maire de Villeneuve-de-Marc (Is\u00e8re).<\/strong><\/p>\n<p>\u00ab\u00a0L\u2019agresseur du maire de Villeneuve-de-Marc a \u00e9t\u00e9 interpell\u00e9 ce matin. Je salue le travail rapide et efficace des gendarmes de l\u2019Is\u00e8re. Les violences contre nos \u00e9lus sont intol\u00e9rables et ne resteront jamais impunies\u00a0\u00bb, a indiqu\u00e9 le ministre de l\u2019Int\u00e9rieur, Bruno Retailleau, sur son compte X. Apr\u00e8s deux jours de recherches, le suspect qui aurait agress\u00e9 \u00e0 l\u2019arme blanche l\u2019\u00e9lu de la commune is\u00e9roise a \u00e9t\u00e9 place en garde \u00e0 vue. On ne sait pas encore o\u00f9 s&rsquo;est d\u00e9roul\u00e9e l&rsquo;interpellation.<\/p>\n<blockquote class=\"twitter-tweet\"><p>&#13;<\/p>\n<p dir=\"ltr\" lang=\"fr\">L\u2019agresseur du maire de Villeneuve-de-Marc a \u00e9t\u00e9 interpell\u00e9 ce matin. Je salue le travail rapide et efficace des gendarmes de l\u2019Is\u00e8re. Les violences contre nos \u00e9lus sont intol\u00e9rables et ne resteront jamais impunies.<\/p>\n<p>&#13;<br \/>\n\u2014 Bruno Retailleau (@BrunoRetailleau) <a href=\"https:\/\/twitter.com\/BrunoRetailleau\/status\/1953762529320047031?ref_src=twsrc%5Etfw\" target=\"_blank\" rel=\"noopener\">August 8, 2025<\/a><\/p><\/blockquote>\n<p>Rappelons que ce mercredi 6 ao\u00fbt, Gilles Dussault, maire de Villeneuve-de-Marc, a \u00e9t\u00e9 attaqu\u00e9 au couteau devant chez lui, sous les yeux de son fils, par un individu. Suite \u00e0 cela, il a d\u00fb \u00eatre \u00e9vacu\u00e9 en urgence absolue \u00e0 l\u2019h\u00f4pital Edouard-Herriot de Lyon pour soigner ses deux plaies au thorax. Des blessures qui lui ont caus\u00e9 15 jours d\u2019incapacit\u00e9 totale de travail.<\/p>\n<p>L\u2019agresseur n\u2019est autre qu\u2019un habitant de la commune, qui \u00e9tait en conflit depuis 2023 avec la municipalit\u00e9. En cause, un mur et une partie de toiture d\u2019une maison communale se seraient effondr\u00e9s sur sa propri\u00e9t\u00e9.<\/p>\n<p>\u00c0 noter qu\u2019une information judiciaire va \u00eatre ouverte dans la journ\u00e9e au p\u00f4le criminel du tribunal judiciaire de Grenoble.<\/p>\n<p>\t\t\t\t\t\t\t\t\t\t\t\t\t\t\t\t\t\t\t<script async src=\"https:\/\/platform.twitter.com\/widgets.js\" charset=\"utf-8\"><\/script><\/p>\n","protected":false},"excerpt":{"rendered":"Fin de la cavale pour l\u2019agresseur du maire de Villeneuve-de-Marc (Is\u00e8re). \u00ab\u00a0L\u2019agresseur du maire de Villeneuve-de-Marc a \u00e9t\u00e9&hellip;\n","protected":false},"author":2,"featured_media":305235,"comment_status":"","ping_status":"","sticky":false,"template":"","format":"standard","meta":{"footnotes":""},"categories":[9566],"tags":[1111,11,7733,8279,2430,7736,650,7734,2889,2263,1777,674,1011,27,2731,8280,6417,1114,108,4662,12,3725,1825,25,7737],"class_list":{"0":"post-305234","1":"post","2":"type-post","3":"status-publish","4":"format-standard","5":"has-post-thumbnail","7":"category-grenoble","8":"tag-actu","9":"tag-actualites","10":"tag-alpes","11":"tag-alpes1","12":"tag-auvergne-rhone-alpes","13":"tag-cds","14":"tag-cinema","15":"tag-ecoute","16":"tag-emission","17":"tag-equipe","18":"tag-eu","19":"tag-europe","20":"tag-fr","21":"tag-france","22":"tag-grenoble","23":"tag-haute","24":"tag-information","25":"tag-infos","26":"tag-isere","27":"tag-journal","28":"tag-news","29":"tag-podcast","30":"tag-radio","31":"tag-republique-francaise","32":"tag-winamp"},"share_on_mastodon":{"url":"https:\/\/pubeurope.com\/@fr\/114993549990271346","error":""},"_links":{"self":[{"href":"https:\/\/www.europesays.com\/fr\/wp-json\/wp\/v2\/posts\/305234","targetHints":{"allow":["GET"]}}],"collection":[{"href":"https:\/\/www.europesays.com\/fr\/wp-json\/wp\/v2\/posts"}],"about":[{"href":"https:\/\/www.europesays.com\/fr\/wp-json\/wp\/v2\/types\/post"}],"author":[{"embeddable":true,"href":"https:\/\/www.europesays.com\/fr\/wp-json\/wp\/v2\/users\/2"}],"replies":[{"embeddable":true,"href":"https:\/\/www.europesays.com\/fr\/wp-json\/wp\/v2\/comments?post=305234"}],"version-history":[{"count":0,"href":"https:\/\/www.europesays.com\/fr\/wp-json\/wp\/v2\/posts\/305234\/revisions"}],"wp:featuredmedia":[{"embeddable":true,"href":"https:\/\/www.europesays.com\/fr\/wp-json\/wp\/v2\/media\/305235"}],"wp:attachment":[{"href":"https:\/\/www.europesays.com\/fr\/wp-json\/wp\/v2\/media?parent=305234"}],"wp:term":[{"taxonomy":"category","embeddable":true,"href":"https:\/\/www.europesays.com\/fr\/wp-json\/wp\/v2\/categories?post=305234"},{"taxonomy":"post_tag","embeddable":true,"href":"https:\/\/www.europesays.com\/fr\/wp-json\/wp\/v2\/tags?post=305234"}],"curies":[{"name":"wp","href":"https:\/\/api.w.org\/{rel}","templated":true}]}}