{"id":305236,"date":"2025-08-08T14:12:19","date_gmt":"2025-08-08T14:12:19","guid":{"rendered":"https:\/\/www.europesays.com\/fr\/305236\/"},"modified":"2025-08-08T14:12:19","modified_gmt":"2025-08-08T14:12:19","slug":"un-international-rennais-a-plusieurs-pistes-en-europe","status":"publish","type":"post","link":"https:\/\/www.europesays.com\/fr\/305236\/","title":{"rendered":"Un international rennais a plusieurs pistes en Europe"},"content":{"rendered":"<p>Le <strong>Stade Rennais<\/strong> traverse une p\u00e9riode charni\u00e8re o\u00f9 la gestion de ses jeunes talents devient cruciale pour l\u00a0\u00bbavenir du club breton. Apr\u00e8s une saison d\u00e9cevante en Ligue 1, les Rouge et Noir misent sur leur formation reconnue pour rebondir et afficher un meilleur visage dans les mois \u00e0 venir. Cette r\u00e9putation d&rsquo;excellence dans le d\u00e9veloppement des jeunes joueurs attire naturellement les convoitises, pla\u00e7ant plusieurs \u00e9l\u00e9ments prometteurs sous les projecteurs du mercato estival. Parmi ces p\u00e9pites, <strong>Mahamadou Nagida<\/strong>, lat\u00e9ral gauche de 20 ans et international camerounais, se retrouve au c\u0153ur des discussions avec une opportunit\u00e9 de pr\u00eat en Belgique qui pourrait s&rsquo;av\u00e9rer d\u00e9terminante pour la suite de sa carri\u00e8re. Cette situation illustre parfaitement les d\u00e9fis auxquels font face les clubs formateurs, contraints de trouver l&rsquo;\u00e9quilibre entre d\u00e9veloppement des jeunes et exigences du haut niveau.<\/p>\n<p>                                <img decoding=\"async\" src=\"https:\/\/www.europesays.com\/fr\/wp-content\/uploads\/2025\/04\/1744123449_543_logo.png\" alt=\"Logo\"\/><\/p>\n<p>100\u20ac offerts sur ton 1er pari !<\/p>\n<p>                            <a href=\"https:\/\/bit.ly\/4j5wl4k\" class=\"headband-button\" rel=\"nofollow noopener\" target=\"_blank\">J&rsquo;en profite<\/a><\/p>\n<p>                                                                <img loading=\"lazy\" decoding=\"async\" src=\"https:\/\/www.europesays.com\/fr\/wp-content\/uploads\/2025\/08\/mercato-rennes-un-international-rennais-a-plusieurs-pistes-en-europe.jpg\" alt=\"Illustration : &quot;Mercato Rennes : Un international rennais a plusieurs pistes en Europe &quot;\" class=\"figure-img img-fluid\" width=\"780\" height=\"478\"\/><\/p>\n<p>                                    \u00a9 Site officiel du SRFC                                 <\/p>\n<p>Un vivier de talents sous haute surveillance<\/p>\n<p>La force du <strong>Stade Rennais<\/strong> r\u00e9side ind\u00e9niablement dans sa capacit\u00e9 \u00e0 former et r\u00e9v\u00e9ler de jeunes prodiges qui marquent ensuite le football europ\u00e9en. Les exemples r\u00e9cents parlent d&rsquo;eux-m\u00eames avec <strong>Ousmane Demb\u00e9l\u00e9<\/strong>, devenu une star mondiale, <strong>Eduardo Camavinga<\/strong> qui brille au Real Madrid, ou encore les <strong>fr\u00e8res Dou\u00e9<\/strong> qui continuent de faire sensation. Cette lign\u00e9e d&rsquo;excellence se perp\u00e9tue avec la nouvelle g\u00e9n\u00e9ration, o\u00f9 <strong>J\u00e9r\u00e9my Jacquet<\/strong> attire d\u00e9j\u00e0 les regards d&rsquo;Arsenal, confirmant l&rsquo;attractivit\u00e9 internationale du centre de formation breton. <strong>Mohamed Kader Me\u00eft\u00e9<\/strong>, \u00e0 seulement 17 ans, repr\u00e9sente peut-\u00eatre l&rsquo;avenir de l&rsquo;attaque rennaise et symbolise cette continuit\u00e9 dans la production de talents. Cependant, cette richesse en jeunes joueurs prometteurs cr\u00e9e in\u00e9vitablement une concurrence interne f\u00e9roce, o\u00f9 tous ne peuvent pr\u00e9tendre \u00e0 un temps de jeu suffisant pour leur d\u00e9veloppement optimal.<\/p>\n<p>Nagida face au d\u00e9fi de la concurrence<\/p>\n<p>Avec ses <strong>13 matches de Ligue 1<\/strong> dont 4 en tant que titulaire la saison derni\u00e8re, <strong>Mahamadou Nagida<\/strong> a pu go\u00fbter aux exigences du plus haut niveau fran\u00e7ais et poursuivre son apprentissage dans des conditions id\u00e9ales. Malgr\u00e9 la confiance que lui accorde l&rsquo;entra\u00eeneur <strong>Habib Beye<\/strong>, le jeune lat\u00e9ral gauche de 20 ans se heurte \u00e0 une r\u00e9alit\u00e9 implacable : la concurrence acharn\u00e9e au sein de l&rsquo;effectif rennais. Cette situation, loin d&rsquo;\u00eatre inhabituelle dans un club formateur de cette envergure, pose la question cruciale de l&rsquo;\u00e9volution de carri\u00e8re pour un joueur qui poss\u00e8de d\u00e9j\u00e0 <strong>2 s\u00e9lections en \u00e9quipe du Cameroun<\/strong>. Son profil de lat\u00e9ral gauche gaucher, combin\u00e9 \u00e0 son fort potentiel technique et physique, en fait un \u00e9l\u00e9ment particuli\u00e8rement recherch\u00e9 sur le march\u00e9 des transferts. La perspective d&rsquo;un temps de jeu similaire pour la saison \u00e0 venir pourrait donc pousser le club et le joueur \u00e0 envisager d&rsquo;autres options pour optimiser son d\u00e9veloppement.<\/p>\n<p>L&rsquo;opportunit\u00e9 belge du Cercle Bruges<\/p>\n<p>Selon les informations d&rsquo;<strong>Africa Foot<\/strong>, le <strong>Cercle Bruges<\/strong> manifeste un int\u00e9r\u00eat concret pour s&rsquo;attacher les services de Nagida sous la forme d&rsquo;un pr\u00eat. Cette proposition arrive \u00e0 un moment strat\u00e9gique pour le club belge, qui nourrit des ambitions europ\u00e9ennes et lorgne actuellement une qualification en <strong>Ligue des champions<\/strong>. L&rsquo;exp\u00e9rience en Jupiler Pro League pourrait s&rsquo;av\u00e9rer parfaite pour permettre au jeune international camerounais d&rsquo;accumuler du temps de jeu r\u00e9gulier et de confirmer son potentiel dans un championnat comp\u00e9titif. Cette option pr\u00e9sente l&rsquo;avantage de maintenir Nagida dans un environnement europ\u00e9en exigeant tout en lui offrant les minutes n\u00e9cessaires \u00e0 sa progression. La question demeure d\u00e9sormais de savoir si Rennes acceptera de c\u00e9der temporairement son prot\u00e9g\u00e9, pesant entre les b\u00e9n\u00e9fices d&rsquo;un d\u00e9veloppement acc\u00e9l\u00e9r\u00e9 \u00e0 l&rsquo;\u00e9tranger et le risque de perdre un \u00e9l\u00e9ment prometteur de son effectif.<\/p>\n<p>Vendredi 15 ao\u00fbt, la Ligue 1 reprend ses droits avec un choc entre le Stade Rennais et l\u2019Olympique de Marseille au Roazhon Park. \u00c0 cette occasion, profitez de 100\u20ac offerts pour votre premi\u00e8re inscription sur Parions Sport en Ligne. <a href=\"http:\/\/bit.ly\/4hgs1yE\" rel=\"nofollow noopener\" target=\"_blank\"><strong>Une victoire du Stade Rennais devant son public face \u00e0 l\u2019OM vous rapporte jusqu\u2019\u00e0 315\u20ac !<\/strong><\/a><\/p>\n<p><strong>Pour en profiter, c\u2019est tr\u00e8s simple :<\/strong><\/p>\n<p>&#8211;              Cr\u00e9ez votre compte joueur en seulement 2 \u00e9tapes <a href=\"http:\/\/bit.ly\/4hgs1yE\" rel=\"nofollow noopener\" target=\"_blank\"><strong>ici<\/strong><\/a><\/p>\n<p>&#8211;              R\u00e9alisez votre 1er d\u00e9p\u00f4t puis placez votre 1er pari (Minimum 5\u20ac)<\/p>\n<p>&#8211;              Une fois votre 1er d\u00e9p\u00f4t et votre 1er pari r\u00e9alis\u00e9s, l\u2019int\u00e9gralit\u00e9 du montant de ce 1er pari sera cr\u00e9dit\u00e9e sur votre compte joueur dans la limite de 100\u20ac maximum et sous la forme de cr\u00e9dits de jeu non retirables. Le cr\u00e9dit s\u2019effectuera alors en une seule \u00e9tape et sous 3 jours<\/p>\n<p>Jouer comporte des risques : endettement, d\u00e9pendance\u2026 Appelez le 09 74 75 13 13 (appel non surtax\u00e9)<\/p>\n","protected":false},"excerpt":{"rendered":"Le Stade Rennais traverse une p\u00e9riode charni\u00e8re o\u00f9 la gestion de ses jeunes talents devient cruciale pour l\u00a0\u00bbavenir&hellip;\n","protected":false},"author":2,"featured_media":305237,"comment_status":"","ping_status":"","sticky":false,"template":"","format":"standard","meta":{"footnotes":""},"categories":[2821],"tags":[1111,11,829,1777,674,1011,27,12,584,25],"class_list":{"0":"post-305236","1":"post","2":"type-post","3":"status-publish","4":"format-standard","5":"has-post-thumbnail","7":"category-rennes","8":"tag-actu","9":"tag-actualites","10":"tag-bretagne","11":"tag-eu","12":"tag-europe","13":"tag-fr","14":"tag-france","15":"tag-news","16":"tag-rennes","17":"tag-republique-francaise"},"share_on_mastodon":{"url":"https:\/\/pubeurope.com\/@fr\/114993557987086517","error":""},"_links":{"self":[{"href":"https:\/\/www.europesays.com\/fr\/wp-json\/wp\/v2\/posts\/305236","targetHints":{"allow":["GET"]}}],"collection":[{"href":"https:\/\/www.europesays.com\/fr\/wp-json\/wp\/v2\/posts"}],"about":[{"href":"https:\/\/www.europesays.com\/fr\/wp-json\/wp\/v2\/types\/post"}],"author":[{"embeddable":true,"href":"https:\/\/www.europesays.com\/fr\/wp-json\/wp\/v2\/users\/2"}],"replies":[{"embeddable":true,"href":"https:\/\/www.europesays.com\/fr\/wp-json\/wp\/v2\/comments?post=305236"}],"version-history":[{"count":0,"href":"https:\/\/www.europesays.com\/fr\/wp-json\/wp\/v2\/posts\/305236\/revisions"}],"wp:featuredmedia":[{"embeddable":true,"href":"https:\/\/www.europesays.com\/fr\/wp-json\/wp\/v2\/media\/305237"}],"wp:attachment":[{"href":"https:\/\/www.europesays.com\/fr\/wp-json\/wp\/v2\/media?parent=305236"}],"wp:term":[{"taxonomy":"category","embeddable":true,"href":"https:\/\/www.europesays.com\/fr\/wp-json\/wp\/v2\/categories?post=305236"},{"taxonomy":"post_tag","embeddable":true,"href":"https:\/\/www.europesays.com\/fr\/wp-json\/wp\/v2\/tags?post=305236"}],"curies":[{"name":"wp","href":"https:\/\/api.w.org\/{rel}","templated":true}]}}