{"id":305238,"date":"2025-08-08T14:13:12","date_gmt":"2025-08-08T14:13:12","guid":{"rendered":"https:\/\/www.europesays.com\/fr\/305238\/"},"modified":"2025-08-08T14:13:12","modified_gmt":"2025-08-08T14:13:12","slug":"lart-de-lenluminure-en-expo-a-saint-pierre-le-jeune","status":"publish","type":"post","link":"https:\/\/www.europesays.com\/fr\/305238\/","title":{"rendered":"l\u2019art de l\u2019enluminure en expo \u00e0 Saint-Pierre-le-Jeune"},"content":{"rendered":"<p>L\u2019art de l\u2019enluminure a connu un d\u00e9veloppement tout \u00e0 fait remarquable en Occident tout au long du Moyen \u00c2ge jusqu\u2019\u00e0 ce que l\u2019invention de l\u2019imprimerie au XV e \u00a0si\u00e8cle n\u2019en sonne le glas. Un amour immod\u00e9r\u00e9 du livre, une spiritualit\u00e9 essentiellement fond\u00e9e sur la m\u00e9ditation des \u00c9critures, ou lectio divina , et la diffusion des livres d\u2019heures qui contenaient les offices de la journ\u00e9e et qui \u00e9taient souvent enlumin\u00e9s, voici, parmi d\u2019autres, quelques raisons qui expliquent ce d\u00e9veloppement tout \u00e0 fait unique.<\/p>\n<p>L\u2019image, dans l\u2019aire chr\u00e9tienne occidentale, avait le plus souvent pour but de magnifier le texte et d\u2019accompagner la m\u00e9ditation et la d\u00e9votion du fid\u00e8le. Au VIe si\u00e8cle, pour corriger l\u2019attitude violemment iconoclaste de S\u00e9r\u00e9nus, \u00e9v\u00eaque de Marseille, le pape Gr\u00e9goire le Grand r\u00e9dige une lettre dans laquelle il fixe, sans doute \u00e0 son insu, ce qui deviendra la r\u00e8gle dans la mani\u00e8re dont l\u2018\u00c9glise d\u2019Occident envisagera le r\u00f4le de l\u2019image\u00a0: enseigner les ignorants, faire m\u00e9moire des \u00e9v\u00e9nements du Salut et conduire le fid\u00e8le \u00e0 la contemplation des r\u00e9alit\u00e9s divines. V\u00e9ritable commentaire visuel, l\u2019enluminure va progressivement s\u2019affranchir des canons iconographiques import\u00e9s d\u2019Orient pour conqu\u00e9rir une libert\u00e9, voire une fantaisie, qui favorisera sa la\u00efcisation.<\/p>\n<p>   Une trentaine d\u2019enluminures<\/p>\n<p>L\u2019exposition \u00ab\u00a0Lumi\u00e8re d\u2019Occident\u00a0\u00bb propos\u00e9e jusqu\u2019au 15 ao\u00fbt en l\u2019\u00e9glise coll\u00e9giale Saint-Pierre-le-Jeune par l\u2019artiste Didier Chanut a pour ambition de faire d\u00e9couvrir aux visiteurs cet art disparu, souvent m\u00e9connu, qui pourtant marqua d\u2019une empreinte majeure l\u2019histoire de l\u2019image en Europe, \u00e0 travers une trentaine d\u2019enluminures, copies de pages remarquables extraites de manuscrits du Moyen \u00c2ge.<\/p>\n<p>Didier Chanut est peintre enlumineur \u00e0 Strasbourg, professeur d\u2019arts plastiques et professeur documentaliste. Il est sp\u00e9cialis\u00e9 dans la copie de manuscrits anciens et travaille selon les techniques traditionnelles de l\u2019enluminure m\u00e9di\u00e9vale\u00a0: peinture \u00e0 la d\u00e9trempe sur parchemin avec rehauts d\u2019or \u00e0 la feuille ou \u00e0 la coquille.<\/p>\n<p class=\"note\">Exposition Lumi\u00e8re d\u2019Occident, jusqu\u2019au 15\u00a0ao\u00fbt \u00e0 l\u2019\u00e9glise Saint-Pierre-le-Jeune, place du m\u00eame nom \u00e0 Strasbourg. Acc\u00e8s du mercredi au samedi de 10\u00a0h \u00e0 18\u00a0h.<\/p>\n","protected":false},"excerpt":{"rendered":"L\u2019art de l\u2019enluminure a connu un d\u00e9veloppement tout \u00e0 fait remarquable en Occident tout au long du Moyen&hellip;\n","protected":false},"author":2,"featured_media":305239,"comment_status":"","ping_status":"","sticky":false,"template":"","format":"standard","meta":{"footnotes":""},"categories":[2820],"tags":[1111,11,1687,2880,1777,674,2271,107,1011,27,775,12,25,640,2879],"class_list":{"0":"post-305238","1":"post","2":"type-post","3":"status-publish","4":"format-standard","5":"has-post-thumbnail","7":"category-strasbourg","8":"tag-actu","9":"tag-actualites","10":"tag-culture-loisirs","11":"tag-edition-strasbourg","12":"tag-eu","13":"tag-europe","14":"tag-exposition-arts-plastiques","15":"tag-fil-info","16":"tag-fr","17":"tag-france","18":"tag-grand-est","19":"tag-news","20":"tag-republique-francaise","21":"tag-strasbourg","22":"tag-strasbourg-ville"},"share_on_mastodon":{"url":"https:\/\/pubeurope.com\/@fr\/114993561863991477","error":""},"_links":{"self":[{"href":"https:\/\/www.europesays.com\/fr\/wp-json\/wp\/v2\/posts\/305238","targetHints":{"allow":["GET"]}}],"collection":[{"href":"https:\/\/www.europesays.com\/fr\/wp-json\/wp\/v2\/posts"}],"about":[{"href":"https:\/\/www.europesays.com\/fr\/wp-json\/wp\/v2\/types\/post"}],"author":[{"embeddable":true,"href":"https:\/\/www.europesays.com\/fr\/wp-json\/wp\/v2\/users\/2"}],"replies":[{"embeddable":true,"href":"https:\/\/www.europesays.com\/fr\/wp-json\/wp\/v2\/comments?post=305238"}],"version-history":[{"count":0,"href":"https:\/\/www.europesays.com\/fr\/wp-json\/wp\/v2\/posts\/305238\/revisions"}],"wp:featuredmedia":[{"embeddable":true,"href":"https:\/\/www.europesays.com\/fr\/wp-json\/wp\/v2\/media\/305239"}],"wp:attachment":[{"href":"https:\/\/www.europesays.com\/fr\/wp-json\/wp\/v2\/media?parent=305238"}],"wp:term":[{"taxonomy":"category","embeddable":true,"href":"https:\/\/www.europesays.com\/fr\/wp-json\/wp\/v2\/categories?post=305238"},{"taxonomy":"post_tag","embeddable":true,"href":"https:\/\/www.europesays.com\/fr\/wp-json\/wp\/v2\/tags?post=305238"}],"curies":[{"name":"wp","href":"https:\/\/api.w.org\/{rel}","templated":true}]}}