{"id":305269,"date":"2025-08-08T14:31:20","date_gmt":"2025-08-08T14:31:20","guid":{"rendered":"https:\/\/www.europesays.com\/fr\/305269\/"},"modified":"2025-08-08T14:31:20","modified_gmt":"2025-08-08T14:31:20","slug":"la-colere-des-familles-dotages-contre-le-plan-de-netanyahou-visant-a-prendre-le-controle-de-la-ville-de-gaza","status":"publish","type":"post","link":"https:\/\/www.europesays.com\/fr\/305269\/","title":{"rendered":"la col\u00e8re des familles d&rsquo;otages contre le plan de N\u00e9tanyahou visant \u00e0 prendre le contr\u00f4le de la ville de Gaza"},"content":{"rendered":"<p class=\"c-chapo \">\n  D&rsquo;anciens otages et les membres de famille d&rsquo;Isra\u00e9liens toujours retenus ont manifest\u00e9 dans tout le pays pour r\u00e9clamer la fin de la guerre.\n<\/p>\n<p>            lire plus tard<\/p>\n<p id=\"dialog__title\" class=\"dialog__title\">Pour sauvegarder cet article, connectez-vous ou cr\u00e9ez un compte franceinfo<\/p>\n<p class=\"dialog__description\">Sans paiement. Sans abonnement.<\/p>\n<p>        Fermer la fen\u00eatre d\u2019activation des notifications France Info<\/p>\n<p>            cr\u00e9er votre compte<\/p>\n<p>            se connecter<\/p>\n<p>        Fermer la fen\u00eatre de pr\u00e9sentation<\/p>\n<p>    <img loading=\"lazy\" decoding=\"async\" class=\"signature__image lazyload\" width=\"100\" height=\"100\" data- alt=\"\" src=\"https:\/\/www.europesays.com\/fr\/wp-content\/uploads\/2025\/05\/64a7df4c5fe71_placeholder-36b69ec8.png\"\/><\/p>\n<p>    Publi\u00e9 le 08\/08\/2025 07:55<\/p>\n<p>        Temps de lecture : 2min<\/p>\n<p>    <img decoding=\"async\"  alt=\"Des manifestants \u00e0 J\u00e9rusalem appellent \u00e0 un cessez-le-feu. (SAEED QAQ \/ ANADOLU)\" width=\"432\" height=\"243\" src=\"https:\/\/www.europesays.com\/fr\/wp-content\/uploads\/2025\/08\/068-aa-07082025-2362498-6895814096c6b963413937.jpg\" fetchpriority=\"high\"\/><\/p>\n<p>      Des manifestants \u00e0 J\u00e9rusalem appellent \u00e0 un cessez-le-feu. (SAEED QAQ \/ ANADOLU)<\/p>\n<p>Ils ont manifest\u00e9 sous les fen\u00eatres du bureau de Benyamin N\u00e9tanyahou. Alors que le premier ministre isra\u00e9lien \u00e9tait r\u00e9uni jeudi 8 ao\u00fbt avec son cabinet de s\u00e9curit\u00e9 \u00e0 J\u00e9rusalem, d&rsquo;anciens otages du Hamas et des membres de famille d&rsquo;Isra\u00e9liens toujours retenus \u00e0 Gaza ont r\u00e9clam\u00e9 l&rsquo;arr\u00eat de la guerre. <a href=\"https:\/\/www.franceinfo.fr\/monde\/conflit-israel-iran\/direct-le-cabinet-de-benyamin-netanyahou-a-valide-un-plan-pour-permettre-la-prise-controle-de-la-ville-de-gaza-par-l-armee-israelienne_7424437.html\" rel=\"nofollow noopener\" target=\"_blank\">L<\/a><a href=\"https:\/\/www.franceinfo.fr\/monde\/conflit-israel-iran\/direct-le-cabinet-de-benyamin-netanyahou-a-valide-un-plan-pour-permettre-la-prise-controle-de-la-ville-de-gaza-par-l-armee-israelienne_7424437.html\" rel=\"nofollow noopener\" target=\"_blank\">e chef du gouvernement isra\u00e9lien a confirm\u00e9 son \u00ab\u00a0intention\u00a0\u00bb de prendre le contr\u00f4le de la bande de Gaza<\/a>, d&rsquo;o\u00f9 la col\u00e8re des proches des otages.\u00a0<\/p>\n<p>\u00ab\u00a0\u00c7a suffit, d\u00e9clare Einav Zangauker, dont le fils Matan est pris en otage depuis le 7 octobre 2023. Le moment est venu pour le premier ministre de proposer un plan global pour lib\u00e9rer tous les otages et la fin de la guerre. Sans la fin de la guerre, ce n&rsquo;est pas possible.\u00a0\u00bb<\/p>\n<p>Selon ce plan, l\u2019arm\u00e9e isra\u00e9lienne \u00ab\u00a0se pr\u00e9pare \u00e0 prendre le contr\u00f4le de la ville de Gaza tout en distribuant une aide humanitaire \u00e0 la population civile\u00a0\u00bb. Le projet pr\u00e9voit \u00e9galement \u00ab\u00a0le d\u00e9sarmement du Hamas\u00a0\u00bb. Cette \u00ab\u00a0prise de contr\u00f4le\u00a0\u00bb totale de la ville de Gaza, souhait\u00e9e par l&rsquo;ex\u00e9cutif, est un \u00ab\u00a0arr\u00eat de mort\u00a0\u00bb pour les otages, affirment ces proches.<\/p>\n<p>C&rsquo;est aussi une sombre perspective pour les r\u00e9servistes et les jeunes qui doivent faire leur service militaire. \u00ab\u00a0J&rsquo;ai 18 ans et je suis mort de trouille, explique ce jeune Isra\u00e9lien. Je dois bient\u00f4t aller \u00e0 l&rsquo;arm\u00e9e, mais je ne veux pas y aller.\u00a0\u00bb<\/p>\n<p>Ces manifestants demandent tous d&rsquo;une m\u00eame voix la d\u00e9mission du gouvernement. Pour Iris, Benyamin N\u00e9tanyahou joue simplement sa survie politique :\u00a0\u00ab\u00a0C\u2019est difficile de croire que quelqu\u2019un qui a grandi ici, avec nous, est pr\u00eat \u00e0 nous sacrifier, nous tous, pour pr\u00e9server son pouvoir. Pour lui, on peut tous aller se faire voir.\u00a0\u00bb \u00c0 J\u00e9rusalem, comme \u00e0 Tel Aviv, ces manifestations ont \u00e9t\u00e9 dispers\u00e9es \u00e0 coups de lance \u00e0 eau et de grenades lacrymog\u00e8nes, des dizaines de personnes ont \u00e9t\u00e9 interpell\u00e9es.<\/p>\n<p class=\"related-tags__title\" role=\"heading\" aria-level=\"2\">les mots-cl\u00e9s associ\u00e9s \u00e0 cet article\n    <\/p>\n","protected":false},"excerpt":{"rendered":"D&rsquo;anciens otages et les membres de famille d&rsquo;Isra\u00e9liens toujours retenus ont manifest\u00e9 dans tout le pays pour r\u00e9clamer&hellip;\n","protected":false},"author":2,"featured_media":305270,"comment_status":"","ping_status":"","sticky":false,"template":"","format":"standard","meta":{"footnotes":""},"categories":[1888],"tags":[1111,1928,11,1927,1777,674,1011,27,12,1926,626,1925,25],"class_list":{"0":"post-305269","1":"post","2":"type-post","3":"status-publish","4":"format-standard","5":"has-post-thumbnail","7":"category-paris","8":"tag-actu","9":"tag-actu-paris","10":"tag-actualites","11":"tag-actualites-paris","12":"tag-eu","13":"tag-europe","14":"tag-fr","15":"tag-france","16":"tag-news","17":"tag-news-paris","18":"tag-paris","19":"tag-paris-news","20":"tag-republique-francaise"},"share_on_mastodon":{"url":"https:\/\/pubeurope.com\/@fr\/114993632729382806","error":""},"_links":{"self":[{"href":"https:\/\/www.europesays.com\/fr\/wp-json\/wp\/v2\/posts\/305269","targetHints":{"allow":["GET"]}}],"collection":[{"href":"https:\/\/www.europesays.com\/fr\/wp-json\/wp\/v2\/posts"}],"about":[{"href":"https:\/\/www.europesays.com\/fr\/wp-json\/wp\/v2\/types\/post"}],"author":[{"embeddable":true,"href":"https:\/\/www.europesays.com\/fr\/wp-json\/wp\/v2\/users\/2"}],"replies":[{"embeddable":true,"href":"https:\/\/www.europesays.com\/fr\/wp-json\/wp\/v2\/comments?post=305269"}],"version-history":[{"count":0,"href":"https:\/\/www.europesays.com\/fr\/wp-json\/wp\/v2\/posts\/305269\/revisions"}],"wp:featuredmedia":[{"embeddable":true,"href":"https:\/\/www.europesays.com\/fr\/wp-json\/wp\/v2\/media\/305270"}],"wp:attachment":[{"href":"https:\/\/www.europesays.com\/fr\/wp-json\/wp\/v2\/media?parent=305269"}],"wp:term":[{"taxonomy":"category","embeddable":true,"href":"https:\/\/www.europesays.com\/fr\/wp-json\/wp\/v2\/categories?post=305269"},{"taxonomy":"post_tag","embeddable":true,"href":"https:\/\/www.europesays.com\/fr\/wp-json\/wp\/v2\/tags?post=305269"}],"curies":[{"name":"wp","href":"https:\/\/api.w.org\/{rel}","templated":true}]}}