{"id":305273,"date":"2025-08-08T14:33:09","date_gmt":"2025-08-08T14:33:09","guid":{"rendered":"https:\/\/www.europesays.com\/fr\/305273\/"},"modified":"2025-08-08T14:33:09","modified_gmt":"2025-08-08T14:33:09","slug":"des-miettes-a-paris-lheritage-social-des-jo-reste-minime","status":"publish","type":"post","link":"https:\/\/www.europesays.com\/fr\/305273\/","title":{"rendered":"\u00ab\u00a0Des miettes\u00a0\u00bb\u00a0: \u00e0 Paris, l\u2019h\u00e9ritage social des JO \u00ab\u00a0reste minime\u00a0\u00bb"},"content":{"rendered":"<p class=\"paragraph text_align_left lp-f-body-02\">Son constat est amer : \u00ab un an apr\u00e8s les JO, l\u2019h\u00e9ritage social promis lors de cet \u00e9v\u00e9nement n\u2019est pas du tout perceptible \u00bb, d\u00e9plore Charlotte Kwantes, porte-parole d\u2019Utopia 56. Depuis ce mardi soir, l\u2019association a d\u00e9cid\u00e9 de fermer son centre d\u2019h\u00e9bergement d\u2019urgence de nuit situ\u00e9 \u00e0 Bagnolet (Seine-Saint-Denis) \u00ab en raison du manque de r\u00e9ponse de la pr\u00e9fecture en mati\u00e8re d\u2019h\u00e9bergement d\u2019urgence \u00e0 Paris \u00bb. Depuis plus d\u2019une semaine, environ 200 personnes se pr\u00e9sentent chaque soir sur le parvis lors de sa permanence. \u00ab On n\u2019arrive plus \u00e0 accueillir tout le monde \u00bb, alerte-t-elle.<\/p>\n","protected":false},"excerpt":{"rendered":"Son constat est amer : \u00ab un an apr\u00e8s les JO, l\u2019h\u00e9ritage social promis lors de cet \u00e9v\u00e9nement&hellip;\n","protected":false},"author":2,"featured_media":305274,"comment_status":"","ping_status":"","sticky":false,"template":"","format":"standard","meta":{"footnotes":""},"categories":[1888],"tags":[11,1777,674,1011,27,1944,12,626,25],"class_list":{"0":"post-305273","1":"post","2":"type-post","3":"status-publish","4":"format-standard","5":"has-post-thumbnail","7":"category-paris","8":"tag-actualites","9":"tag-eu","10":"tag-europe","11":"tag-fr","12":"tag-france","13":"tag-ma-ville","14":"tag-news","15":"tag-paris","16":"tag-republique-francaise"},"share_on_mastodon":{"url":"https:\/\/pubeurope.com\/@fr\/114993640508379924","error":""},"_links":{"self":[{"href":"https:\/\/www.europesays.com\/fr\/wp-json\/wp\/v2\/posts\/305273","targetHints":{"allow":["GET"]}}],"collection":[{"href":"https:\/\/www.europesays.com\/fr\/wp-json\/wp\/v2\/posts"}],"about":[{"href":"https:\/\/www.europesays.com\/fr\/wp-json\/wp\/v2\/types\/post"}],"author":[{"embeddable":true,"href":"https:\/\/www.europesays.com\/fr\/wp-json\/wp\/v2\/users\/2"}],"replies":[{"embeddable":true,"href":"https:\/\/www.europesays.com\/fr\/wp-json\/wp\/v2\/comments?post=305273"}],"version-history":[{"count":0,"href":"https:\/\/www.europesays.com\/fr\/wp-json\/wp\/v2\/posts\/305273\/revisions"}],"wp:featuredmedia":[{"embeddable":true,"href":"https:\/\/www.europesays.com\/fr\/wp-json\/wp\/v2\/media\/305274"}],"wp:attachment":[{"href":"https:\/\/www.europesays.com\/fr\/wp-json\/wp\/v2\/media?parent=305273"}],"wp:term":[{"taxonomy":"category","embeddable":true,"href":"https:\/\/www.europesays.com\/fr\/wp-json\/wp\/v2\/categories?post=305273"},{"taxonomy":"post_tag","embeddable":true,"href":"https:\/\/www.europesays.com\/fr\/wp-json\/wp\/v2\/tags?post=305273"}],"curies":[{"name":"wp","href":"https:\/\/api.w.org\/{rel}","templated":true}]}}