{"id":305275,"date":"2025-08-08T14:34:13","date_gmt":"2025-08-08T14:34:13","guid":{"rendered":"https:\/\/www.europesays.com\/fr\/305275\/"},"modified":"2025-08-08T14:34:13","modified_gmt":"2025-08-08T14:34:13","slug":"lambassadeur-secret-dalger-a-paris-liberation","status":"publish","type":"post","link":"https:\/\/www.europesays.com\/fr\/305275\/","title":{"rendered":"l\u2019ambassadeur secret d\u2019Alger \u00e0 Paris \u2013 Lib\u00e9ration"},"content":{"rendered":"<p class=\"sc-ksZaOG ehjQrN text-element\">Il est l\u2019ultime recours, plus rien ne passe entre Alger et Paris. Le messager sur les dossiers br\u00fblants, notamment <a href=\"https:\/\/www.liberation.fr\/international\/boualem-sansal-les-coulisses-du-scandale-20250515_7PIMJJ2KTBACNHH2L2B5FGDYAQ\/\" target=\"_blank\" rel=\"noopener\" title=\"https:\/\/www.liberation.fr\/international\/boualem-sansal-les-coulisses-du-scandale-20250515_7PIMJJ2KTBACNHH2L2B5FGDYAQ\/\">celui de l\u2019\u00e9crivain Boualem Sansal<\/a>, prisonnier depuis huit mois d\u2019un pouvoir alg\u00e9rien enrag\u00e9 contre la France, au point d\u2019avoir rompu toute coop\u00e9ration polici\u00e8re. \u00abC\u2019est lui, le v\u00e9ritable ambassadeur d\u2019Alger\u00bb, dit-on \u00e0 l\u2019Elys\u00e9e et au Quai d\u2019Orsay. Il est la voix du pr\u00e9sident Abdelmadjid Tebboune, qui le convie r\u00e9guli\u00e8rement dans son palais d\u2019El Mouradia. Il a l\u2019oreille d\u2019Emmanuel Macron, qui l\u2019a fait officier de la L\u00e9gion d\u2019honneur et l\u2019a encore convi\u00e9, \u00e0 ses c\u00f4t\u00e9s, fin avril \u00e0 Rome, pour les obs\u00e8ques papales.<\/p>\n<p class=\"sc-ksZaOG ehjQrN text-element\">\u00abChems\u00bb l\u2019appelle le pr\u00e9sident de la R\u00e9publique, comme ceux, nombreux \u2212 politiques, dirigeants, intellectuels, journalistes \u2212 qui c\u00f4toient l\u2019avocat franco-alg\u00e9rien, avec un m\u00e9lange de sympathie et de circonspection. \u00abSur le papier, il est formidable, fin, ouvert, un discours r\u00e9publicain impeccable mais\u2026\u00bb a-t-on entendu cent fois \u00e0 son propos. Ou encore : \u00abC\u2019est un personnage double. M\u00e9fiance.\u00bb<\/p>\n<p class=\"sc-ksZaOG ehjQrN text-element\">Chems-Eddine Hafiz est le recteur de la Grande Mosqu\u00e9e de Paris, cette splendeur de l\u2019art mauresque, \u00e9rig\u00e9e en 1926, au c\u0153ur du Quartier latin, en hommage aux musul<\/p>\n","protected":false},"excerpt":{"rendered":"Il est l\u2019ultime recours, plus rien ne passe entre Alger et Paris. Le messager sur les dossiers br\u00fblants,&hellip;\n","protected":false},"author":2,"featured_media":305276,"comment_status":"","ping_status":"","sticky":false,"template":"","format":"standard","meta":{"footnotes":""},"categories":[1888],"tags":[11,15,14959,1073,1777,674,1011,27,12,3091,626,25],"class_list":{"0":"post-305275","1":"post","2":"type-post","3":"status-publish","4":"format-standard","5":"has-post-thumbnail","7":"category-paris","8":"tag-actualites","9":"tag-algerie","10":"tag-algerie-france-diplomatie","11":"tag-emmanuel-macron","12":"tag-eu","13":"tag-europe","14":"tag-fr","15":"tag-france","16":"tag-news","17":"tag-nicolas-sarkozy","18":"tag-paris","19":"tag-republique-francaise"},"share_on_mastodon":{"url":"https:\/\/pubeurope.com\/@fr\/114993644603946316","error":""},"_links":{"self":[{"href":"https:\/\/www.europesays.com\/fr\/wp-json\/wp\/v2\/posts\/305275","targetHints":{"allow":["GET"]}}],"collection":[{"href":"https:\/\/www.europesays.com\/fr\/wp-json\/wp\/v2\/posts"}],"about":[{"href":"https:\/\/www.europesays.com\/fr\/wp-json\/wp\/v2\/types\/post"}],"author":[{"embeddable":true,"href":"https:\/\/www.europesays.com\/fr\/wp-json\/wp\/v2\/users\/2"}],"replies":[{"embeddable":true,"href":"https:\/\/www.europesays.com\/fr\/wp-json\/wp\/v2\/comments?post=305275"}],"version-history":[{"count":0,"href":"https:\/\/www.europesays.com\/fr\/wp-json\/wp\/v2\/posts\/305275\/revisions"}],"wp:featuredmedia":[{"embeddable":true,"href":"https:\/\/www.europesays.com\/fr\/wp-json\/wp\/v2\/media\/305276"}],"wp:attachment":[{"href":"https:\/\/www.europesays.com\/fr\/wp-json\/wp\/v2\/media?parent=305275"}],"wp:term":[{"taxonomy":"category","embeddable":true,"href":"https:\/\/www.europesays.com\/fr\/wp-json\/wp\/v2\/categories?post=305275"},{"taxonomy":"post_tag","embeddable":true,"href":"https:\/\/www.europesays.com\/fr\/wp-json\/wp\/v2\/tags?post=305275"}],"curies":[{"name":"wp","href":"https:\/\/api.w.org\/{rel}","templated":true}]}}