{"id":305279,"date":"2025-08-08T14:36:28","date_gmt":"2025-08-08T14:36:28","guid":{"rendered":"https:\/\/www.europesays.com\/fr\/305279\/"},"modified":"2025-08-08T14:36:28","modified_gmt":"2025-08-08T14:36:28","slug":"a-quoi-faut-il-sattendre-de-la-rencontre-trump-poutine","status":"publish","type":"post","link":"https:\/\/www.europesays.com\/fr\/305279\/","title":{"rendered":"\u00e0 quoi faut-il s&rsquo;attendre de la rencontre Trump-Poutine ?"},"content":{"rendered":"<p class=\"article-p mdl\">Des retrouvailles six ans apr\u00e8s ?\u00a0<a class=\"link\" href=\"https:\/\/www.rtl.fr\/actu\/international\/guerre-en-ukraine-une-rencontre-entre-trump-et-poutine-aura-lieu-dans-les-prochains-jours-7900528594\" target=\"_blank\" rel=\"noopener\">Donald Trump et Vladimir Poutine<\/a>\u00a0pourraient s&rsquo;entretenir en t\u00eate \u00e0 t\u00eate dans les jours \u00e0 venir pour tenter de mettre fin \u00e0 la guerre en Ukraine. Ce jeudi 7 ao\u00fbt, le pr\u00e9sident am\u00e9ricain s&rsquo;est en effet dit pr\u00eat \u00e0 voir son homologue russe, tandis que le Kremlin a annonc\u00e9 qu&rsquo;un \u00ab\u00a0<strong>accord de principe<\/strong>\u00a0\u00bb pour une rencontre \u00ab\u00a0dans les prochains jours\u00a0\u00bb avait \u00e9t\u00e9 trouv\u00e9.<\/p>\n<p class=\"article-p mdl\">Dans la foul\u00e9e, Vladimir Poutine a affirm\u00e9 &#8211; aux c\u00f4t\u00e9s de son homologue \u00e9mirati qu&rsquo;il recevait \u00e0 Moscou, Mohammed ben Zayed &#8211; que les \u00c9mirats arabes unis pourraient accueillir sa rencontre avec Donald Trump.\u00a0<\/p>\n<p class=\"article-p mdl\">Une possibilit\u00e9 que Washington n&rsquo;a, pour l&rsquo;heure, pas confirm\u00e9. La Maison-Blanche, par la voix d&rsquo;un responsable am\u00e9ricain rest\u00e9 anonyme, a simplement indiqu\u00e9 que le lieu de la r\u00e9union n&rsquo;avait pas encore \u00e9t\u00e9 d\u00e9cid\u00e9 et que celle-ci pourrait intervenir la semaine prochaine.\u00a0<\/p>\n<p>            \u00ab\u00a0Cela va d\u00e9pendre de Poutine\u00a0\u00bb<\/p>\n<p class=\"article-p mdl\">Interrog\u00e9 jeudi au sujet de cette possible rencontre, Donald Trump n&rsquo;a pas \u00e9t\u00e9 plus bavard. Si la derni\u00e8re entrevue entre les deux chefs d&rsquo;\u00c9tat remonte \u00e0 juin 2019, en marge d&rsquo;un sommet du G20 au Japon, le pr\u00e9sident am\u00e9ricain n&rsquo;a eu de cesse de tendre la main \u00e0 Vladimir Poutine depuis son retour \u00e0 la Maison Blanche.\u00a0<\/p>\n<p class=\"article-p mdl\">Mais face au blocage constant des n\u00e9gociations entre Kiev et Moscou, Donald Trump avait fini par lancer un ultimatum au chef du Kremlin sous peine de nouvelles sanctions am\u00e9ricaines. Questionn\u00e9 sur cet ultimatum, qui doit prendre fin ce vendredi 8 ao\u00fbt, le pr\u00e9sident r\u00e9publicain a esquiv\u00e9 : <strong>\u00ab\u00a0Cela va d\u00e9pendre de Poutine, on va voir ce qu&rsquo;il va dire.\u00a0\u00bb<\/strong> \u00ab\u00a0Tr\u00e8s d\u00e9\u00e7u\u00a0\u00bb, a-t-il encha\u00een\u00e9, semblant parler de son homologue russe. En juillet, il s&rsquo;\u00e9tait d\u00e9j\u00e0 dit \u00ab\u00a0d\u00e9\u00e7u\u00a0\u00bb \u00e0 plusieurs reprises par Vladimir Poutine.\u00a0<\/p>\n<p>            Zelensky absent des n\u00e9gociations ?<\/p>\n<p class=\"article-p mdl\">Pour le pr\u00e9sident ukrainien, une rencontre entre lui et Vladimir Poutine est une \u00ab\u00a0priorit\u00e9\u00a0\u00bb. Il estime qu&rsquo;il \u00ab\u00a0est l\u00e9gitime que l&rsquo;Ukraine participe aux n\u00e9gociations\u00a0\u00bb dans un format tripartite. Mais <strong>le dirigeant russe refuse de voir son homologue ukrainien<\/strong>, estimant que les \u00ab\u00a0conditions\u00a0\u00bb ne sont pas r\u00e9unies pour un t\u00eate-\u00e0-t\u00eate.<\/p>\n<p class=\"article-p mdl\">Quant \u00e0 Donald Trump, sa r\u00e9ponse a \u00e9t\u00e9 limpide: sur la question de savoir s&rsquo;il pensait que Vladimir Poutine devait d&rsquo;abord s&rsquo;entretenir avec Volodymyr Zelensky avant de le rencontrer lui, le pr\u00e9sident am\u00e9ricain a r\u00e9pondu \u00ab\u00a0non\u00a0\u00bb.<\/p>\n<p>    La r\u00e9daction vous recommande<\/p>\n<p class=\"s-newsletter__title\">\n                L\u2019actualit\u00e9 par la r\u00e9daction de RTL dans votre bo\u00eete mail.\n            <\/p>\n<p class=\"s-newsletter__subtitle\">\n                Gr\u00e2ce \u00e0 votre compte RTL abonnez-vous \u00e0 la newsletter RTL info pour suivre toute l&rsquo;actualit\u00e9 au quotidien\n            <\/p>\n<p>\n                                    Lire la suite\n                                <\/p>\n","protected":false},"excerpt":{"rendered":"Des retrouvailles six ans apr\u00e8s ?\u00a0Donald Trump et Vladimir Poutine\u00a0pourraient s&rsquo;entretenir en t\u00eate \u00e0 t\u00eate dans les jours&hellip;\n","protected":false},"author":2,"featured_media":305280,"comment_status":"","ping_status":"","sticky":false,"template":"","format":"standard","meta":{"footnotes":""},"categories":[1590],"tags":[11,75,1777,674,107,131,12,220,135,134],"class_list":{"0":"post-305279","1":"post","2":"type-post","3":"status-publish","4":"format-standard","5":"has-post-thumbnail","7":"category-ukraine","8":"tag-actualites","9":"tag-donald-trump","10":"tag-eu","11":"tag-europe","12":"tag-fil-info","13":"tag-guerre-en-ukraine","14":"tag-news","15":"tag-ukraine","16":"tag-vladimir-poutine","17":"tag-volodymyr-zelensky"},"share_on_mastodon":{"url":"https:\/\/pubeurope.com\/@fr\/114993652325459515","error":""},"_links":{"self":[{"href":"https:\/\/www.europesays.com\/fr\/wp-json\/wp\/v2\/posts\/305279","targetHints":{"allow":["GET"]}}],"collection":[{"href":"https:\/\/www.europesays.com\/fr\/wp-json\/wp\/v2\/posts"}],"about":[{"href":"https:\/\/www.europesays.com\/fr\/wp-json\/wp\/v2\/types\/post"}],"author":[{"embeddable":true,"href":"https:\/\/www.europesays.com\/fr\/wp-json\/wp\/v2\/users\/2"}],"replies":[{"embeddable":true,"href":"https:\/\/www.europesays.com\/fr\/wp-json\/wp\/v2\/comments?post=305279"}],"version-history":[{"count":0,"href":"https:\/\/www.europesays.com\/fr\/wp-json\/wp\/v2\/posts\/305279\/revisions"}],"wp:featuredmedia":[{"embeddable":true,"href":"https:\/\/www.europesays.com\/fr\/wp-json\/wp\/v2\/media\/305280"}],"wp:attachment":[{"href":"https:\/\/www.europesays.com\/fr\/wp-json\/wp\/v2\/media?parent=305279"}],"wp:term":[{"taxonomy":"category","embeddable":true,"href":"https:\/\/www.europesays.com\/fr\/wp-json\/wp\/v2\/categories?post=305279"},{"taxonomy":"post_tag","embeddable":true,"href":"https:\/\/www.europesays.com\/fr\/wp-json\/wp\/v2\/tags?post=305279"}],"curies":[{"name":"wp","href":"https:\/\/api.w.org\/{rel}","templated":true}]}}