{"id":305281,"date":"2025-08-08T14:37:11","date_gmt":"2025-08-08T14:37:11","guid":{"rendered":"https:\/\/www.europesays.com\/fr\/305281\/"},"modified":"2025-08-08T14:37:11","modified_gmt":"2025-08-08T14:37:11","slug":"donald-trump-recoit-les-dirigeants-dazerbaidjan-et-darmenie-pour-signer-un-accord-de-paix-historique","status":"publish","type":"post","link":"https:\/\/www.europesays.com\/fr\/305281\/","title":{"rendered":"Donald Trump re\u00e7oit les dirigeants d&rsquo;Azerba\u00efdjan et d&rsquo;Arm\u00e9nie pour signer un accord de paix \u00ab\u00a0historique\u00a0\u00bb"},"content":{"rendered":"<p>L&rsquo;Arm\u00e9nie et l&rsquo;Azerba\u00efdjan vont signer ce vendredi 8 ao\u00fbt \u00e0 Washington un accord de paix qualifi\u00e9 d'\u00a0\u00bbhistorique\u00a0\u00bb par Donald Trump, cens\u00e9 mettre fin au conflit territorial qui les oppose depuis des d\u00e9cennies.<\/p>\n<p>Donald Trump a annonc\u00e9 jeudi 7 ao\u00fbt qu&rsquo;il r\u00e9unirait le lendemain les dirigeants d&rsquo;<a href=\"https:\/\/www.bfmtv.com\/international\/le-premier-ministre-armenien-propose-un-pacte-de-non-agression-a-l-azerbaidjan_AD-202401290037.html\" title=\"Le Premier ministre arm\u00e9nien propose un pacte de non-agression \u00e0 l&#039;Azerba\u00efdjan\" class=\"internal_link\" rel=\"nofollow noopener\" target=\"_blank\">Arm\u00e9nie et d&rsquo;Azerba\u00efdjan<\/a> pour la signature d&rsquo;un accord de paix \u00ab\u00a0historique\u00a0\u00bb, entre ces deux ex-r\u00e9publiques sovi\u00e9tiques engag\u00e9es depuis des d\u00e9cennies dans un conflit territorial.<\/p>\n<blockquote class=\"embed embed_quote\"><p>\u00ab\u00a0Beaucoup de dirigeants ont tent\u00e9 de mettre fin \u00e0 la guerre, sans succ\u00e8s, jusqu&rsquo;\u00e0 maintenant, gr\u00e2ce \u00e0 &lsquo;TRUMP'\u00a0\u00bb, a d\u00e9clar\u00e9 jeudi soir le pr\u00e9sident am\u00e9ricain sur son r\u00e9seau Truth Social.<\/p><\/blockquote>\n<p>Il a pr\u00e9cis\u00e9 qu&rsquo;une \u00ab\u00a0c\u00e9r\u00e9monie de signature de la paix\u00a0\u00bb serait organis\u00e9e lors de ce \u00ab\u00a0sommet historique\u00a0\u00bb avec la participation du pr\u00e9sident azerba\u00efdjanais Ilham Aliev et du Premier ministre arm\u00e9nien Nikol Pachinian.<\/p>\n<p>Un accord bilat\u00e9ral entre les \u00c9tats-Unis et les deux pays<\/p>\n<p>Le pr\u00e9sident am\u00e9ricain accueillera dans un premier temps les deux dirigeants de mani\u00e8re s\u00e9par\u00e9e, et signera avec chacun un accord bilat\u00e9ral entre les \u00c9tats-Unis et leur pays, avant la signature \u00e0 20h15 de l&rsquo;accord tripartite.<\/p>\n<p>Selon la cha\u00eene CBS, le texte octroie aux \u00c9tats-Unis des droits d&rsquo;am\u00e9nagement d&rsquo;un corridor de 43 kilom\u00e8tres en territoire arm\u00e9nien, qui sera appel\u00e9 \u00ab\u00a0Voie Trump pour la paix et la prosp\u00e9rit\u00e9 internationales\u00a0\u00bb ou TRIPP.<\/p>\n<p>Erevan a confirm\u00e9 que le Premier ministre arm\u00e9nien aurait un entretien avec le pr\u00e9sident am\u00e9ricain \u00ab\u00a0afin de renforcer le partenariat strat\u00e9gique entre l&rsquo;Arm\u00e9nie et les \u00c9tats-Unis\u00a0\u00bb, et ajout\u00e9 qu&rsquo;une \u00ab\u00a0r\u00e9union tripartite (&#8230;) avec Donald Trump et le pr\u00e9sident azerba\u00efdjanais (aurait) \u00e9galement lieu afin de contribuer \u00e0 la paix, l&rsquo;\u00e9panouissement et la coop\u00e9ration \u00e9conomique dans la r\u00e9gion\u00a0\u00bb.<\/p>\n<p>La derni\u00e8re rencontre entre Nikol Pachinian et Ilham Aliev, le 10 juillet \u00e0 Abou Dhabi, n&rsquo;a abouti \u00e0 aucun progr\u00e8s tangible en vue d&rsquo;une finalisation de l&rsquo;accord de paix sur lequel les deux \u00c9tats du Caucase s&rsquo;\u00e9taient pourtant entendus en mars apr\u00e8s de tr\u00e8s longues n\u00e9gociations.<\/p>\n<p>Avant toute signature, l&rsquo;Azerba\u00efdjan a pr\u00e9sent\u00e9 une liste d&rsquo;exigences \u00e0 l&rsquo;Arm\u00e9nie, dont l&rsquo;ajout d&rsquo;amendements \u00e0 la Constitution arm\u00e9nienne incluant l&rsquo;abandon de toute revendication territoriale sur la r\u00e9gion contest\u00e9e du Karabakh.<\/p>\n<p>\u00ab\u00a0Un cessez-le-feu ou accord de paix par mois\u00a0\u00bb<\/p>\n<p>Les deux pays se sont affront\u00e9s lors de deux guerres pour le contr\u00f4le de ce territoire montagneux, que l&rsquo;Azerba\u00efdjan a finalement repris aux s\u00e9paratistes arm\u00e9niens lors d&rsquo;une offensive \u00e9clair en 2023.<\/p>\n<p>\u00ab\u00a0Il est plus que temps que Donald Trump re\u00e7oive le prix Nobel de la paix\u00a0\u00bb, avait lanc\u00e9 sa porte-parole, Karoline Leavitt, le 31 juillet pendant son point-presse de routine, suscitant des r\u00e9actions mi-incr\u00e9dules mi-ironiques des opposants au dirigeant r\u00e9publicain.<\/p>\n<p><img decoding=\"async\" src=\"https:\/\/www.europesays.com\/fr\/wp-content\/uploads\/2025\/04\/principale-24_1.png\"  alt=\"Qu'est ce qui oppose l'Arm\u00e9nie et l'Azerba\u00efdjan? \" title=\"Qu'est ce qui oppose l'Arm\u00e9nie et l'Azerba\u00efdjan? \"\/>Qu&rsquo;est ce qui oppose l&rsquo;Arm\u00e9nie et l&rsquo;Azerba\u00efdjan?<\/p>\n<p>Elle a estim\u00e9 que, depuis son retour au pouvoir le 20 janvier, le pr\u00e9sident am\u00e9ricain avait pr\u00e9sid\u00e9 \u00e0 la conclusion \u00ab\u00a0d&rsquo;un cessez-le-feu ou accord de paix par mois\u00a0\u00bb, donnant pour exemples ses m\u00e9diations <a href=\"https:\/\/www.bfmtv.com\/international\/asie\/inde\/l-inde-et-le-pakistan-comptent-plus-de-70-morts-apres-leur-confrontation-recente_AD-202505130423.html\" title=\"L&#039;Inde et le Pakistan comptent plus de 70 morts apr\u00e8s leur confrontation r\u00e9cente\" class=\"internal_link\" rel=\"nofollow noopener\" target=\"_blank\">entre l&rsquo;Inde et le Pakistan<\/a>, le <a href=\"https:\/\/www.bfmtv.com\/international\/asie\/la-thailande-accuse-le-cambodge-de-violation-flagrante-du-cessez-le-feu_AD-202507300195.html\" title=\"La Tha\u00eflande accuse le Cambodge de &quot;violation flagrante&quot; du cessez-le-feu\" class=\"internal_link\" rel=\"nofollow noopener\" target=\"_blank\">Cambodge et la Tha\u00eflande<\/a>, l&rsquo;\u00c9gypte et l&rsquo;\u00c9thiopie, <a href=\"https:\/\/www.bfmtv.com\/international\/amerique-nord\/etats-unis\/video-l-accord-de-paix-entre-le-rwanda-et-la-republique-democratique-du-congo-signe-a-washington_VN-202506270687.html\" title=\"L&#039;accord de paix entre le Rwanda et la R\u00e9publique d\u00e9mocratique du Congo sign\u00e9 \u00e0 Washington\" class=\"internal_link\" rel=\"nofollow noopener\" target=\"_blank\">le Rwanda et la R\u00e9publique d\u00e9mocratique du Congo<\/a>, la Serbie et le Kosovo&#8230;<\/p>\n<p>La liste des candidats n&rsquo;est pas rendue publique par le comit\u00e9 norv\u00e9gien qui d\u00e9cerne la distinction, mais Isra\u00ebl, le Cambodge et le Pakistan ont r\u00e9cemment annonc\u00e9 avoir nomin\u00e9 Donald Trump.<\/p>\n","protected":false},"excerpt":{"rendered":"L&rsquo;Arm\u00e9nie et l&rsquo;Azerba\u00efdjan vont signer ce vendredi 8 ao\u00fbt \u00e0 Washington un accord de paix qualifi\u00e9 d&rsquo;\u00a0\u00bbhistorique\u00a0\u00bb par&hellip;\n","protected":false},"author":2,"featured_media":279772,"comment_status":"","ping_status":"","sticky":false,"template":"","format":"standard","meta":{"footnotes":""},"categories":[1589],"tags":[11,73,1866,12,1864,1865,1863,308],"class_list":{"0":"post-305281","1":"post","2":"type-post","3":"status-publish","4":"format-standard","5":"has-post-thumbnail","7":"category-etats-unis","8":"tag-actualites","9":"tag-etats-unis","10":"tag-etats-unis-damerique","11":"tag-news","12":"tag-united-states","13":"tag-united-states-of-america","14":"tag-us","15":"tag-usa"},"share_on_mastodon":{"url":"https:\/\/pubeurope.com\/@fr\/114993656333690973","error":""},"_links":{"self":[{"href":"https:\/\/www.europesays.com\/fr\/wp-json\/wp\/v2\/posts\/305281","targetHints":{"allow":["GET"]}}],"collection":[{"href":"https:\/\/www.europesays.com\/fr\/wp-json\/wp\/v2\/posts"}],"about":[{"href":"https:\/\/www.europesays.com\/fr\/wp-json\/wp\/v2\/types\/post"}],"author":[{"embeddable":true,"href":"https:\/\/www.europesays.com\/fr\/wp-json\/wp\/v2\/users\/2"}],"replies":[{"embeddable":true,"href":"https:\/\/www.europesays.com\/fr\/wp-json\/wp\/v2\/comments?post=305281"}],"version-history":[{"count":0,"href":"https:\/\/www.europesays.com\/fr\/wp-json\/wp\/v2\/posts\/305281\/revisions"}],"wp:featuredmedia":[{"embeddable":true,"href":"https:\/\/www.europesays.com\/fr\/wp-json\/wp\/v2\/media\/279772"}],"wp:attachment":[{"href":"https:\/\/www.europesays.com\/fr\/wp-json\/wp\/v2\/media?parent=305281"}],"wp:term":[{"taxonomy":"category","embeddable":true,"href":"https:\/\/www.europesays.com\/fr\/wp-json\/wp\/v2\/categories?post=305281"},{"taxonomy":"post_tag","embeddable":true,"href":"https:\/\/www.europesays.com\/fr\/wp-json\/wp\/v2\/tags?post=305281"}],"curies":[{"name":"wp","href":"https:\/\/api.w.org\/{rel}","templated":true}]}}