{"id":305284,"date":"2025-08-08T14:39:28","date_gmt":"2025-08-08T14:39:28","guid":{"rendered":"https:\/\/www.europesays.com\/fr\/305284\/"},"modified":"2025-08-08T14:39:28","modified_gmt":"2025-08-08T14:39:28","slug":"lallemagne-suspend-ses-exportations-darmes-vers-israel-face-a-la-crise-humanitaire-a-gaza","status":"publish","type":"post","link":"https:\/\/www.europesays.com\/fr\/305284\/","title":{"rendered":"L\u2019Allemagne suspend ses exportations d\u2019armes vers Isra\u00ebl face \u00e0 la crise humanitaire \u00e0 Gaza"},"content":{"rendered":"<p>Berlin &#8211; Berlin a amorc\u00e9 vendredi un changement de cap majeur vis-\u00e0-vis d\u2019Isra\u00ebl dont il \u00e9tait jusqu\u2019ici l\u2019un des plus fid\u00e8les alli\u00e9s, en annon\u00e7ant suspendre les exportations d\u2019armes que ce pays pourrait utiliser \u00e0 Gaza.<\/p>\n<p>C\u2019est par cette mesure forte que le gouvernement allemand a r\u00e9agi \u00e0 l\u2019approbation par le cabinet de s\u00e9curit\u00e9 isra\u00e9lien du plan pr\u00e9sent\u00e9 par le Premier ministre Benjamin Netanyahu, visant \u00e0 prendre le contr\u00f4le de la ville de Gaza, d\u00e9vast\u00e9e par la guerre et en proie \u00e0 une crise humanitaire. <\/p>\n<p>Il devient \u00abde plus en plus difficile de comprendre\u00bb en quoi le plan militaire isra\u00e9lien permettrait d\u2019atteindre ses objectifs dans la bande de Gaza, a ass\u00e9n\u00e9 dans un communiqu\u00e9 le chancelier allemand Friedrich Merz.<\/p>\n<p>\u00abDans ces circonstances, le gouvernement allemand n\u2019autorise pas, jusqu&rsquo;\u00e0 nouvel ordre, les exportations d&rsquo;\u00e9quipements militaires susceptibles d&rsquo;\u00eatre utilis\u00e9s dans la bande de Gaza\u00bb, a ajout\u00e9 M. Merz, officiellement parti en vacances mercredi.<\/p>\n<p>Depuis le d\u00e9but de la guerre \u00e0 Gaza, d\u00e9clench\u00e9e par l\u2019attaque du Hamas en octobre 2023, jusqu\u2019au mois de mai de cette ann\u00e9e, Berlin avait autoris\u00e9 l\u2019export d\u2019au moins 485 millions d\u2019euros d\u2019armement vers Isra\u00ebl.<\/p>\n<p>Ces livraisons comprenaient des armes \u00e0 feu, des munitions, des pi\u00e8ces d\u2019armes, des \u00e9quipements sp\u00e9ciaux pour l\u2019arm\u00e9e et la marine, des \u00e9quipements \u00e9lectroniques et des v\u00e9hicules blind\u00e9s sp\u00e9ciaux, selon une r\u00e9ponse r\u00e9cente du gouvernement allemand \u00e0 une demande parlementaire.<\/p>\n<p>Dans le communiqu\u00e9 de vendredi, le chancelier Merz a insist\u00e9 sur la \u00abprofonde inqui\u00e9tude\u00bb du gouvernement allemand face \u00e0 \u00abla souffrance continue de la population civile dans la bande de Gaza\u00bb.<\/p>\n<p>\u00abAvec l\u2019offensive pr\u00e9vue, le gouvernement isra\u00e9lien porte une responsabilit\u00e9 encore plus grande\u00bb en ce qui concerne l\u2019aide aux civils dans le territoire palestinien, a-t-il continu\u00e9, r\u00e9it\u00e9rant son appel en faveur d\u2019un acc\u00e8s complet pour \u00ables organisations de l\u2019ONU et d\u2019autres institutions non gouvernementales\u00bb. <\/p>\n<p>\u00abLe gouvernement allemand demande instamment au gouvernement isra\u00e9lien de ne pas prendre de nouvelles mesures en vue d\u2019annexer la Cisjordanie\u00bb, a ajout\u00e9 le chancelier.<\/p>\n<p> Pression de la soci\u00e9t\u00e9 civile <\/p>\n<p>En raison de sa responsabilit\u00e9 historique vis-\u00e0-vis de l\u2019extermination de six millions de juifs pendant la Seconde Guerre mondiale, l\u2019Allemagne \u00e9tait jusqu\u2019ici avec les Etats-Unis l\u2019un des plus grands soutiens d\u2019Isra\u00ebl. <\/p>\n<p>Ainsi, contrairement \u00e0 la France, au Royaume-Uni et au Canada, elle n\u2019avait pas promis de reconna\u00eetre un Etat palestinien en septembre \u00e0 l\u2019ONU. <\/p>\n<p>Lors d\u2019une visite en Isra\u00ebl la semaine derni\u00e8re, le ministre allemand des Affaires \u00e9trang\u00e8res, Johann Wadephul, avait r\u00e9affirm\u00e9 la position de longue date de Berlin, selon laquelle la reconnaissance ne pourrait intervenir qu\u2019apr\u00e8s un processus de n\u00e9gociation entre Isra\u00ebl et les Palestiniens. <\/p>\n<p>Il avait toutefois ajout\u00e9 que ce processus \u00abdevait commencer rapidement\u00bb. <\/p>\n<p>Berlin s&rsquo;\u00e9tait \u00e9galement oppos\u00e9 \u00e0 la suspension ou \u00e0 la r\u00e9siliation de l\u2019accord d\u2019association UE-Isra\u00ebl, qui faisait l\u2019objet d\u2019un r\u00e9examen par les 27.<\/p>\n<p>Mais devant les souffrances de plus en plus grandes des Palestiniens \u00e0 Gaza, o\u00f9 une \u00e9valuation soutenue par les Nations unies a mis en garde contre la famine, la pression sur le gouvernement de Friedrich Merz s&rsquo;\u00e9tait faite de plus en plus grande au sein de la soci\u00e9t\u00e9 allemande.<\/p>\n<p>Selon un sondage publi\u00e9 jeudi par la cha\u00eene publique ARD, 66% des Allemands attendaient de leur gouvernement qu\u2019il exerce une influence plus grande sur Benjamin Netanyahu, afin de changer la politique isra\u00e9lienne vis-\u00e0-vis de Gaza.<\/p>\n<p>R\u00e9cemment, la presse allemande s&rsquo;\u00e9tait \u00e9galement fait l&rsquo;\u00e9cho de dissensions au sein de la coalition du conservateur Friedrich Merz, certains ministres sociaux-d\u00e9mocrates pr\u00f4nant une attitude plus dure vis-\u00e0-vis du gouvernement isra\u00e9lien.<\/p>\n<p>Vendredi, le vice-chancelier, le social-d\u00e9mocrate Lars Klingbeil, \u00e9galement ministre des Finances, s\u2019est empress\u00e9 de saluer cette \u00abd\u00e9cision juste\u00bb.<\/p>\n<p>\u00abLa souffrance humanitaire \u00e0 Gaza est insupportable\u00bb, a-t-il d\u00e9clar\u00e9.<\/p>\n<p>C\u00e9line LE PRIOUX<\/p>\n<p>\u00a9 Agence France-Presse<\/p>\n","protected":false},"excerpt":{"rendered":"Berlin &#8211; Berlin a amorc\u00e9 vendredi un changement de cap majeur vis-\u00e0-vis d\u2019Isra\u00ebl dont il \u00e9tait jusqu\u2019ici l\u2019un&hellip;\n","protected":false},"author":2,"featured_media":305285,"comment_status":"","ping_status":"","sticky":false,"template":"","format":"standard","meta":{"footnotes":""},"categories":[1587],"tags":[11,672,1804,1805,1803,1777,674,1801,12,1802],"class_list":{"0":"post-305284","1":"post","2":"type-post","3":"status-publish","4":"format-standard","5":"has-post-thumbnail","7":"category-allemagne","8":"tag-actualites","9":"tag-allemagne","10":"tag-bundesrepublik-deutschland","11":"tag-de","12":"tag-deutschland","13":"tag-eu","14":"tag-europe","15":"tag-germany","16":"tag-news","17":"tag-republique-federale-dallemagne"},"share_on_mastodon":{"url":"https:\/\/pubeurope.com\/@fr\/114993664036941147","error":""},"_links":{"self":[{"href":"https:\/\/www.europesays.com\/fr\/wp-json\/wp\/v2\/posts\/305284","targetHints":{"allow":["GET"]}}],"collection":[{"href":"https:\/\/www.europesays.com\/fr\/wp-json\/wp\/v2\/posts"}],"about":[{"href":"https:\/\/www.europesays.com\/fr\/wp-json\/wp\/v2\/types\/post"}],"author":[{"embeddable":true,"href":"https:\/\/www.europesays.com\/fr\/wp-json\/wp\/v2\/users\/2"}],"replies":[{"embeddable":true,"href":"https:\/\/www.europesays.com\/fr\/wp-json\/wp\/v2\/comments?post=305284"}],"version-history":[{"count":0,"href":"https:\/\/www.europesays.com\/fr\/wp-json\/wp\/v2\/posts\/305284\/revisions"}],"wp:featuredmedia":[{"embeddable":true,"href":"https:\/\/www.europesays.com\/fr\/wp-json\/wp\/v2\/media\/305285"}],"wp:attachment":[{"href":"https:\/\/www.europesays.com\/fr\/wp-json\/wp\/v2\/media?parent=305284"}],"wp:term":[{"taxonomy":"category","embeddable":true,"href":"https:\/\/www.europesays.com\/fr\/wp-json\/wp\/v2\/categories?post=305284"},{"taxonomy":"post_tag","embeddable":true,"href":"https:\/\/www.europesays.com\/fr\/wp-json\/wp\/v2\/tags?post=305284"}],"curies":[{"name":"wp","href":"https:\/\/api.w.org\/{rel}","templated":true}]}}