{"id":305286,"date":"2025-08-08T14:40:08","date_gmt":"2025-08-08T14:40:08","guid":{"rendered":"https:\/\/www.europesays.com\/fr\/305286\/"},"modified":"2025-08-08T14:40:08","modified_gmt":"2025-08-08T14:40:08","slug":"effet-dilot-de-chaleur-les-villes-europeennes-deviendront-elles-invivables","status":"publish","type":"post","link":"https:\/\/www.europesays.com\/fr\/305286\/","title":{"rendered":"Effet d&rsquo;\u00eelot de chaleur : les villes europ\u00e9ennes deviendront-elles invivables\u00a0?"},"content":{"rendered":"<p>          <img decoding=\"async\" class=\"c-ad__placeholder__logo\" src=\"https:\/\/static.euronews.com\/website\/images\/logos\/logo-euronews-stacked-outlined-72x72-grey-9.svg\" width=\"72\" height=\"72\" alt=\"\" loading=\"lazy\"\/><br \/>\n          PUBLICIT\u00c9<\/p>\n<p>L&rsquo;\u00e9t\u00e9 2025 a de nouveau \u00e9t\u00e9 marqu\u00e9 par plusieurs vagues de chaleur successives, qui ont touch\u00e9 une grande partie de l&rsquo;Europe.<\/p>\n<p>Les effets de ces conditions m\u00e9t\u00e9orologiques extr\u00eames ne sont nulle part aussi intenses que dans les zones urbaines du continent. Cela est d\u00fb \u00e0 l&rsquo;effet d&rsquo;\u00eelot de chaleur urbain, qui augmente consid\u00e9rablement les temp\u00e9ratures par rapport aux zones rurales environnantes, ce qui intensifie les vagues de chaleur.<\/p>\n<p>\u00ab\u00a0Cet effet d&rsquo;\u00eelot de chaleur urbain touche les villes de toute l&rsquo;Europe, ce qui fait que les temp\u00e9ratures y sont sup\u00e9rieures de deux, trois, voire quatre degr\u00e9s \u00e0 celles des zones rurales\u00a0\u00bb, a expliqu\u00e9 \u00e0 Euronews Niels Souverijns, expert en climatologie au VITO, en Belgique.<\/p>\n<p>Selon les donn\u00e9es du Centre commun de recherche de la Commission europ\u00e9enne, les temp\u00e9ratures de surface dans les villes \u00e9taient parfois sup\u00e9rieures de 10 \u00e0 15\u00b0C \u00e0 celles des zones rurales pendant l&rsquo;\u00e9t\u00e9.<\/p>\n<p>Ces chiffres sont particuli\u00e8rement inqui\u00e9tants compte tenu du grand nombre de personnes touch\u00e9es. Pr\u00e8s de 40 % de la population totale de l&rsquo;Europe vit dans des villes, tandis qu&rsquo;environ 70 % r\u00e9side dans des zones urbaines.<\/p>\n<p>Ce ph\u00e9nom\u00e8ne constitue un probl\u00e8me de sant\u00e9 majeur pour les autorit\u00e9s municipales de toute l&rsquo;Europe. Une \u00e9tude r\u00e9alis\u00e9e par l&rsquo;\u00c9cole nationale de sant\u00e9 publique NOVA au Portugal a r\u00e9v\u00e9l\u00e9 que les admissions \u00e0 l&rsquo;h\u00f4pital avaient augment\u00e9 de 18,9 % par rapport \u00e0 la situation de r\u00e9f\u00e9rence les jours de canicule, ce qui met \u00e0 rude \u00e9preuve les syst\u00e8mes de soins de sant\u00e9.<\/p>\n<p>Les groupes vuln\u00e9rables, comme les personnes \u00e2g\u00e9es et les jeunes enfants, sont particuli\u00e8rement expos\u00e9s. \u00ab\u00a0Les personnes \u00e2g\u00e9es souffrant de probl\u00e8mes de sant\u00e9 sous-jacents, par exemple de maladies respiratoires ou cardiovasculaires, sont les plus touch\u00e9es\u00a0\u00bb,  a pr\u00e9cis\u00e9 l&rsquo;expert en climat.<\/p>\n<p>Comme le ph\u00e9nom\u00e8ne se produit surtout la nuit, les gens ne se refroidissent pas correctement au moment de s&rsquo;endormir, ce qui a \u00e9galement des effets n\u00e9fastes sur la sant\u00e9.<\/p>\n<p>Une jungle de b\u00e9ton et d&rsquo;asphalte<\/p>\n<p>Cet effet d&rsquo;\u00eelot de chaleur urbain est le r\u00e9sultat de plusieurs facteurs, allant de l&rsquo;utilisation g\u00e9n\u00e9ralis\u00e9e de mat\u00e9riaux \u00e0 la concentration de b\u00e2timents et au trafic intense.<\/p>\n<p>\u00ab\u00a0Le fait que la ville soit plus chaude que la zone environnante est d\u00fb aux mat\u00e9riaux utilis\u00e9s dans la ville\u00a0\u00bb, explique \u00e0 Euronews le climatologue Wim Thiery (VUB). Il s&rsquo;agit notamment de l&rsquo;asphalte et du ciment, qui \u00ab\u00a0absorbent la chaleur lorsque le soleil brille, la retiennent et l&rsquo;irradient la nuit\u00a0\u00bb.<\/p>\n<p>Par cons\u00e9quent, pendant la journ\u00e9e, la temp\u00e9rature maximale dans les villes est plus \u00e9lev\u00e9e, mais la nuit, la temp\u00e9rature se refroidit moins.<\/p>\n<p>Les grands b\u00e2timents et les rues \u00e9troites contribuent \u00e9galement \u00e0 ce ph\u00e9nom\u00e8ne, car ils r\u00e9chauffent l&rsquo;air qui est pi\u00e9g\u00e9 entre eux, bloquant le flux naturel du vent qui contribuerait \u00e0 refroidir l&rsquo;air.<\/p>\n<p>Dans de nombreuses villes, cela est particuli\u00e8rement vrai dans les zones urbaines pauvres caract\u00e9ris\u00e9es par une urbanisation dense et parfois non r\u00e9glement\u00e9e. Ce facteur, combin\u00e9 aux mauvaises conditions de logement, au manque d&rsquo;isolation et \u00e0 l&rsquo;acc\u00e8s r\u00e9duit aux options de refroidissement telles que les espaces verts, fait de l&rsquo;effet d&rsquo;\u00eelot de chaleur urbain un probl\u00e8me socio-\u00e9conomique.<\/p>\n<p>\u00ab\u00a0Dans les quartiers plus riches situ\u00e9s juste \u00e0 l&rsquo;ext\u00e9rieur des centres-villes, il y a g\u00e9n\u00e9ralement plus de verdure\u00a0\u00bb, a ajout\u00e9 Wim Thiery. C&rsquo;est le cas \u00e0 Bruxelles, par exemple, o\u00f9 l&rsquo;\u00e9cart de richesse est fortement corr\u00e9l\u00e9 \u00e0 l&rsquo;acc\u00e8s aux espaces naturels, les plus pauvres souffrant d&rsquo;une grave p\u00e9nurie d&rsquo;arbres et de parcs.<\/p>\n<p>Niels Souverijns a fait remarquer que l&rsquo;ampleur de l&rsquo;\u00eelot de chaleur urbain est \u00e9troitement li\u00e9e \u00e0 la taille des villes et \u00e0 la quantit\u00e9 de b\u00e9ton et de b\u00e2timents qui s&rsquo;y trouvent. \u00ab\u00a0Les grandes villes, qui ont plus de b\u00e9ton et de b\u00e2timents, ont donc tendance \u00e0 \u00eatre plus touch\u00e9es.<\/p>\n<p>Enfin, l&rsquo;importance du trafic dans une ville a \u00e9galement un impact. La pollution \u00e9mise par les voitures, par exemple, peut agir comme une sorte de couche de gaz \u00e0 effet de serre au-dessus d&rsquo;une ville, emprisonnant l&rsquo;air chaud.<\/p>\n<p>Des solutions plus durables<\/p>\n<p>Le climatologue Wim Thiery a soulign\u00e9 qu&rsquo;\u00e0 l&rsquo;avenir, l&rsquo;effet d&rsquo;\u00eelot de chaleur urbain devrait s&rsquo;aggraver. \u00ab\u00a0En raison du changement climatique, les temp\u00e9ratures augmentent de plus de 2\u00b0C en g\u00e9n\u00e9ral, les jours de chaleur \u00e9tant plus chauds de 4\u00b0C en Europe\u00a0\u00bb.<\/p>\n<p>Les villes peuvent toutefois adopter une s\u00e9rie de mesures pour contrer l&rsquo;effet d&rsquo;\u00eelot de chaleur urbain. Il s&rsquo;agit notamment de cr\u00e9er des couloirs de vent pour la ventilation, de concevoir des toits et des fa\u00e7ades verts pour les b\u00e2timents, de planter davantage de v\u00e9g\u00e9tation et de faire un meilleur usage de l&rsquo;eau.<\/p>\n<p>\u00ab\u00a0Essentiellement, nous devons redessiner les villes pour \u00e9liminer autant de b\u00e9ton que possible\u00a0\u00bb.<\/p>\n<p>La r\u00e9gion de Bruxelles est particuli\u00e8rement vuln\u00e9rable aux vagues de chaleur par rapport aux autres municipalit\u00e9s belges. La diff\u00e9rence peut aller jusqu&rsquo;\u00e0 10\u00b0 par rapport aux zones rurales.<\/p>\n<p>L&rsquo;une de ses 19 communes, la Ville de Bruxelles, fournit aux habitants des informations suppl\u00e9mentaires sur les pr\u00e9cautions ou les comportements \u00e0 adopter lors des journ\u00e9es chaudes, notamment par le biais de cartes interactives qui leur permettent de trouver des points d&rsquo;eau potable, des mus\u00e9es, des fontaines, des espaces verts ombrag\u00e9s et d&rsquo;autres endroits o\u00f9 ils peuvent se prot\u00e9ger de la chaleur.<\/p>\n<p>\u00ab\u00a0Plus structurellement, nous nous engageons bien s\u00fbr \u00e0 adapter physiquement et \u00e0 am\u00e9liorer notre cadre de vie en plantant des arbres, en adoucissant les surfaces, en rendant les places et les rues plus ombrag\u00e9es et plus vertes, en amenant de l&rsquo;eau dans la ville et en cr\u00e9ant des r\u00e9seaux vert-bleu \u00ab\u00a0, a dit Frederik Ceulemans, \u00e9chevin pour le climat \u00e0 la Ville de Bruxelles.<\/p>\n<p>\u00ab\u00a0Il y a d&rsquo;autres interventions que nous voulons tester bient\u00f4t, comme des structures ombrag\u00e9es, qu&rsquo;elles soient temporaires ou permanentes.\u00a0\u00bb<\/p>\n<p>L&rsquo;adaptation seule est insuffisante<\/p>\n<p>Cependant, les deux experts s&rsquo;accordent \u00e0 dire que l&rsquo;adaptation seule n&rsquo;est pas suffisante. \u00ab\u00a0Nous devons \u00eatre r\u00e9alistes : l&rsquo;impact de l&rsquo;adaptation est limit\u00e9. Tr\u00e8s localement, l\u00e0 o\u00f9 des arbres sont plant\u00e9s, l&rsquo;impact peut \u00eatre perceptible, mais une rue plus loin, il fera \u00e0 nouveau plus chaud\u00a0\u00bb, a expliqu\u00e9 le climatologue.<\/p>\n<p>C&rsquo;est la r\u00e9alit\u00e9 des villes : il n&rsquo;y a pas de place pour des espaces verts suffisants dans les quartiers dens\u00e9ment peupl\u00e9s.<\/p>\n<p>Il a ajout\u00e9 que, si les autorit\u00e9s veulent mettre un terme \u00e0 ce probl\u00e8me, l&rsquo;att\u00e9nuation doit \u00eatre une priorit\u00e9. Niels Souverijns a abond\u00e9 dans le m\u00eame sens. \u00ab\u00a0L&rsquo;effet d&rsquo;\u00eelot de chaleur urbain augmentera \u00e9galement \u00e0 l&rsquo;avenir avec le changement climatique. Il est donc \u00e9galement important de r\u00e9duire nos \u00e9missions le plus rapidement possible.\u00a0\u00bb<\/p>\n<p>Dans la ville de Bruxelles, l&rsquo;accent est mis sur la r\u00e9novation durable des b\u00e2timents, qui repr\u00e9sentent 60 % des \u00e9missions de CO2 dans la r\u00e9gion, ainsi que sur des plans durables pour la mobilit\u00e9 et l&rsquo;\u00e9nergie. La r\u00e9gion a pour objectif de r\u00e9duire les \u00e9missions de CO2 de 55 % d&rsquo;ici \u00e0 2030 et de devenir neutre sur le plan climatique d&rsquo;ici \u00e0 2050.<\/p>\n<p>Si les \u00e9missions de CO2 ne sont pas r\u00e9duites \u00e0 z\u00e9ro, les experts pr\u00e9viennent qu&rsquo;un \u00ab\u00a0tsunami de chaleur\u00a0\u00bb s&rsquo;abattra sur les villes, qui pourraient devenir invivables.<\/p>\n<p>\u00ab\u00a0Nous voyons d\u00e9j\u00e0 ce genre de villes invivables, principalement en Inde et dans les pays proches de l&rsquo;\u00e9quateur. Ici, les gens luttent pour vivre en ville et vaquer \u00e0 leurs occupations quotidiennes\u00a0\u00bb, a ajout\u00e9 Niels Souverijns.<\/p>\n","protected":false},"excerpt":{"rendered":"PUBLICIT\u00c9 L&rsquo;\u00e9t\u00e9 2025 a de nouveau \u00e9t\u00e9 marqu\u00e9 par plusieurs vagues de chaleur successives, qui ont touch\u00e9 une&hellip;\n","protected":false},"author":2,"featured_media":305287,"comment_status":"","ping_status":"","sticky":false,"template":"","format":"standard","meta":{"footnotes":""},"categories":[1586],"tags":[11,6698,4734,1777,674,1011,27,12,25],"class_list":{"0":"post-305286","1":"post","2":"type-post","3":"status-publish","4":"format-standard","5":"has-post-thumbnail","7":"category-europe","8":"tag-actualites","9":"tag-canicule","10":"tag-changement-climatique","11":"tag-eu","12":"tag-europe","13":"tag-fr","14":"tag-france","15":"tag-news","16":"tag-republique-francaise"},"share_on_mastodon":{"url":"https:\/\/pubeurope.com\/@fr\/114993668116641762","error":""},"_links":{"self":[{"href":"https:\/\/www.europesays.com\/fr\/wp-json\/wp\/v2\/posts\/305286","targetHints":{"allow":["GET"]}}],"collection":[{"href":"https:\/\/www.europesays.com\/fr\/wp-json\/wp\/v2\/posts"}],"about":[{"href":"https:\/\/www.europesays.com\/fr\/wp-json\/wp\/v2\/types\/post"}],"author":[{"embeddable":true,"href":"https:\/\/www.europesays.com\/fr\/wp-json\/wp\/v2\/users\/2"}],"replies":[{"embeddable":true,"href":"https:\/\/www.europesays.com\/fr\/wp-json\/wp\/v2\/comments?post=305286"}],"version-history":[{"count":0,"href":"https:\/\/www.europesays.com\/fr\/wp-json\/wp\/v2\/posts\/305286\/revisions"}],"wp:featuredmedia":[{"embeddable":true,"href":"https:\/\/www.europesays.com\/fr\/wp-json\/wp\/v2\/media\/305287"}],"wp:attachment":[{"href":"https:\/\/www.europesays.com\/fr\/wp-json\/wp\/v2\/media?parent=305286"}],"wp:term":[{"taxonomy":"category","embeddable":true,"href":"https:\/\/www.europesays.com\/fr\/wp-json\/wp\/v2\/categories?post=305286"},{"taxonomy":"post_tag","embeddable":true,"href":"https:\/\/www.europesays.com\/fr\/wp-json\/wp\/v2\/tags?post=305286"}],"curies":[{"name":"wp","href":"https:\/\/api.w.org\/{rel}","templated":true}]}}